[{"command":"settings","settings":{"pluralDelimiter":"\u0003","suppressDeprecationErrors":true,"ajaxPageState":{"libraries":"eJxLzi9K1S_ITC4pLUpNy8zJ0UmpzEvMzUyOT80rySypjM_JLC7RL87IL4_PBaoEALH_EqY","theme":"ivory","theme_token":null},"ajaxTrustedUrl":[],"user":{"uid":0,"permissionsHash":"9c975576f1b96e43d31b3ff34c1ca6b53b6096ff14d83974ef00f2d68011e8fb"}},"merge":true},{"command":"add_css","data":[{"rel":"stylesheet","media":"all","href":"\/core\/themes\/stable9\/css\/core\/components\/progress.module.css?te7139"},{"rel":"stylesheet","media":"all","href":"\/core\/themes\/stable9\/css\/core\/components\/ajax-progress.module.css?te7139"},{"rel":"stylesheet","media":"all","href":"\/themes\/contrib\/gin\/dist\/css\/components\/ajax.css?te7139"}]},{"command":"add_js","selector":"body","data":[{"src":"\/core\/assets\/vendor\/jquery\/jquery.min.js?v=4.0.0"},{"src":"\/sites\/default\/files\/js\/js_SOY114GpGVFDIY_6DaBPrQzAWKo6L86xdv-NZ8hIQ-E.js?scope=footer\u0026delta=1\u0026language=de-kl\u0026theme=ivory\u0026include=eJxLqcxLzM1Mjk_NK8ksqYzPySwu0S_OyC-Pz80vSgUAtBcL_w"}]},{"command":"showMoreTeasers","id":"del--paragraph-592367","content":"\u003Ca href=\u0022\/brennstoffe\/pelletmarkt-2025-und-prognose-2026-wachstum-bei-pelletheizungen-und-pelletproduktion\u0022  class=\u0022teaser teaser--standard\u0022 aria-label=\u0022Wachstum bei Pelletheizungen und Pelletproduktion\r\u0022\u003E\n      \u003Cdiv class=\u0022teaser-content--image\u0022\u003E\n        \u003Cfigure class=\u0022image--figure\u0022\u003E\n        \u003Cpicture\u003E\n                        \u003Csource srcset=\u0022\/sites\/default\/files\/styles\/teaser_standard__m\/public\/aurora\/2026\/03\/525540.jpeg.webp?itok=Tuu3LYuj 1x\u0022 media=\u0022(min-width: 48.0625em) and (max-width: 64em)\u0022 type=\u0022image\/webp\u0022 width=\u0022323\u0022 height=\u0022228\u0022\/\u003E\n                  \u003Csource srcset=\u0022\/sites\/default\/files\/styles\/teaser_standard__l\/public\/aurora\/2026\/03\/525540.jpeg.webp?itok=-7V1FH3f 1x\u0022 media=\u0022(min-width: 64.0625em)\u0022 type=\u0022image\/webp\u0022 width=\u0022203\u0022 height=\u0022143\u0022\/\u003E\n                  \u003Csource srcset=\u0022\/sites\/default\/files\/styles\/teaser_standard__m\/public\/aurora\/2026\/03\/525540.jpeg?itok=ISH5zU4J 1x\u0022 media=\u0022(min-width: 48.0625em) and (max-width: 64em)\u0022 type=\u0022image\/jpeg\u0022 width=\u0022323\u0022 height=\u0022228\u0022\/\u003E\n                  \u003Csource srcset=\u0022\/sites\/default\/files\/styles\/teaser_standard__l\/public\/aurora\/2026\/03\/525540.jpeg?itok=pBMsyWC6 1x\u0022 media=\u0022(min-width: 64.0625em)\u0022 type=\u0022image\/jpeg\u0022 width=\u0022203\u0022 height=\u0022143\u0022\/\u003E\n                          \u003Cimg loading=\u0022eager\u0022 data-caption-hide width=\u0022563\u0022 height=\u0022398\u0022 data-zoomed=\u0022https:\/\/www.kl-magazin.de\/sites\/default\/files\/styles\/content__zoomed\/public\/aurora\/2026\/03\/525540.jpeg?itok=vuFXbQox\u0022 src=\u0022\/sites\/default\/files\/styles\/teaser_standard__s\/public\/aurora\/2026\/03\/525540.jpeg?itok=nYdo4DZ0\u0022 title=\u0022Balkendiagramm der Pelletheizungen in Deutschland (2020-2026), aufgeteilt nach Typ und Gesamtzahl in Tausend. - \u00a9 Foto: DEPI\u0022 \/\u003E\n\n    \u003C\/picture\u003E\n      \u003Cfigcaption class=\u0022image--figcaption\u0022\u003E\n          \u003Cdiv class=\u0022copyright\u0022\u003EFoto: DEPI\u003C\/div\u003E\n          \u003C\/figcaption\u003E\n\u003C\/figure\u003E\n\n\n    \u003C\/div\u003E\n    \u003Cdiv class=\u0022teaser-content\u0022\u003E\n                    \u003Cdiv class=\u0022teaser-content--kicker\u0022\u003E\n                    \/\/\/\u2002Pelletmarkt 2025 und Prognose 2026\n        \u003C\/div\u003E\n                                              \n                        \n        \u003Ch4 class=\u0022teaser-content--headline\u0022\u003E\n                                Wachstum bei Pelletheizungen und \n                              \u003Cspan class=\u0022headline-last-word-arrow\u0022\u003EPelletproduktion              \u003Cspan\n                  class=\u0022permission-lock permission-lock-icon--\u0022\u003E\u003C\/span\u003E\n                                  \u003C\/span\u003E\n        \u003C\/h4\u003E\n            \u003Cdiv class=\u0022teaser-content--publishing-date\u0022\u003E\u003Ctime datetime=\u00222026-04-02T13:01:11Z\u0022\u003E02.04.2026\u003C\/time\u003E\n\u003C\/div\u003E\u003Cspan class=\u0022teaser-content--publishing-date-divider\u0022\u003E - \u003C\/span\u003E\u003Cdiv class=\u0022teaser-content--body\u0022\u003E\u003Cp\u003ENach zwei Jahren mit deutlichen Absatzeinbr\u00fcchen zeichnete sich 2025 eine Trendumkehr bei Pelletheizungen ab. Mit 35.000 Kamin\u00f6fen und Heizungen verbucht die Pelletbranche ein leichtes Absatzplus von 14 Prozent. Die f\u00fcr die Klimaziele notwendigen Austauschraten erreicht der W\u00e4rmemarkt immer noch nicht. Die Anpassungen am \u201eGeb\u00e4udemodernisierungsgesetz\u201c (GMG) scheinen kein deutlicher Impulsgeber f\u00fcr den erneuerbaren Heizungsmarkt zu sein. Der Deutsche Energieholz- und Pellet-Verband (DEPV) rechnet f\u00fcr 2026 daher weiterhin nur mit einem niedrigen Zubau.\u003C\/p\u003E\n\u003C\/div\u003E\n                        \u003Cspan class=\u0022read-more-arrow-container\u0022\u003E\n            \u003Cspan class=\u0022read-more-angled-arrow\u0022\u003E \u003C\/span\u003E\n          \u003C\/span\u003E\n                  \u003C\/div\u003E\n    \u003C\/a\u003E\n\u003Ca href=\u0022\/brennstoffe\/saisonale-bewegung-am-pelletmarkt-pelletpreis-zieht-im-november\u0022  class=\u0022teaser teaser--standard\u0022 aria-label=\u0022Pelletpreis zieht im November an\u0022\u003E\n      \u003Cdiv class=\u0022teaser-content--image\u0022\u003E\n        \u003Cfigure class=\u0022image--figure\u0022\u003E\n        \u003Cpicture\u003E\n                        \u003Csource srcset=\u0022\/sites\/default\/files\/styles\/teaser_standard__m\/public\/aurora\/2025\/11\/496325.jpeg.webp?itok=r2orEEQR 1x\u0022 media=\u0022(min-width: 48.0625em) and (max-width: 64em)\u0022 type=\u0022image\/webp\u0022 width=\u0022323\u0022 height=\u0022224\u0022\/\u003E\n                  \u003Csource srcset=\u0022\/sites\/default\/files\/styles\/teaser_standard__l\/public\/aurora\/2025\/11\/496325.jpeg.webp?itok=kyxDi7C2 1x\u0022 media=\u0022(min-width: 64.0625em)\u0022 type=\u0022image\/webp\u0022 width=\u0022203\u0022 height=\u0022141\u0022\/\u003E\n                  \u003Csource srcset=\u0022\/sites\/default\/files\/styles\/teaser_standard__m\/public\/aurora\/2025\/11\/496325.jpeg?itok=t4kPbCE6 1x\u0022 media=\u0022(min-width: 48.0625em) and (max-width: 64em)\u0022 type=\u0022image\/jpeg\u0022 width=\u0022323\u0022 height=\u0022224\u0022\/\u003E\n                  \u003Csource srcset=\u0022\/sites\/default\/files\/styles\/teaser_standard__l\/public\/aurora\/2025\/11\/496325.jpeg?itok=AVbZE2HW 1x\u0022 media=\u0022(min-width: 64.0625em)\u0022 type=\u0022image\/jpeg\u0022 width=\u0022203\u0022 height=\u0022141\u0022\/\u003E\n                          \u003Cimg loading=\u0022eager\u0022 data-caption-hide width=\u0022575\u0022 height=\u0022398\u0022 data-zoomed=\u0022https:\/\/www.kl-magazin.de\/sites\/default\/files\/styles\/content__zoomed\/public\/aurora\/2025\/11\/496325.jpeg?itok=mAAOSX7R\u0022 src=\u0022\/sites\/default\/files\/styles\/teaser_standard__s\/public\/aurora\/2025\/11\/496325.jpeg?itok=MxfX4imr\u0022 title=\u0022Liniendiagramm der Brennstoffkosten in Deutschland (Heiz\u00f6l, Gas, Pellets) von Oktober 2024 bis November 2025, in Cent\/kWh. - \u00a9 DEPI\u0022 \/\u003E\n\n    \u003C\/picture\u003E\n      \u003Cfigcaption class=\u0022image--figcaption\u0022\u003E\n          \u003Cdiv class=\u0022copyright\u0022\u003EDEPI\u003C\/div\u003E\n          \u003C\/figcaption\u003E\n\u003C\/figure\u003E\n\n\n    \u003C\/div\u003E\n    \u003Cdiv class=\u0022teaser-content\u0022\u003E\n                    \u003Cdiv class=\u0022teaser-content--kicker\u0022\u003E\n                    Saisonale Bewegung am Pelletmarkt \n        \u003C\/div\u003E\n                                              \n                        \n        \u003Ch4 class=\u0022teaser-content--headline\u0022\u003E\n                                Pelletpreis zieht im November \n                              \u003Cspan class=\u0022headline-last-word-arrow\u0022\u003Ean                      \u003C\/span\u003E\n        \u003C\/h4\u003E\n            \u003Cdiv class=\u0022teaser-content--publishing-date\u0022\u003E\u003Ctime datetime=\u00222025-11-24T16:00:16Z\u0022\u003E24.11.2025\u003C\/time\u003E\n\u003C\/div\u003E\u003Cspan class=\u0022teaser-content--publishing-date-divider\u0022\u003E - \u003C\/span\u003E\u003Cdiv class=\u0022teaser-content--body\u0022\u003E\u003Cp\u003EDer Preis f\u00fcr Holzpellets ist im November saisonbedingt weiter gestiegen. So kostet eine Tonne (t) Pellets laut Zahlen des Deutschen Pelletinstituts (DEPI) im Durchschnitt 392,62 Euro bei 6 t Abnahmemenge. Die Kilowattstunde klimafreundliche Holzenergie kostet zum aktuellen Zeitpunkt 7,85 Cent. Das sind 7,2 Prozent mehr als im Vormonat. Zu Heiz\u00f6l betr\u00e4gt der Preisvorteil aktuell 17,2 Prozent.\u003C\/p\u003E\n\u003C\/div\u003E\n                        \u003Cspan class=\u0022read-more-arrow-container\u0022\u003E\n            \u003Cspan class=\u0022read-more-angled-arrow\u0022\u003E \u003C\/span\u003E\n          \u003C\/span\u003E\n                  \u003C\/div\u003E\n    \u003C\/a\u003E\n\u003Ca href=\u0022\/brennstoffe\/sommer-ist-wartungszeit-pelletpreis-bleibt-im-juli-stabil\u0022  class=\u0022teaser teaser--standard\u0022 aria-label=\u0022Pelletpreis bleibt im Juli stabil\u0022\u003E\n      \u003Cdiv class=\u0022teaser-content--image\u0022\u003E\n        \u003Cfigure class=\u0022image--figure\u0022\u003E\n        \u003Cpicture\u003E\n                        \u003Csource srcset=\u0022\/sites\/default\/files\/styles\/teaser_standard__m\/public\/aurora\/2025\/07\/464243.jpeg.webp?itok=Gz1xyWp0 1x\u0022 media=\u0022(min-width: 48.0625em) and (max-width: 64em)\u0022 type=\u0022image\/webp\u0022 width=\u0022323\u0022 height=\u0022224\u0022\/\u003E\n                  \u003Csource srcset=\u0022\/sites\/default\/files\/styles\/teaser_standard__l\/public\/aurora\/2025\/07\/464243.jpeg.webp?itok=TYaMj5jl 1x\u0022 media=\u0022(min-width: 64.0625em)\u0022 type=\u0022image\/webp\u0022 width=\u0022203\u0022 height=\u0022141\u0022\/\u003E\n                  \u003Csource srcset=\u0022\/sites\/default\/files\/styles\/teaser_standard__m\/public\/aurora\/2025\/07\/464243.jpeg?itok=6VT-6uq9 1x\u0022 media=\u0022(min-width: 48.0625em) and (max-width: 64em)\u0022 type=\u0022image\/jpeg\u0022 width=\u0022323\u0022 height=\u0022224\u0022\/\u003E\n                  \u003Csource srcset=\u0022\/sites\/default\/files\/styles\/teaser_standard__l\/public\/aurora\/2025\/07\/464243.jpeg?itok=-7OIaTUW 1x\u0022 media=\u0022(min-width: 64.0625em)\u0022 type=\u0022image\/jpeg\u0022 width=\u0022203\u0022 height=\u0022141\u0022\/\u003E\n                          \u003Cimg loading=\u0022eager\u0022 data-caption-hide width=\u0022575\u0022 height=\u0022398\u0022 data-zoomed=\u0022https:\/\/www.kl-magazin.de\/sites\/default\/files\/styles\/content__zoomed\/public\/aurora\/2025\/07\/464243.jpeg?itok=zWkVPKZR\u0022 src=\u0022\/sites\/default\/files\/styles\/teaser_standard__s\/public\/aurora\/2025\/07\/464243.jpeg?itok=duuOt_yn\u0022 title=\u0022Liniendiagramm der Preise f\u00fcr Heiz\u00f6l, Gas und Pellets in Deutschland von Juni 2024 bis Juli 2025 in ct\/kWh. - \u00a9 DEPI\u0022 \/\u003E\n\n    \u003C\/picture\u003E\n      \u003Cfigcaption class=\u0022image--figcaption\u0022\u003E\n          \u003Cdiv class=\u0022copyright\u0022\u003EDEPI\u003C\/div\u003E\n          \u003C\/figcaption\u003E\n\u003C\/figure\u003E\n\n\n    \u003C\/div\u003E\n    \u003Cdiv class=\u0022teaser-content\u0022\u003E\n                    \u003Cdiv class=\u0022teaser-content--kicker\u0022\u003E\n                    Sommer ist Wartungszeit\n        \u003C\/div\u003E\n                                              \n                        \n        \u003Ch4 class=\u0022teaser-content--headline\u0022\u003E\n                                Pelletpreis bleibt im Juli \n                              \u003Cspan class=\u0022headline-last-word-arrow\u0022\u003Estabil                      \u003C\/span\u003E\n        \u003C\/h4\u003E\n            \u003Cdiv class=\u0022teaser-content--publishing-date\u0022\u003E\u003Ctime datetime=\u00222025-07-20T16:30:32Z\u0022\u003E20.07.2025\u003C\/time\u003E\n\u003C\/div\u003E\u003Cspan class=\u0022teaser-content--publishing-date-divider\u0022\u003E - \u003C\/span\u003E\u003Cdiv class=\u0022teaser-content--body\u0022\u003E\u003Cp\u003ELaut dem Deutschen Pelletinstitut (DEPI) kostet eine Tonne Holzpellets derzeit 302,69 Euro. Damit hat sich der Preis zum Vormonat Juni kaum ver\u00e4ndert (Juni 302,45 Euro). Er bewegt sich auf einem f\u00fcr den Sommer \u00fcblichen Niveau. Jetzt ist der ideale Zeitpunkt, um die Heizungsanlage und Lager von Experten warten und reinigen zu lassen. F\u00fcr eine Kilowattstunde W\u00e4rme aus Pellets zahlen Verbraucher derzeit 6,05 Cent. Der Preisvorteil gegen\u00fcber Heiz\u00f6l sinkt leicht auf rund 34\u202fProzent.\u003C\/p\u003E\n\u003C\/div\u003E\n                        \u003Cspan class=\u0022read-more-arrow-container\u0022\u003E\n            \u003Cspan class=\u0022read-more-angled-arrow\u0022\u003E \u003C\/span\u003E\n          \u003C\/span\u003E\n                  \u003C\/div\u003E\n    \u003C\/a\u003E\n\u003Ca href=\u0022\/brennstoffe\/aktuelle-broschuere-holz-die-zukunftsenergie\u0022  class=\u0022teaser teaser--standard\u0022 aria-label=\u0022Holz \u2013 die Zukunftsenergie\u0022\u003E\n      \u003Cdiv class=\u0022teaser-content--image\u0022\u003E\n        \u003Cfigure class=\u0022image--figure\u0022\u003E\n        \u003Cpicture\u003E\n                        \u003Csource srcset=\u0022\/sites\/default\/files\/styles\/teaser_standard__m\/public\/aurora\/2025\/04\/439767.png.webp?itok=iQ2b68jg 1x\u0022 media=\u0022(min-width: 48.0625em) and (max-width: 64em)\u0022 type=\u0022image\/webp\u0022 width=\u0022174\u0022 height=\u0022242\u0022\/\u003E\n                  \u003Csource srcset=\u0022\/sites\/default\/files\/styles\/teaser_standard__l\/public\/aurora\/2025\/04\/439767.png.webp?itok=qPUM6FHF 1x\u0022 media=\u0022(min-width: 64.0625em)\u0022 type=\u0022image\/webp\u0022 width=\u0022109\u0022 height=\u0022152\u0022\/\u003E\n                  \u003Csource srcset=\u0022\/sites\/default\/files\/styles\/teaser_standard__m\/public\/aurora\/2025\/04\/439767.png?itok=mRWwdXBu 1x\u0022 media=\u0022(min-width: 48.0625em) and (max-width: 64em)\u0022 type=\u0022image\/png\u0022 width=\u0022174\u0022 height=\u0022242\u0022\/\u003E\n                  \u003Csource srcset=\u0022\/sites\/default\/files\/styles\/teaser_standard__l\/public\/aurora\/2025\/04\/439767.png?itok=cYLHZO0I 1x\u0022 media=\u0022(min-width: 64.0625em)\u0022 type=\u0022image\/png\u0022 width=\u0022109\u0022 height=\u0022152\u0022\/\u003E\n                          \u003Cimg alt=\u0022Umfassende Informationen zum Thema Holz erhalten Sie in dieser Brosch\u00fcre.\u0022 loading=\u0022eager\u0022 data-caption-hide width=\u0022286\u0022 height=\u0022398\u0022 data-zoomed=\u0022https:\/\/www.kl-magazin.de\/sites\/default\/files\/styles\/content__zoomed\/public\/aurora\/2025\/04\/439767.png?itok=zwkbphAT\u0022 src=\u0022\/sites\/default\/files\/styles\/teaser_standard__s\/public\/aurora\/2025\/04\/439767.png?itok=ox6ybagE\u0022 title=\u0022\u00a9 GVOB\u0022 \/\u003E\n\n    \u003C\/picture\u003E\n      \u003Cfigcaption class=\u0022image--figcaption\u0022\u003E\n          \u003Cdiv class=\u0022copyright\u0022\u003EGVOB\u003C\/div\u003E\n          \u003C\/figcaption\u003E\n\u003C\/figure\u003E\n\n\n    \u003C\/div\u003E\n    \u003Cdiv class=\u0022teaser-content\u0022\u003E\n                    \u003Cdiv class=\u0022teaser-content--kicker\u0022\u003E\n                    Aktuelle Brosch\u00fcre\n        \u003C\/div\u003E\n                                              \n                        \n        \u003Ch4 class=\u0022teaser-content--headline\u0022\u003E\n                                Holz \u2013 die \n                              \u003Cspan class=\u0022headline-last-word-arrow\u0022\u003EZukunftsenergie                      \u003C\/span\u003E\n        \u003C\/h4\u003E\n            \u003Cdiv class=\u0022teaser-content--publishing-date\u0022\u003E\u003Ctime datetime=\u00222025-04-10T09:05:26Z\u0022\u003E10.04.2025\u003C\/time\u003E\n\u003C\/div\u003E\u003Cspan class=\u0022teaser-content--publishing-date-divider\u0022\u003E - \u003C\/span\u003E\u003Cdiv class=\u0022teaser-content--body\u0022\u003E\u003Cp\u003EDie Brosch\u00fcre des GesamtVerband OfenBau e.V. (GVOB) informiert umfassend und fundiert \u00fcber das Potenzial von Holz als umweltfreundliche, regenerative und CO\u003Csub\u003E2\u003C\/sub\u003E-neutrale W\u00e4rmequelle.\u003C\/p\u003E\n\u003C\/div\u003E\n                        \u003Cspan class=\u0022read-more-arrow-container\u0022\u003E\n            \u003Cspan class=\u0022read-more-angled-arrow\u0022\u003E \u003C\/span\u003E\n          \u003C\/span\u003E\n                  \u003C\/div\u003E\n    \u003C\/a\u003E\n\u003Ca href=\u0022\/brennstoffe\/brennholz-vom-forstamt-80-euro-pro-festmeter-im-bundesweiten-durchschnitt\u0022  class=\u0022teaser teaser--standard\u0022 aria-label=\u002280 Euro pro Festmeter im bundesweiten Durchschnitt\u0022\u003E\n      \u003Cdiv class=\u0022teaser-content--image\u0022\u003E\n        \u003Cfigure class=\u0022image--figure\u0022\u003E\n        \u003Cpicture\u003E\n                        \u003Csource srcset=\u0022\/sites\/default\/files\/styles\/teaser_standard__m\/public\/aurora\/2025\/03\/429305.jpeg.webp?itok=HndMkUKy 1x\u0022 media=\u0022(min-width: 48.0625em) and (max-width: 64em)\u0022 type=\u0022image\/webp\u0022 width=\u0022323\u0022 height=\u0022197\u0022\/\u003E\n                  \u003Csource srcset=\u0022\/sites\/default\/files\/styles\/teaser_standard__l\/public\/aurora\/2025\/03\/429305.jpeg.webp?itok=G7By4o0M 1x\u0022 media=\u0022(min-width: 64.0625em)\u0022 type=\u0022image\/webp\u0022 width=\u0022203\u0022 height=\u0022124\u0022\/\u003E\n                  \u003Csource srcset=\u0022\/sites\/default\/files\/styles\/teaser_standard__m\/public\/aurora\/2025\/03\/429305.jpeg?itok=F5LsinxM 1x\u0022 media=\u0022(min-width: 48.0625em) and (max-width: 64em)\u0022 type=\u0022image\/jpeg\u0022 width=\u0022323\u0022 height=\u0022197\u0022\/\u003E\n                  \u003Csource srcset=\u0022\/sites\/default\/files\/styles\/teaser_standard__l\/public\/aurora\/2025\/03\/429305.jpeg?itok=UMkBu5oz 1x\u0022 media=\u0022(min-width: 64.0625em)\u0022 type=\u0022image\/jpeg\u0022 width=\u0022203\u0022 height=\u0022124\u0022\/\u003E\n                          \u003Cimg alt=\u0022\u00a0Brennholz aus deutschen Forsten f\u00e4llt bei der Waldpflege und der Beseitigung von Sturmsch\u00e4den an. Die minderwertigen oder besch\u00e4digten St\u00e4mme werden regional vermarktet.\u0022 loading=\u0022eager\u0022 data-caption-hide width=\u0022651\u0022 height=\u0022398\u0022 data-zoomed=\u0022https:\/\/www.kl-magazin.de\/sites\/default\/files\/styles\/content__zoomed\/public\/aurora\/2025\/03\/429305.jpeg?itok=d8dBL0z8\u0022 src=\u0022\/sites\/default\/files\/styles\/teaser_standard__s\/public\/aurora\/2025\/03\/429305.jpeg?itok=A9IQagbj\u0022 title=\u0022\u00a9 HKI\u0022 \/\u003E\n\n    \u003C\/picture\u003E\n      \u003Cfigcaption class=\u0022image--figcaption\u0022\u003E\n          \u003Cdiv class=\u0022copyright\u0022\u003EHKI\u003C\/div\u003E\n          \u003C\/figcaption\u003E\n\u003C\/figure\u003E\n\n\n    \u003C\/div\u003E\n    \u003Cdiv class=\u0022teaser-content\u0022\u003E\n                    \u003Cdiv class=\u0022teaser-content--kicker\u0022\u003E\n                    Brennholz vom Forstamt\n        \u003C\/div\u003E\n                                              \n                        \n        \u003Ch4 class=\u0022teaser-content--headline\u0022\u003E\n                                80 Euro pro Festmeter im bundesweiten \n                              \u003Cspan class=\u0022headline-last-word-arrow\u0022\u003EDurchschnitt                      \u003C\/span\u003E\n        \u003C\/h4\u003E\n            \u003Cdiv class=\u0022teaser-content--publishing-date\u0022\u003E\u003Ctime datetime=\u00222025-03-03T12:49:05Z\u0022\u003E03.03.2025\u003C\/time\u003E\n\u003C\/div\u003E\u003Cspan class=\u0022teaser-content--publishing-date-divider\u0022\u003E - \u003C\/span\u003E\u003Cdiv class=\u0022teaser-content--body\u0022\u003E\u003Cp\u003ENach zwei Jahren hoher Nachfrage nach Brennholz aufgrund der Gaskrise hat der Bedarf nachgelassen und ist wieder auf einem normalen Niveau. Daher k\u00f6nnen die Forst\u00e4mter in diesem Jahr die privaten Haushalte wieder in vollem Umfang bedienen. Der Festmeterpreis f\u00fcr Selbstabholer bewegt sich bundesweit aktuell zwischen 77 und 85 Euro f\u00fcr Hartholz wie Buche oder Eiche. Mit einem Durchschnitt von 80 Euro ist der Preis gegen\u00fcber dem Vorjahr sogar leicht gesunken. Das sind die Ergebnisse der Umfrage, die allj\u00e4hrlich vom HKI Industrieverband Haus-, Heiz- und K\u00fcchentechnik e.V. durchgef\u00fchrt wird. Im Rahmen der Erhebung werden 30 staatliche Forst\u00e4mter telefonisch befragt.\u003C\/p\u003E\n\u003C\/div\u003E\n                        \u003Cspan class=\u0022read-more-arrow-container\u0022\u003E\n            \u003Cspan class=\u0022read-more-angled-arrow\u0022\u003E \u003C\/span\u003E\n          \u003C\/span\u003E\n                  \u003C\/div\u003E\n    \u003C\/a\u003E\n\u003Ca href=\u0022\/brennstoffe\/waermeversorgung-im-privaten-haushalt-gute-gruende-fuer-den-einsatz-von-brennholz\u0022  class=\u0022teaser teaser--standard\u0022 aria-label=\u0022 Gute Gr\u00fcnde f\u00fcr den Einsatz von Brennholz\u0022\u003E\n      \u003Cdiv class=\u0022teaser-content--image\u0022\u003E\n        \u003Cfigure class=\u0022image--figure\u0022\u003E\n        \u003Cpicture\u003E\n                        \u003Csource srcset=\u0022\/sites\/default\/files\/styles\/teaser_standard__m\/public\/aurora\/2025\/02\/424914.jpeg.webp?itok=rJFl3n6C 1x\u0022 media=\u0022(min-width: 48.0625em) and (max-width: 64em)\u0022 type=\u0022image\/webp\u0022 width=\u0022323\u0022 height=\u0022228\u0022\/\u003E\n                  \u003Csource srcset=\u0022\/sites\/default\/files\/styles\/teaser_standard__l\/public\/aurora\/2025\/02\/424914.jpeg.webp?itok=FfrqIomM 1x\u0022 media=\u0022(min-width: 64.0625em)\u0022 type=\u0022image\/webp\u0022 width=\u0022203\u0022 height=\u0022144\u0022\/\u003E\n                  \u003Csource srcset=\u0022\/sites\/default\/files\/styles\/teaser_standard__m\/public\/aurora\/2025\/02\/424914.jpeg?itok=3hknyc2m 1x\u0022 media=\u0022(min-width: 48.0625em) and (max-width: 64em)\u0022 type=\u0022image\/jpeg\u0022 width=\u0022323\u0022 height=\u0022228\u0022\/\u003E\n                  \u003Csource srcset=\u0022\/sites\/default\/files\/styles\/teaser_standard__l\/public\/aurora\/2025\/02\/424914.jpeg?itok=l11x_MjZ 1x\u0022 media=\u0022(min-width: 64.0625em)\u0022 type=\u0022image\/jpeg\u0022 width=\u0022203\u0022 height=\u0022144\u0022\/\u003E\n                          \u003Cimg alt=\u0022Zukunftssicheres Heizen mit Holz aus der Region entlastet die Umwelt\u0022 loading=\u0022eager\u0022 data-caption-hide width=\u0022563\u0022 height=\u0022398\u0022 data-zoomed=\u0022https:\/\/www.kl-magazin.de\/sites\/default\/files\/styles\/content__zoomed\/public\/aurora\/2025\/02\/424914.jpeg?itok=uuc7bAlw\u0022 src=\u0022\/sites\/default\/files\/styles\/teaser_standard__s\/public\/aurora\/2025\/02\/424914.jpeg?itok=W7PaWVhN\u0022 title=\u0022\u00a9 HKI\u0022 \/\u003E\n\n    \u003C\/picture\u003E\n      \u003Cfigcaption class=\u0022image--figcaption\u0022\u003E\n          \u003Cdiv class=\u0022copyright\u0022\u003EHKI\u003C\/div\u003E\n          \u003C\/figcaption\u003E\n\u003C\/figure\u003E\n\n\n    \u003C\/div\u003E\n    \u003Cdiv class=\u0022teaser-content\u0022\u003E\n                    \u003Cdiv class=\u0022teaser-content--kicker\u0022\u003E\n                    W\u00e4rmeversorgung im privaten Haushalt\n        \u003C\/div\u003E\n                                              \n                        \n        \u003Ch4 class=\u0022teaser-content--headline\u0022\u003E\n                                Gute Gr\u00fcnde f\u00fcr den Einsatz von \n                              \u003Cspan class=\u0022headline-last-word-arrow\u0022\u003EBrennholz                      \u003C\/span\u003E\n        \u003C\/h4\u003E\n            \u003Cdiv class=\u0022teaser-content--publishing-date\u0022\u003E\u003Ctime datetime=\u00222025-02-16T15:20:25Z\u0022\u003E16.02.2025\u003C\/time\u003E\n\u003C\/div\u003E\u003Cspan class=\u0022teaser-content--publishing-date-divider\u0022\u003E - \u003C\/span\u003E\u003Cdiv class=\u0022teaser-content--body\u0022\u003E\u003Cp\u003EDie Wahl der richtigen Heizmethode ist f\u00fcr viele Immobilienbesitzer eine wichtige Entscheidung. Jetzt und in Zukunft. W\u00e4hrend fossile W\u00e4rmetr\u00e4ger wie \u00d6l und Gas lange Zeit als Standard galten, stehen heute erneuerbare Energien im Mittelpunkt. Brennholz z\u00e4hlt wie Sonne und Windkraft zu den regenerativen Energien und spielt insbesondere im W\u00e4rmemarkt eine wesentliche Rolle. So wird bereits 16 Prozent der W\u00e4rmeenergie in den deutschen Privathaushalten mit erneuerbaren Energien erzeugt. Davon lassen sich rund 65 Prozent der Holzenergie zurechnen. Insbesondere in der \u00dcbergangszeit und an kalten Tagen k\u00f6nnen Einzelraumfeuerst\u00e4tten wie Kamin-, Kachel- Pellet\u00f6fen und Heizkamine zum Einsatz kommen. Der HKI Industrieverband Haus-, Heiz- und K\u00fcchentechnik e.V. hat daher Argumente f\u00fcr das Heizen mit Holz zusammengestellt.\u003C\/p\u003E\n\u003C\/div\u003E\n                        \u003Cspan class=\u0022read-more-arrow-container\u0022\u003E\n            \u003Cspan class=\u0022read-more-angled-arrow\u0022\u003E \u003C\/span\u003E\n          \u003C\/span\u003E\n                  \u003C\/div\u003E\n    \u003C\/a\u003E\n\u003Ca href=\u0022\/brennstoffe\/holzpellets-kostenguenstig-durch-die-kalte-jahreszeit-winter-pelletpreis-auf-normalem\u0022  class=\u0022teaser teaser--standard\u0022 aria-label=\u0022Winter-Pelletpreis auf normalem Niveau\u00a0\u0022\u003E\n      \u003Cdiv class=\u0022teaser-content--image\u0022\u003E\n        \u003Cfigure class=\u0022image--figure\u0022\u003E\n        \u003Cpicture\u003E\n                        \u003Csource srcset=\u0022\/sites\/default\/files\/styles\/teaser_standard__m\/public\/aurora\/2025\/01\/417108.png.webp?itok=fe7W7B4d 1x\u0022 media=\u0022(min-width: 48.0625em) and (max-width: 64em)\u0022 type=\u0022image\/webp\u0022 width=\u0022323\u0022 height=\u0022225\u0022\/\u003E\n                  \u003Csource srcset=\u0022\/sites\/default\/files\/styles\/teaser_standard__l\/public\/aurora\/2025\/01\/417108.png.webp?itok=9vAm-iQd 1x\u0022 media=\u0022(min-width: 64.0625em)\u0022 type=\u0022image\/webp\u0022 width=\u0022203\u0022 height=\u0022141\u0022\/\u003E\n                  \u003Csource srcset=\u0022\/sites\/default\/files\/styles\/teaser_standard__m\/public\/aurora\/2025\/01\/417108.png?itok=AUYCXvkg 1x\u0022 media=\u0022(min-width: 48.0625em) and (max-width: 64em)\u0022 type=\u0022image\/png\u0022 width=\u0022323\u0022 height=\u0022225\u0022\/\u003E\n                  \u003Csource srcset=\u0022\/sites\/default\/files\/styles\/teaser_standard__l\/public\/aurora\/2025\/01\/417108.png?itok=SSYzNwcf 1x\u0022 media=\u0022(min-width: 64.0625em)\u0022 type=\u0022image\/png\u0022 width=\u0022203\u0022 height=\u0022141\u0022\/\u003E\n                          \u003Cimg loading=\u0022eager\u0022 data-caption-hide width=\u0022571\u0022 height=\u0022398\u0022 data-zoomed=\u0022https:\/\/www.kl-magazin.de\/sites\/default\/files\/styles\/content__zoomed\/public\/aurora\/2025\/01\/417108.png?itok=5hP5V2pA\u0022 src=\u0022\/sites\/default\/files\/styles\/teaser_standard__s\/public\/aurora\/2025\/01\/417108.png?itok=0IQVgjuc\u0022 title=\u0022Alt-Text: \u201eLiniengrafik zur Darstellung der Brennstoffkostenentwicklung in Deutschland f\u00fcr \u00d6l, Gas und Pellets von Dezember 2023 bis Januar 2025, mit Schwerpunkt auf preislichen Trends zur F\u00f6rderung energieeffizienter und emissionsarmer Heizl\u00f6sungen f\u00fcr Fachbetriebe und Entscheider im Ofen- und Luftheizungsbau.\u201c\n\n. - \u00a9 DEPI\u0022 \/\u003E\n\n    \u003C\/picture\u003E\n      \u003Cfigcaption class=\u0022image--figcaption\u0022\u003E\n          \u003Cdiv class=\u0022copyright\u0022\u003EDEPI\u003C\/div\u003E\n          \u003C\/figcaption\u003E\n\u003C\/figure\u003E\n\n\n    \u003C\/div\u003E\n    \u003Cdiv class=\u0022teaser-content\u0022\u003E\n                    \u003Cdiv class=\u0022teaser-content--kicker\u0022\u003E\n                    Holzpellets: Kosteng\u00fcnstig durch die kalte Jahreszeit\n        \u003C\/div\u003E\n                                              \n                        \n        \u003Ch4 class=\u0022teaser-content--headline\u0022\u003E\n                                Winter-Pelletpreis auf normalem \n                              \u003Cspan class=\u0022headline-last-word-arrow\u0022\u003ENiveau\u00a0                      \u003C\/span\u003E\n        \u003C\/h4\u003E\n            \u003Cdiv class=\u0022teaser-content--publishing-date\u0022\u003E\u003Ctime datetime=\u00222025-01-18T16:04:04Z\u0022\u003E18.01.2025\u003C\/time\u003E\n\u003C\/div\u003E\u003Cspan class=\u0022teaser-content--publishing-date-divider\u0022\u003E - \u003C\/span\u003E\u003Cdiv class=\u0022teaser-content--body\u0022\u003E\u003Cp\u003EPelletheizer k\u00f6nnen sich freuen: W\u00e4rme aus Pellets bleibt kosteng\u00fcnstig, denn die Kosten f\u00fcr die Holzpresslinge liegen im Januar bei einem f\u00fcr die Wintermonate \u00fcblichen Preisniveau. Dass das Heizen mit Pellets nicht ausschlie\u00dflich in unsanierten Geb\u00e4uden, sondern auch in Neubauten die wirtschaftlich attraktivste L\u00f6sung ist, belegt aktuell auch eine Berechnung der Verbraucherzentrale NRW und des Handelsblatts. Derzeit kostet eine Tonne (t) des Brennstoffs laut dem Deutschen Pelletinstitut (DEPI) durchschnittlich 306,35 Euro. Im Vergleich zum Vormonat bedeutet dies eine Steigerung von etwa 7 Prozent\u0026nbsp;(Dezember 2024: 286,04 Euro). Eine Kilowattstunde W\u00e4rme aus Pellets kostet demnach 6,13 Cent. Der Preisvorteil gegen\u00fcber Heiz\u00f6l von rund 40 Prozent bleibt konstant.\u0026nbsp;\u003C\/p\u003E\n\u003C\/div\u003E\n                        \u003Cspan class=\u0022read-more-arrow-container\u0022\u003E\n            \u003Cspan class=\u0022read-more-angled-arrow\u0022\u003E \u003C\/span\u003E\n          \u003C\/span\u003E\n                  \u003C\/div\u003E\n    \u003C\/a\u003E\n\u003Ca href=\u0022\/brennstoffe\/depv-klimaschutzministerium-informiert-weiterhin-einseitig-zur-energiewende-am\u0022  class=\u0022teaser teaser--standard\u0022 aria-label=\u0022Klimaschutzministerium informiert weiterhin einseitig zur Energiewende am Heizungsmarkt\u0022\u003E\n      \u003Cdiv class=\u0022teaser-content--image\u0022\u003E\n        \u003Cfigure class=\u0022image--figure\u0022\u003E\n        \u003Cpicture\u003E\n                        \u003Csource srcset=\u0022\/sites\/default\/files\/styles\/teaser_standard__m\/public\/aurora\/2025\/01\/417104.jpeg.webp?itok=05fEc6kl 1x\u0022 media=\u0022(min-width: 48.0625em) and (max-width: 64em)\u0022 type=\u0022image\/webp\u0022 width=\u0022323\u0022 height=\u0022224\u0022\/\u003E\n                  \u003Csource srcset=\u0022\/sites\/default\/files\/styles\/teaser_standard__l\/public\/aurora\/2025\/01\/417104.jpeg.webp?itok=paYYw13D 1x\u0022 media=\u0022(min-width: 64.0625em)\u0022 type=\u0022image\/webp\u0022 width=\u0022203\u0022 height=\u0022141\u0022\/\u003E\n                  \u003Csource srcset=\u0022\/sites\/default\/files\/styles\/teaser_standard__m\/public\/aurora\/2025\/01\/417104.jpeg?itok=wKqURu2K 1x\u0022 media=\u0022(min-width: 48.0625em) and (max-width: 64em)\u0022 type=\u0022image\/jpeg\u0022 width=\u0022323\u0022 height=\u0022224\u0022\/\u003E\n                  \u003Csource srcset=\u0022\/sites\/default\/files\/styles\/teaser_standard__l\/public\/aurora\/2025\/01\/417104.jpeg?itok=of1JDwZL 1x\u0022 media=\u0022(min-width: 64.0625em)\u0022 type=\u0022image\/jpeg\u0022 width=\u0022203\u0022 height=\u0022141\u0022\/\u003E\n                          \u003Cimg alt=\u0022Die eigenen Kostenszenarien l\u00e4sst das BMWK auf Verbraucherseiten wie www.energiewechsel.de unter den Tisch fallen.\u00a0\u0022 loading=\u0022eager\u0022 data-caption-hide width=\u0022575\u0022 height=\u0022398\u0022 data-zoomed=\u0022https:\/\/www.kl-magazin.de\/sites\/default\/files\/styles\/content__zoomed\/public\/aurora\/2025\/01\/417104.jpeg?itok=wrkW1G8b\u0022 src=\u0022\/sites\/default\/files\/styles\/teaser_standard__s\/public\/aurora\/2025\/01\/417104.jpeg?itok=zyuo0XBn\u0022 title=\u0022\u00a9 DEPV\u0022 \/\u003E\n\n    \u003C\/picture\u003E\n      \u003Cfigcaption class=\u0022image--figcaption\u0022\u003E\n          \u003Cdiv class=\u0022copyright\u0022\u003EDEPV\u003C\/div\u003E\n          \u003C\/figcaption\u003E\n\u003C\/figure\u003E\n\n\n    \u003C\/div\u003E\n    \u003Cdiv class=\u0022teaser-content\u0022\u003E\n                    \u003Cdiv class=\u0022teaser-content--kicker\u0022\u003E\n                    DEPV\n        \u003C\/div\u003E\n                                              \n                        \n        \u003Ch4 class=\u0022teaser-content--headline\u0022\u003E\n                                Klimaschutzministerium informiert weiterhin einseitig zur Energiewende am \n                              \u003Cspan class=\u0022headline-last-word-arrow\u0022\u003EHeizungsmarkt                      \u003C\/span\u003E\n        \u003C\/h4\u003E\n            \u003Cdiv class=\u0022teaser-content--publishing-date\u0022\u003E\u003Ctime datetime=\u00222025-01-18T15:52:37Z\u0022\u003E18.01.2025\u003C\/time\u003E\n\u003C\/div\u003E\u003Cspan class=\u0022teaser-content--publishing-date-divider\u0022\u003E - \u003C\/span\u003E\u003Cdiv class=\u0022teaser-content--body\u0022\u003E\u003Cp\u003EAuch in den letzten Wochen vor der Bundestagswahl setzt die aktuelle Bundesregierung ihre einseitige Informationspolitik am W\u00e4rmemarkt fort und blendet Holzenergie aus. Das zust\u00e4ndige Ministerium f\u00fcr Wirtschaft und Klimaschutz (BMWK) unter Leitung von Dr. Robert Habeck (B\u00fcndnis 90\/Die Gr\u00fcnen) kommuniziert die eigenen gesetzlichen und f\u00f6rdertechnischen Regelungen nur sehr l\u00fcckenhaft. Durch den alleinigen Fokus auf die W\u00e4rmepumpe k\u00f6nnen sich die ohnehin verunsicherten Heizungsbesitzer nicht ausgewogen \u00fcber alle Optionen informieren. Damit bleibt das Ministerium seiner Linie der letzten Jahre treu.\u003C\/p\u003E\n\u003C\/div\u003E\n                        \u003Cspan class=\u0022read-more-arrow-container\u0022\u003E\n            \u003Cspan class=\u0022read-more-angled-arrow\u0022\u003E \u003C\/span\u003E\n          \u003C\/span\u003E\n                  \u003C\/div\u003E\n    \u003C\/a\u003E\n\u003Ca href=\u0022\/brennstoffe\/heizen-mit-holz-so-geht-es-richtig\u0022  class=\u0022teaser teaser--standard\u0022 aria-label=\u0022So geht es richtig\u0022\u003E\n      \u003Cdiv class=\u0022teaser-content--image\u0022\u003E\n        \u003Cfigure class=\u0022image--figure\u0022\u003E\n        \u003Cpicture\u003E\n                        \u003Csource srcset=\u0022\/sites\/default\/files\/styles\/teaser_standard__m\/public\/aurora\/2025\/01\/417101.jpeg.webp?itok=V5Bc-99b 1x\u0022 media=\u0022(min-width: 48.0625em) and (max-width: 64em)\u0022 type=\u0022image\/webp\u0022 width=\u0022323\u0022 height=\u0022215\u0022\/\u003E\n                  \u003Csource srcset=\u0022\/sites\/default\/files\/styles\/teaser_standard__l\/public\/aurora\/2025\/01\/417101.jpeg.webp?itok=Ia2IZ0gR 1x\u0022 media=\u0022(min-width: 64.0625em)\u0022 type=\u0022image\/webp\u0022 width=\u0022203\u0022 height=\u0022135\u0022\/\u003E\n                  \u003Csource srcset=\u0022\/sites\/default\/files\/styles\/teaser_standard__m\/public\/aurora\/2025\/01\/417101.jpeg?itok=x6oRQMUe 1x\u0022 media=\u0022(min-width: 48.0625em) and (max-width: 64em)\u0022 type=\u0022image\/jpeg\u0022 width=\u0022323\u0022 height=\u0022215\u0022\/\u003E\n                  \u003Csource srcset=\u0022\/sites\/default\/files\/styles\/teaser_standard__l\/public\/aurora\/2025\/01\/417101.jpeg?itok=cDEftPmb 1x\u0022 media=\u0022(min-width: 64.0625em)\u0022 type=\u0022image\/jpeg\u0022 width=\u0022203\u0022 height=\u0022135\u0022\/\u003E\n                          \u003Cimg alt=\u0022Technologie, Luftzufuhr und die richtige Anz\u00fcndmethode sind entscheidende Faktoren f\u00fcr eine umweltgerechte Verbrennung\u0022 loading=\u0022eager\u0022 data-caption-hide width=\u0022597\u0022 height=\u0022398\u0022 data-zoomed=\u0022https:\/\/www.kl-magazin.de\/sites\/default\/files\/styles\/content__zoomed\/public\/aurora\/2025\/01\/417101.jpeg?itok=fD5vyNCz\u0022 src=\u0022\/sites\/default\/files\/styles\/teaser_standard__s\/public\/aurora\/2025\/01\/417101.jpeg?itok=pDroh1ax\u0022 title=\u0022\u00a9 HKI\u0022 \/\u003E\n\n    \u003C\/picture\u003E\n      \u003Cfigcaption class=\u0022image--figcaption\u0022\u003E\n          \u003Cdiv class=\u0022copyright\u0022\u003EHKI\u003C\/div\u003E\n          \u003C\/figcaption\u003E\n\u003C\/figure\u003E\n\n\n    \u003C\/div\u003E\n    \u003Cdiv class=\u0022teaser-content\u0022\u003E\n                    \u003Cdiv class=\u0022teaser-content--kicker\u0022\u003E\n                    Heizen mit Holz\n        \u003C\/div\u003E\n                                              \n                        \n        \u003Ch4 class=\u0022teaser-content--headline\u0022\u003E\n                                So geht es \n                              \u003Cspan class=\u0022headline-last-word-arrow\u0022\u003Erichtig                      \u003C\/span\u003E\n        \u003C\/h4\u003E\n            \u003Cdiv class=\u0022teaser-content--publishing-date\u0022\u003E\u003Ctime datetime=\u00222025-01-18T15:37:32Z\u0022\u003E18.01.2025\u003C\/time\u003E\n\u003C\/div\u003E\u003Cspan class=\u0022teaser-content--publishing-date-divider\u0022\u003E - \u003C\/span\u003E\u003Cdiv class=\u0022teaser-content--body\u0022\u003E\u003Cp\u003EAlle modernen Einzelraumfeuerst\u00e4tten, die seit 2010 zugelassen wurden und seitdem verkauft werden, entsprechen den hohen Anforderungen der Bundesimmissionsschutzverordnung (BImSchV). Um dieses sicherzustellen, wird jedes Modell, bevor es zugelassen wird, einer Typpr\u00fcfung unterzogen. Auf einem unabh\u00e4ngigen Pr\u00fcfstand wird gemessen, ob die Feuerst\u00e4tte die Emissionsgrenzwerte f\u00fcr Staub und Kohlenmonoxid sowie den vorgeschriebenen Mindestwirkungsgrad einh\u00e4lt. Hierdurch sind die technischen Voraussetzungen f\u00fcr ein umweltgerechtes Heizen mit Holz gegeben. Darauf macht der HKI Industrieverband Haus-, Heiz- und K\u00fcchentechnik e.V. aufmerksam.\u003C\/p\u003E\n\u003C\/div\u003E\n                        \u003Cspan class=\u0022read-more-arrow-container\u0022\u003E\n            \u003Cspan class=\u0022read-more-angled-arrow\u0022\u003E \u003C\/span\u003E\n          \u003C\/span\u003E\n                  \u003C\/div\u003E\n    \u003C\/a\u003E\n\u003Ca href=\u0022\/brennstoffe\/reminder-ol-treffpunkte-im-februar\u0022  class=\u0022teaser teaser--standard\u0022 aria-label=\u0022OL-Treffpunkte im Februar\u0022\u003E\n      \u003Cdiv class=\u0022teaser-content--image\u0022\u003E\n        \u003Cfigure class=\u0022image--figure\u0022\u003E\n        \u003Cpicture\u003E\n                        \u003Csource srcset=\u0022\/sites\/default\/files\/styles\/teaser_standard__m\/public\/aurora\/2025\/01\/415017.jpeg.webp?itok=7sEGm4LO 1x\u0022 media=\u0022(min-width: 48.0625em) and (max-width: 64em)\u0022 type=\u0022image\/webp\u0022 width=\u0022323\u0022 height=\u0022242\u0022\/\u003E\n                  \u003Csource srcset=\u0022\/sites\/default\/files\/styles\/teaser_standard__l\/public\/aurora\/2025\/01\/415017.jpeg.webp?itok=lBpFeGB7 1x\u0022 media=\u0022(min-width: 64.0625em)\u0022 type=\u0022image\/webp\u0022 width=\u0022203\u0022 height=\u0022152\u0022\/\u003E\n                  \u003Csource srcset=\u0022\/sites\/default\/files\/styles\/teaser_standard__m\/public\/aurora\/2025\/01\/415017.jpeg?itok=cI1HIsgm 1x\u0022 media=\u0022(min-width: 48.0625em) and (max-width: 64em)\u0022 type=\u0022image\/jpeg\u0022 width=\u0022323\u0022 height=\u0022242\u0022\/\u003E\n                  \u003Csource srcset=\u0022\/sites\/default\/files\/styles\/teaser_standard__l\/public\/aurora\/2025\/01\/415017.jpeg?itok=cOZWaP_P 1x\u0022 media=\u0022(min-width: 64.0625em)\u0022 type=\u0022image\/jpeg\u0022 width=\u0022203\u0022 height=\u0022152\u0022\/\u003E\n                          \u003Cimg alt=\u0022Gut besucht, die Seminare f\u00fcr die Ofenbauer. Hier zu sehen, das Walter-Bucerius-Seminar.\u0022 loading=\u0022eager\u0022 data-caption-hide width=\u0022531\u0022 height=\u0022398\u0022 data-zoomed=\u0022https:\/\/www.kl-magazin.de\/sites\/default\/files\/styles\/content__zoomed\/public\/aurora\/2025\/01\/415017.jpeg?itok=llvUzx4u\u0022 src=\u0022\/sites\/default\/files\/styles\/teaser_standard__s\/public\/aurora\/2025\/01\/415017.jpeg?itok=oGOS--f0\u0022 title=\u0022\u00a9 FV SHK BW\u0022 \/\u003E\n\n    \u003C\/picture\u003E\n      \u003Cfigcaption class=\u0022image--figcaption\u0022\u003E\n          \u003Cdiv class=\u0022copyright\u0022\u003EFV SHK BW\u003C\/div\u003E\n          \u003C\/figcaption\u003E\n\u003C\/figure\u003E\n\n\n    \u003C\/div\u003E\n    \u003Cdiv class=\u0022teaser-content\u0022\u003E\n                    \u003Cdiv class=\u0022teaser-content--kicker\u0022\u003E\n                    Reminder\n        \u003C\/div\u003E\n                                              \n                        \n        \u003Ch4 class=\u0022teaser-content--headline\u0022\u003E\n                                OL-Treffpunkte im \n                              \u003Cspan class=\u0022headline-last-word-arrow\u0022\u003EFebruar                      \u003C\/span\u003E\n        \u003C\/h4\u003E\n            \u003Cdiv class=\u0022teaser-content--publishing-date\u0022\u003E\u003Ctime datetime=\u00222025-01-07T13:59:28Z\u0022\u003E07.01.2025\u003C\/time\u003E\n\u003C\/div\u003E\u003Cspan class=\u0022teaser-content--publishing-date-divider\u0022\u003E - \u003C\/span\u003E\u003Cdiv class=\u0022teaser-content--body\u0022\u003E\u003Cp\u003EIm Februar 2025 finden die wichtigsten Seminare f\u00fcr den Ofenbauer statt. Geballte Informationen wechseln sich ab mit viel Wissen rund um den Ofenbau und kollegialem fachlichen Austausch mit den Kollegen. Wenn Sie dabei sein m\u00f6chten, wird es h\u00f6chste Zeit sich anzumelden.\u0026nbsp;\u003C\/p\u003E\n\u003C\/div\u003E\n                        \u003Cspan class=\u0022read-more-arrow-container\u0022\u003E\n            \u003Cspan class=\u0022read-more-angled-arrow\u0022\u003E \u003C\/span\u003E\n          \u003C\/span\u003E\n                  \u003C\/div\u003E\n    \u003C\/a\u003E\n\u003Ca href=\u0022\/brennstoffe\/jetzt-lager-auffullen-pelletpreis-im-oktober-stabil-auf-niedrigem-niveau\u0022  class=\u0022teaser teaser--standard\u0022 aria-label=\u0022Pelletpreis im Oktober stabil auf niedrigem Niveau\u0022\u003E\n      \u003Cdiv class=\u0022teaser-content--image\u0022\u003E\n        \u003Cfigure class=\u0022image--figure\u0022\u003E\n        \u003Cpicture\u003E\n                        \u003Csource srcset=\u0022\/sites\/default\/files\/styles\/teaser_standard__m\/public\/aurora\/2024\/11\/404074.jpeg.webp?itok=R5cOzTrm 1x\u0022 media=\u0022(min-width: 48.0625em) and (max-width: 64em)\u0022 type=\u0022image\/webp\u0022 width=\u0022323\u0022 height=\u0022224\u0022\/\u003E\n                  \u003Csource srcset=\u0022\/sites\/default\/files\/styles\/teaser_standard__l\/public\/aurora\/2024\/11\/404074.jpeg.webp?itok=RaO5Fq0w 1x\u0022 media=\u0022(min-width: 64.0625em)\u0022 type=\u0022image\/webp\u0022 width=\u0022203\u0022 height=\u0022141\u0022\/\u003E\n                  \u003Csource srcset=\u0022\/sites\/default\/files\/styles\/teaser_standard__m\/public\/aurora\/2024\/11\/404074.jpeg?itok=GSMAVj6N 1x\u0022 media=\u0022(min-width: 48.0625em) and (max-width: 64em)\u0022 type=\u0022image\/jpeg\u0022 width=\u0022323\u0022 height=\u0022224\u0022\/\u003E\n                  \u003Csource srcset=\u0022\/sites\/default\/files\/styles\/teaser_standard__l\/public\/aurora\/2024\/11\/404074.jpeg?itok=0ynbSkio 1x\u0022 media=\u0022(min-width: 64.0625em)\u0022 type=\u0022image\/jpeg\u0022 width=\u0022203\u0022 height=\u0022141\u0022\/\u003E\n                          \u003Cimg loading=\u0022eager\u0022 data-caption-hide width=\u0022575\u0022 height=\u0022398\u0022 data-zoomed=\u0022https:\/\/www.kl-magazin.de\/sites\/default\/files\/styles\/content__zoomed\/public\/aurora\/2024\/11\/404074.jpeg?itok=7mJooR09\u0022 src=\u0022\/sites\/default\/files\/styles\/teaser_standard__s\/public\/aurora\/2024\/11\/404074.jpeg?itok=p41RcD53\u0022 title=\u0022\u00a9 DEPI\u0022 \/\u003E\n\n    \u003C\/picture\u003E\n      \u003Cfigcaption class=\u0022image--figcaption\u0022\u003E\n          \u003Cdiv class=\u0022copyright\u0022\u003EDEPI\u003C\/div\u003E\n          \u003C\/figcaption\u003E\n\u003C\/figure\u003E\n\n\n    \u003C\/div\u003E\n    \u003Cdiv class=\u0022teaser-content\u0022\u003E\n                    \u003Cdiv class=\u0022teaser-content--kicker\u0022\u003E\n                    \u0026nbsp;Jetzt Lager auffu\u0308llen\n        \u003C\/div\u003E\n                                              \n                        \n        \u003Ch4 class=\u0022teaser-content--headline\u0022\u003E\n                                Pelletpreis im Oktober stabil auf niedrigem \n                              \u003Cspan class=\u0022headline-last-word-arrow\u0022\u003ENiveau                      \u003C\/span\u003E\n        \u003C\/h4\u003E\n            \u003Cdiv class=\u0022teaser-content--publishing-date\u0022\u003E\u003Ctime datetime=\u00222024-11-10T14:11:44Z\u0022\u003E10.11.2024\u003C\/time\u003E\n\u003C\/div\u003E\u003Cspan class=\u0022teaser-content--publishing-date-divider\u0022\u003E - \u003C\/span\u003E\u003Cdiv class=\u0022teaser-content--body\u0022\u003E\u003Cp\u003EMit Beginn der Heizperiode im Oktober blieb der Preis fu\u0308r Holzpellets weiterhin niedrig. Laut dem Deutschen Pelletinstitut (DEPI) kostet eine Tonne Holzpellets durchschnittlich 279,26 Euro. Pelletheizer zahlen derzeit 5,59 Cent pro Kilowattstunde klimafreundlicher Wa\u0308rme. Der Preisvorteil gegenu\u0308ber Erdgas liegt bei rund 44 Prozent, rd. 41 Prozent sind es gegenu\u0308ber Heizo\u0308l.\u003C\/p\u003E\n\u003C\/div\u003E\n                        \u003Cspan class=\u0022read-more-arrow-container\u0022\u003E\n            \u003Cspan class=\u0022read-more-angled-arrow\u0022\u003E \u003C\/span\u003E\n          \u003C\/span\u003E\n                  \u003C\/div\u003E\n    \u003C\/a\u003E\n\u003Ca href=\u0022\/brennstoffe\/viele-waelder-muessen-umgebaut-werden-restholz-als-beitrag-zur-waermewende\u0022  class=\u0022teaser teaser--standard\u0022 aria-label=\u0022Restholz als Beitrag zur W\u00e4rmewende\u0022\u003E\n      \u003Cdiv class=\u0022teaser-content--image\u0022\u003E\n        \u003Cfigure class=\u0022image--figure\u0022\u003E\n        \u003Cpicture\u003E\n                        \u003Csource srcset=\u0022\/sites\/default\/files\/styles\/teaser_standard__m\/public\/aurora\/2024\/10\/397610.jpeg.webp?itok=ARIjF1wh 1x\u0022 media=\u0022(min-width: 48.0625em) and (max-width: 64em)\u0022 type=\u0022image\/webp\u0022 width=\u0022323\u0022 height=\u0022216\u0022\/\u003E\n                  \u003Csource srcset=\u0022\/sites\/default\/files\/styles\/teaser_standard__l\/public\/aurora\/2024\/10\/397610.jpeg.webp?itok=aksnX2LG 1x\u0022 media=\u0022(min-width: 64.0625em)\u0022 type=\u0022image\/webp\u0022 width=\u0022203\u0022 height=\u0022136\u0022\/\u003E\n                  \u003Csource srcset=\u0022\/sites\/default\/files\/styles\/teaser_standard__m\/public\/aurora\/2024\/10\/397610.jpeg?itok=oiqXVbzR 1x\u0022 media=\u0022(min-width: 48.0625em) and (max-width: 64em)\u0022 type=\u0022image\/jpeg\u0022 width=\u0022323\u0022 height=\u0022216\u0022\/\u003E\n                  \u003Csource srcset=\u0022\/sites\/default\/files\/styles\/teaser_standard__l\/public\/aurora\/2024\/10\/397610.jpeg?itok=STctvp8j 1x\u0022 media=\u0022(min-width: 64.0625em)\u0022 type=\u0022image\/jpeg\u0022 width=\u0022203\u0022 height=\u0022136\u0022\/\u003E\n                          \u003Cimg alt=\u0022Reststoffe der S\u00e4gewerke und Schadh\u00f6lzer aus den W\u00e4ldern in Deutschland k\u00f6nnen zu Holzpellets und Hackschnitzeln verarbeitet werden, mit denen sich klimafreundlich heizen l\u00e4sst.\u0022 loading=\u0022eager\u0022 data-caption-hide width=\u0022596\u0022 height=\u0022398\u0022 data-zoomed=\u0022https:\/\/www.kl-magazin.de\/sites\/default\/files\/styles\/content__zoomed\/public\/aurora\/2024\/10\/397610.jpeg?itok=OHiEtjfQ\u0022 src=\u0022\/sites\/default\/files\/styles\/teaser_standard__s\/public\/aurora\/2024\/10\/397610.jpeg?itok=gtBDKMWl\u0022 title=\u0022\u00a9 DEPI\/txn\u0022 \/\u003E\n\n    \u003C\/picture\u003E\n      \u003Cfigcaption class=\u0022image--figcaption\u0022\u003E\n          \u003Cdiv class=\u0022copyright\u0022\u003EDEPI\/txn\u003C\/div\u003E\n          \u003C\/figcaption\u003E\n\u003C\/figure\u003E\n\n\n    \u003C\/div\u003E\n    \u003Cdiv class=\u0022teaser-content\u0022\u003E\n                    \u003Cdiv class=\u0022teaser-content--kicker\u0022\u003E\n                    Viele W\u00e4lder m\u00fcssen umgebaut werden\n        \u003C\/div\u003E\n                                              \n                        \n        \u003Ch4 class=\u0022teaser-content--headline\u0022\u003E\n                                Restholz als Beitrag zur \n                              \u003Cspan class=\u0022headline-last-word-arrow\u0022\u003EW\u00e4rmewende                      \u003C\/span\u003E\n        \u003C\/h4\u003E\n            \u003Cdiv class=\u0022teaser-content--publishing-date\u0022\u003E\u003Ctime datetime=\u00222024-10-14T10:17:03Z\u0022\u003E14.10.2024\u003C\/time\u003E\n\u003C\/div\u003E\u003Cspan class=\u0022teaser-content--publishing-date-divider\u0022\u003E - \u003C\/span\u003E\u003Cdiv class=\u0022teaser-content--body\u0022\u003E\u003Cp\u003EOb im Harz, im Sauerland oder in den Bayerischen Alpen - unsere W\u00e4lder stehen vor enormen Herausforderungen. Gro\u00dfe Waldfl\u00e4chen in Deutschland sind inzwischen stark gesch\u00e4digt. Hitzewellen, zu wenig Regen und St\u00fcrme stressen die B\u00e4ume. Problematisch ist es \u00fcberall dort, wo vorrangig Monokulturen wachsen. Ein aktiver Waldumbau mit artenreichen Mischw\u00e4ldern ist notwendiger denn je.\u003C\/p\u003E\n\u003C\/div\u003E\n                        \u003Cspan class=\u0022read-more-arrow-container\u0022\u003E\n            \u003Cspan class=\u0022read-more-angled-arrow\u0022\u003E \u003C\/span\u003E\n          \u003C\/span\u003E\n                  \u003C\/div\u003E\n    \u003C\/a\u003E\n\u003Ca href=\u0022\/brennstoffe\/pellets-im-august-preisstabil-bmwk-bestaetigt-kein-co2-preis-fuer-holzenergie\u0022  class=\u0022teaser teaser--standard\u0022 aria-label=\u0022BMWK best\u00e4tigt: Kein CO\u003Csub\u003E2\u003C\/sub\u003E-Preis f\u00fcr Holzenergie\u0022\u003E\n      \u003Cdiv class=\u0022teaser-content--image\u0022\u003E\n        \u003Cfigure class=\u0022image--figure\u0022\u003E\n        \u003Cpicture\u003E\n                        \u003Csource srcset=\u0022\/sites\/default\/files\/styles\/teaser_standard__m\/public\/aurora\/2024\/08\/384138.jpeg.webp?itok=rnI7ng7j 1x\u0022 media=\u0022(min-width: 48.0625em) and (max-width: 64em)\u0022 type=\u0022image\/webp\u0022 width=\u0022323\u0022 height=\u0022224\u0022\/\u003E\n                  \u003Csource srcset=\u0022\/sites\/default\/files\/styles\/teaser_standard__l\/public\/aurora\/2024\/08\/384138.jpeg.webp?itok=YkoVOg0r 1x\u0022 media=\u0022(min-width: 64.0625em)\u0022 type=\u0022image\/webp\u0022 width=\u0022203\u0022 height=\u0022141\u0022\/\u003E\n                  \u003Csource srcset=\u0022\/sites\/default\/files\/styles\/teaser_standard__m\/public\/aurora\/2024\/08\/384138.jpeg?itok=0Noj8RoR 1x\u0022 media=\u0022(min-width: 48.0625em) and (max-width: 64em)\u0022 type=\u0022image\/jpeg\u0022 width=\u0022323\u0022 height=\u0022224\u0022\/\u003E\n                  \u003Csource srcset=\u0022\/sites\/default\/files\/styles\/teaser_standard__l\/public\/aurora\/2024\/08\/384138.jpeg?itok=EN0K8l_K 1x\u0022 media=\u0022(min-width: 64.0625em)\u0022 type=\u0022image\/jpeg\u0022 width=\u0022203\u0022 height=\u0022141\u0022\/\u003E\n                          \u003Cimg loading=\u0022eager\u0022 data-caption-hide width=\u0022575\u0022 height=\u0022398\u0022 data-zoomed=\u0022https:\/\/www.kl-magazin.de\/sites\/default\/files\/styles\/content__zoomed\/public\/aurora\/2024\/08\/384138.jpeg?itok=9QPkZ7yr\u0022 src=\u0022\/sites\/default\/files\/styles\/teaser_standard__s\/public\/aurora\/2024\/08\/384138.jpeg?itok=XtK16S4p\u0022 title=\u0022\u00a9 DEPI\u0022 \/\u003E\n\n    \u003C\/picture\u003E\n      \u003Cfigcaption class=\u0022image--figcaption\u0022\u003E\n          \u003Cdiv class=\u0022copyright\u0022\u003EDEPI\u003C\/div\u003E\n          \u003C\/figcaption\u003E\n\u003C\/figure\u003E\n\n\n    \u003C\/div\u003E\n    \u003Cdiv class=\u0022teaser-content\u0022\u003E\n                    \u003Cdiv class=\u0022teaser-content--kicker\u0022\u003E\n                    Pellets im August preisstabil\n        \u003C\/div\u003E\n                                              \n                        \n        \u003Ch4 class=\u0022teaser-content--headline\u0022\u003E\n                                BMWK best\u00e4tigt: Kein CO2-Preis f\u00fcr \n                              \u003Cspan class=\u0022headline-last-word-arrow\u0022\u003EHolzenergie                      \u003C\/span\u003E\n        \u003C\/h4\u003E\n            \u003Cdiv class=\u0022teaser-content--publishing-date\u0022\u003E\u003Ctime datetime=\u00222024-08-19T07:06:54Z\u0022\u003E19.08.2024\u003C\/time\u003E\n\u003C\/div\u003E\u003Cspan class=\u0022teaser-content--publishing-date-divider\u0022\u003E - \u003C\/span\u003E\u003Cdiv class=\u0022teaser-content--body\u0022\u003E\u003Cp\u003EWie in den letzten Sommermonaten, bleibt der Pelletpreis auch im August niedrig. Eine Tonne Holzpellets kostet durchschnittlich 277,92 Euro. Laut dem Deutschen Pelletinstitut ist der Preis seit dem Vormonat um 1,1 Prozent gesunken.Pelletheizer zahlen derzeit 5,56 Cent pro Kilowattstunde klimafreundlicher W\u00e4rme. Die Preisersparnis gegen\u00fcber Erdgas liegt bei rund 44 Prozent, rd. 42 Prozent sind es gegen\u00fcber Heiz\u00f6l.\u003C\/p\u003E\n\u003C\/div\u003E\n                        \u003Cspan class=\u0022read-more-arrow-container\u0022\u003E\n            \u003Cspan class=\u0022read-more-angled-arrow\u0022\u003E \u003C\/span\u003E\n          \u003C\/span\u003E\n                  \u003C\/div\u003E\n    \u003C\/a\u003E\n\u003Ca href=\u0022\/brennstoffe\/sommerpreise-laden-zum-kauf-ein-pelletpreis-im-juli-weiter-stabil\u0022  class=\u0022teaser teaser--standard\u0022 aria-label=\u0022Pelletpreis im Juli weiter stabil\u0022\u003E\n      \u003Cdiv class=\u0022teaser-content--image\u0022\u003E\n        \u003Cfigure class=\u0022image--figure\u0022\u003E\n        \u003Cpicture\u003E\n                        \u003Csource srcset=\u0022\/sites\/default\/files\/styles\/teaser_standard__m\/public\/aurora\/2024\/07\/378908.jpeg.webp?itok=wswXcNw3 1x\u0022 media=\u0022(min-width: 48.0625em) and (max-width: 64em)\u0022 type=\u0022image\/webp\u0022 width=\u0022323\u0022 height=\u0022224\u0022\/\u003E\n                  \u003Csource srcset=\u0022\/sites\/default\/files\/styles\/teaser_standard__l\/public\/aurora\/2024\/07\/378908.jpeg.webp?itok=vBrI_FcI 1x\u0022 media=\u0022(min-width: 64.0625em)\u0022 type=\u0022image\/webp\u0022 width=\u0022203\u0022 height=\u0022141\u0022\/\u003E\n                  \u003Csource srcset=\u0022\/sites\/default\/files\/styles\/teaser_standard__m\/public\/aurora\/2024\/07\/378908.jpeg?itok=3p6QaMWO 1x\u0022 media=\u0022(min-width: 48.0625em) and (max-width: 64em)\u0022 type=\u0022image\/jpeg\u0022 width=\u0022323\u0022 height=\u0022224\u0022\/\u003E\n                  \u003Csource srcset=\u0022\/sites\/default\/files\/styles\/teaser_standard__l\/public\/aurora\/2024\/07\/378908.jpeg?itok=rn11aF6h 1x\u0022 media=\u0022(min-width: 64.0625em)\u0022 type=\u0022image\/jpeg\u0022 width=\u0022203\u0022 height=\u0022141\u0022\/\u003E\n                          \u003Cimg loading=\u0022eager\u0022 data-caption-hide width=\u0022575\u0022 height=\u0022398\u0022 data-zoomed=\u0022https:\/\/www.kl-magazin.de\/sites\/default\/files\/styles\/content__zoomed\/public\/aurora\/2024\/07\/378908.jpeg?itok=W54SW6J1\u0022 src=\u0022\/sites\/default\/files\/styles\/teaser_standard__s\/public\/aurora\/2024\/07\/378908.jpeg?itok=T-E8B1Nc\u0022 title=\u0022\u00a9 DEPI\u0022 \/\u003E\n\n    \u003C\/picture\u003E\n      \u003Cfigcaption class=\u0022image--figcaption\u0022\u003E\n          \u003Cdiv class=\u0022copyright\u0022\u003EDEPI\u003C\/div\u003E\n          \u003C\/figcaption\u003E\n\u003C\/figure\u003E\n\n\n    \u003C\/div\u003E\n    \u003Cdiv class=\u0022teaser-content\u0022\u003E\n                    \u003Cdiv class=\u0022teaser-content--kicker\u0022\u003E\n                    Sommerpreise laden zum Kauf ein\n        \u003C\/div\u003E\n                                              \n                        \n        \u003Ch4 class=\u0022teaser-content--headline\u0022\u003E\n                                Pelletpreis im Juli weiter \n                              \u003Cspan class=\u0022headline-last-word-arrow\u0022\u003Estabil                      \u003C\/span\u003E\n        \u003C\/h4\u003E\n            \u003Cdiv class=\u0022teaser-content--publishing-date\u0022\u003E\u003Ctime datetime=\u00222024-07-20T15:27:45Z\u0022\u003E20.07.2024\u003C\/time\u003E\n\u003C\/div\u003E\u003Cspan class=\u0022teaser-content--publishing-date-divider\u0022\u003E - \u003C\/span\u003E\u003Cdiv class=\u0022teaser-content--body\u0022\u003E\u003Cp\u003EDer Preis fu\u0308r Holzpellets bleibt im Juli auf konstant niedrigem Niveau. Im Durchschnitt kostet eine Tonne des klimafreundlichen Brennstoffs 280,99 Euro. Seit dem Vormonat Juni ist der Preis um 0,5 Prozent gefallen, wie das Deutsche Pelletinstitut berichtet. Wa\u0308rme aus Pellets kostet derzeit 5,62 Cent pro Kilowattstunde. Pelletheizer sparen rund 43 Prozent gegenu\u0308ber Erdgas und rd. 42 Prozent gegenu\u0308ber Heizo\u0308l.\u003C\/p\u003E\n\u003C\/div\u003E\n                        \u003Cspan class=\u0022read-more-arrow-container\u0022\u003E\n            \u003Cspan class=\u0022read-more-angled-arrow\u0022\u003E \u003C\/span\u003E\n          \u003C\/span\u003E\n                  \u003C\/div\u003E\n    \u003C\/a\u003E\n\u003Ca href=\u0022\/brennstoffe\/holzverbrennung-uba-aendert-co2-rechner-und-weist-holz-nicht-mehr-als-klimaneutral-aus\u0022  class=\u0022teaser teaser--standard\u0022 aria-label=\u0022UBA \u00e4ndert CO\u003Csub\u003E2\u003C\/sub\u003E-Rechner und weist Holz nicht mehr als klimaneutral aus\u0022\u003E\n      \u003Cdiv class=\u0022teaser-content--image\u0022\u003E\n        \u003Cfigure class=\u0022image--figure\u0022\u003E\n        \u003Cpicture\u003E\n                        \u003Csource srcset=\u0022\/sites\/default\/files\/styles\/teaser_standard__m\/public\/aurora\/2024\/06\/369610.jpeg.webp?itok=gpd0Vr2B 1x\u0022 media=\u0022(min-width: 48.0625em) and (max-width: 64em)\u0022 type=\u0022image\/webp\u0022 width=\u0022323\u0022 height=\u0022205\u0022\/\u003E\n                  \u003Csource srcset=\u0022\/sites\/default\/files\/styles\/teaser_standard__l\/public\/aurora\/2024\/06\/369610.jpeg.webp?itok=3avFbLB_ 1x\u0022 media=\u0022(min-width: 64.0625em)\u0022 type=\u0022image\/webp\u0022 width=\u0022203\u0022 height=\u0022129\u0022\/\u003E\n                  \u003Csource srcset=\u0022\/sites\/default\/files\/styles\/teaser_standard__m\/public\/aurora\/2024\/06\/369610.jpeg?itok=BP0GFhbA 1x\u0022 media=\u0022(min-width: 48.0625em) and (max-width: 64em)\u0022 type=\u0022image\/jpeg\u0022 width=\u0022323\u0022 height=\u0022205\u0022\/\u003E\n                  \u003Csource srcset=\u0022\/sites\/default\/files\/styles\/teaser_standard__l\/public\/aurora\/2024\/06\/369610.jpeg?itok=fHIqqPZ9 1x\u0022 media=\u0022(min-width: 64.0625em)\u0022 type=\u0022image\/jpeg\u0022 width=\u0022203\u0022 height=\u0022129\u0022\/\u003E\n                          \u003Cimg loading=\u0022eager\u0022 data-caption-hide width=\u0022626\u0022 height=\u0022398\u0022 data-zoomed=\u0022https:\/\/www.kl-magazin.de\/sites\/default\/files\/styles\/content__zoomed\/public\/aurora\/2024\/06\/369610.jpeg?itok=es78nmRr\u0022 src=\u0022\/sites\/default\/files\/styles\/teaser_standard__s\/public\/aurora\/2024\/06\/369610.jpeg?itok=9zu2TxQf\u0022 title=\u0022\u00a9 Prexels auf Pixabay\n\u0022 \/\u003E\n\n    \u003C\/picture\u003E\n      \u003Cfigcaption class=\u0022image--figcaption\u0022\u003E\n          \u003Cdiv class=\u0022copyright\u0022\u003EPrexels auf Pixabay\n\u003C\/div\u003E\n          \u003C\/figcaption\u003E\n\u003C\/figure\u003E\n\n\n    \u003C\/div\u003E\n    \u003Cdiv class=\u0022teaser-content\u0022\u003E\n                    \u003Cdiv class=\u0022teaser-content--kicker\u0022\u003E\n                    Holzverbrennung\n        \u003C\/div\u003E\n                                              \n                        \n        \u003Ch4 class=\u0022teaser-content--headline\u0022\u003E\n                                UBA \u00e4ndert CO2-Rechner und weist Holz nicht mehr als klimaneutral \n                              \u003Cspan class=\u0022headline-last-word-arrow\u0022\u003Eaus                      \u003C\/span\u003E\n        \u003C\/h4\u003E\n            \u003Cdiv class=\u0022teaser-content--publishing-date\u0022\u003E\u003Ctime datetime=\u00222024-06-08T16:00:27Z\u0022\u003E08.06.2024\u003C\/time\u003E\n\u003C\/div\u003E\u003Cspan class=\u0022teaser-content--publishing-date-divider\u0022\u003E - \u003C\/span\u003E\u003Cdiv class=\u0022teaser-content--body\u0022\u003E\u003Cp\u003ESeit einigen Wochen ist der UBA-CO\u003Csub\u003E2\u003C\/sub\u003E-Rechner stillschweigend auf andere CO\u003Csub\u003E2\u003C\/sub\u003E-Faktoren umgestellt worden, die Holz als Netto-CO\u003Csub\u003E2\u003C\/sub\u003E-Emittent ausweist. Damit stuft das UBA die Holzenergie nicht mehr als klimaneutral ein und die energetische Holznutzung von zuvor 0 Emissionen, rauscht auf 1,72 Tonnen CO\u003Csub\u003E2 \u003C\/sub\u003Eje Tonne Buchenholz sowie 1,77 Tonnen an CO\u003Csub\u003E2\u003C\/sub\u003E-Emissionen je Tonne Pellets rauf.\u003C\/p\u003E\n\u003C\/div\u003E\n                        \u003Cspan class=\u0022read-more-arrow-container\u0022\u003E\n            \u003Cspan class=\u0022read-more-angled-arrow\u0022\u003E \u003C\/span\u003E\n          \u003C\/span\u003E\n                  \u003C\/div\u003E\n    \u003C\/a\u003E\n\u003Ca href=\u0022\/brennstoffe\/brennholz-vom-forstamt-bundesweiter-durchschnittspreis-von-83-euro-pro-festmeter\u0022  class=\u0022teaser teaser--standard\u0022 aria-label=\u0022 Bundesweiter Durchschnittspreis von 83 Euro pro Festmeter\u0022\u003E\n      \u003Cdiv class=\u0022teaser-content--image\u0022\u003E\n        \u003Cfigure class=\u0022image--figure\u0022\u003E\n        \u003Cpicture\u003E\n                        \u003Csource srcset=\u0022\/sites\/default\/files\/styles\/teaser_standard__m\/public\/aurora\/2024\/04\/353935.jpeg.webp?itok=cQOdQI1c 1x\u0022 media=\u0022(min-width: 48.0625em) and (max-width: 64em)\u0022 type=\u0022image\/webp\u0022 width=\u0022323\u0022 height=\u0022197\u0022\/\u003E\n                  \u003Csource srcset=\u0022\/sites\/default\/files\/styles\/teaser_standard__l\/public\/aurora\/2024\/04\/353935.jpeg.webp?itok=vw1EaNG1 1x\u0022 media=\u0022(min-width: 64.0625em)\u0022 type=\u0022image\/webp\u0022 width=\u0022203\u0022 height=\u0022124\u0022\/\u003E\n                  \u003Csource srcset=\u0022\/sites\/default\/files\/styles\/teaser_standard__m\/public\/aurora\/2024\/04\/353935.jpeg?itok=4931UhVr 1x\u0022 media=\u0022(min-width: 48.0625em) and (max-width: 64em)\u0022 type=\u0022image\/jpeg\u0022 width=\u0022323\u0022 height=\u0022197\u0022\/\u003E\n                  \u003Csource srcset=\u0022\/sites\/default\/files\/styles\/teaser_standard__l\/public\/aurora\/2024\/04\/353935.jpeg?itok=Nl4d3t_G 1x\u0022 media=\u0022(min-width: 64.0625em)\u0022 type=\u0022image\/jpeg\u0022 width=\u0022203\u0022 height=\u0022124\u0022\/\u003E\n                          \u003Cimg alt=\u0022 Holz, das Forstwirte an Privatpersonen als Brennholz verkaufen, ist f\u00fcr die Verarbeitung in S\u00e4gewerken nicht geeignet \u0022 loading=\u0022eager\u0022 data-caption-hide width=\u0022651\u0022 height=\u0022398\u0022 data-zoomed=\u0022https:\/\/www.kl-magazin.de\/sites\/default\/files\/styles\/content__zoomed\/public\/aurora\/2024\/04\/353935.jpeg?itok=-q_KwvHb\u0022 src=\u0022\/sites\/default\/files\/styles\/teaser_standard__s\/public\/aurora\/2024\/04\/353935.jpeg?itok=t_mI-7T8\u0022 title=\u0022\u00a9 HKI\n\u0022 \/\u003E\n\n    \u003C\/picture\u003E\n      \u003Cfigcaption class=\u0022image--figcaption\u0022\u003E\n          \u003Cdiv class=\u0022copyright\u0022\u003EHKI\n\u003C\/div\u003E\n          \u003C\/figcaption\u003E\n\u003C\/figure\u003E\n\n\n    \u003C\/div\u003E\n    \u003Cdiv class=\u0022teaser-content\u0022\u003E\n                    \u003Cdiv class=\u0022teaser-content--kicker\u0022\u003E\n                    Brennholz vom Forstamt\n        \u003C\/div\u003E\n                                              \n                        \n        \u003Ch4 class=\u0022teaser-content--headline\u0022\u003E\n                                Bundesweiter Durchschnittspreis von 83 Euro pro \n                              \u003Cspan class=\u0022headline-last-word-arrow\u0022\u003EFestmeter                      \u003C\/span\u003E\n        \u003C\/h4\u003E\n            \u003Cdiv class=\u0022teaser-content--publishing-date\u0022\u003E\u003Ctime datetime=\u00222024-04-02T13:01:04Z\u0022\u003E02.04.2024\u003C\/time\u003E\n\u003C\/div\u003E\u003Cspan class=\u0022teaser-content--publishing-date-divider\u0022\u003E - \u003C\/span\u003E\u003Cdiv class=\u0022teaser-content--body\u0022\u003E\u003Cp\u003EDer Preis f\u00fcr einen Festmeter Brennholz vom Forstamt bewegt sich aktuell zwischen 65 und 90 Euro f\u00fcr Hartholz wie Buche oder Eiche. Hierbei weisen Forstbeamte dem Selbstabholer markierte Holzst\u00e4mme am Waldweg zu, sogenannte \u201ePolter\u201c. Der bundesweite Durchschnittspreis f\u00fcr den Festmeter am Polter betr\u00e4gt aktuell 83 Euro, wobei jedes dritte befragte Forstamt 90 Euro berechnet. Das ist das Ergebnis der Umfrage bei deutschen Forst\u00e4mtern, die im M\u00e4rz vom HKI Industrieverband Haus-, Heiz- und K\u00fcchentechnik e.V. durchgef\u00fchrt wurde. Die j\u00e4hrliche Erhebung erfolgt bereits seit 2011, wobei bundesweit 30 staatliche Forst\u00e4mter in telefonischen Interviews befragt werden.\u003C\/p\u003E\n\u003C\/div\u003E\n                        \u003Cspan class=\u0022read-more-arrow-container\u0022\u003E\n            \u003Cspan class=\u0022read-more-angled-arrow\u0022\u003E \u003C\/span\u003E\n          \u003C\/span\u003E\n                  \u003C\/div\u003E\n    \u003C\/a\u003E\n\u003Ca href=\u0022\/brennstoffe\/wo-wird-das-holz-gekauft-ofenbesitzer-beziehen-ihr-holz-hauptsaechlich-aus-der-region\u0022  class=\u0022teaser teaser--standard\u0022 aria-label=\u0022Ofenbesitzer beziehen ihr Holz haupts\u00e4chlich aus der Region\u0022\u003E\n      \u003Cdiv class=\u0022teaser-content--image\u0022\u003E\n        \u003Cfigure class=\u0022image--figure\u0022\u003E\n        \u003Cpicture\u003E\n                        \u003Csource srcset=\u0022\/sites\/default\/files\/styles\/teaser_standard__m\/public\/aurora\/2024\/01\/336294.jpeg.webp?itok=2XFWsZ7Q 1x\u0022 media=\u0022(min-width: 48.0625em) and (max-width: 64em)\u0022 type=\u0022image\/webp\u0022 width=\u0022323\u0022 height=\u0022196\u0022\/\u003E\n                  \u003Csource srcset=\u0022\/sites\/default\/files\/styles\/teaser_standard__l\/public\/aurora\/2024\/01\/336294.jpeg.webp?itok=8FddGwZ4 1x\u0022 media=\u0022(min-width: 64.0625em)\u0022 type=\u0022image\/webp\u0022 width=\u0022203\u0022 height=\u0022123\u0022\/\u003E\n                  \u003Csource srcset=\u0022\/sites\/default\/files\/styles\/teaser_standard__m\/public\/aurora\/2024\/01\/336294.jpeg?itok=Ov4zmDv7 1x\u0022 media=\u0022(min-width: 48.0625em) and (max-width: 64em)\u0022 type=\u0022image\/jpeg\u0022 width=\u0022323\u0022 height=\u0022196\u0022\/\u003E\n                  \u003Csource srcset=\u0022\/sites\/default\/files\/styles\/teaser_standard__l\/public\/aurora\/2024\/01\/336294.jpeg?itok=cxaI8L0j 1x\u0022 media=\u0022(min-width: 64.0625em)\u0022 type=\u0022image\/jpeg\u0022 width=\u0022203\u0022 height=\u0022123\u0022\/\u003E\n                          \u003Cimg alt=\u0022 Aktuelle Umfrage: Das eigene Grundst\u00fcck, Landwirte und F\u00f6rster stellen \u00fcber 80 Prozent des Brennholzes bereit.\u0022 loading=\u0022eager\u0022 data-caption-hide width=\u0022655\u0022 height=\u0022398\u0022 data-zoomed=\u0022https:\/\/www.kl-magazin.de\/sites\/default\/files\/styles\/content__zoomed\/public\/aurora\/2024\/01\/336294.jpeg?itok=uNm_TgJS\u0022 src=\u0022\/sites\/default\/files\/styles\/teaser_standard__s\/public\/aurora\/2024\/01\/336294.jpeg?itok=TZCJHlXS\u0022 title=\u0022\u00a9 HKI\n\u0022 \/\u003E\n\n    \u003C\/picture\u003E\n      \u003Cfigcaption class=\u0022image--figcaption\u0022\u003E\n          \u003Cdiv class=\u0022copyright\u0022\u003EHKI\n\u003C\/div\u003E\n          \u003C\/figcaption\u003E\n\u003C\/figure\u003E\n\n\n    \u003C\/div\u003E\n    \u003Cdiv class=\u0022teaser-content\u0022\u003E\n                    \u003Cdiv class=\u0022teaser-content--kicker\u0022\u003E\n                    Wo wird das Holz gekauft?\n        \u003C\/div\u003E\n                                              \n                        \n        \u003Ch4 class=\u0022teaser-content--headline\u0022\u003E\n                                Ofenbesitzer beziehen ihr Holz haupts\u00e4chlich aus der \n                              \u003Cspan class=\u0022headline-last-word-arrow\u0022\u003ERegion                      \u003C\/span\u003E\n        \u003C\/h4\u003E\n            \u003Cdiv class=\u0022teaser-content--publishing-date\u0022\u003E\u003Ctime datetime=\u00222024-01-22T14:13:58Z\u0022\u003E22.01.2024\u003C\/time\u003E\n\u003C\/div\u003E\u003Cspan class=\u0022teaser-content--publishing-date-divider\u0022\u003E - \u003C\/span\u003E\u003Cdiv class=\u0022teaser-content--body\u0022\u003E\u003Cp\u003EDie Besitzer von Scheitholzfeuerungen \u2013 hierzu z\u00e4hlen Kamin\u00f6fen, Kachel\u00f6fen, Heizkamine sowie Holzzentralheizungen \u2013 beziehen mit gro\u00dfer Mehrheit das Brennholz aus der Region. Das ist das Ergebnis einer Umfrage, die der HKI Industrieverband Haus-, Heiz- und K\u00fcchentechnik e.V. bei \u00fcber 250 Besitzern einer Holzheizung bzw. Einzelraumfeuerung durchgef\u00fchrt hat. Rund 39 Prozent der Befragten gaben an, dass sie Selbstversorger sind. Das hei\u00dft, sie nutzen Holz aus der Grundst\u00fccks- und Gartenpflege. 30 Prozent beziehen ihr Holz vom Landwirt und weitere 17 Prozent vom regionalen Forstbetrieb. Lediglich 14 Prozent kaufen ofenfertiges Brennholz im Handel oder Internet.\u003C\/p\u003E\n\u003C\/div\u003E\n                        \u003Cspan class=\u0022read-more-arrow-container\u0022\u003E\n            \u003Cspan class=\u0022read-more-angled-arrow\u0022\u003E \u003C\/span\u003E\n          \u003C\/span\u003E\n                  \u003C\/div\u003E\n    \u003C\/a\u003E\n\u003Ca href=\u0022\/brennstoffe\/pelletpreise-zum-jahresbeginn-auf-niedrigem-niveau\u0022  class=\u0022teaser teaser--standard\u0022 aria-label=\u0022Zum Jahresbeginn auf niedrigem Niveau\u0022\u003E\n      \u003Cdiv class=\u0022teaser-content--image\u0022\u003E\n        \u003Cfigure class=\u0022image--figure\u0022\u003E\n        \u003Cpicture\u003E\n                        \u003Csource srcset=\u0022\/sites\/default\/files\/styles\/teaser_standard__m\/public\/aurora\/2024\/01\/336228.jpeg.webp?itok=ulX9KPVf 1x\u0022 media=\u0022(min-width: 48.0625em) and (max-width: 64em)\u0022 type=\u0022image\/webp\u0022 width=\u0022323\u0022 height=\u0022224\u0022\/\u003E\n                  \u003Csource srcset=\u0022\/sites\/default\/files\/styles\/teaser_standard__l\/public\/aurora\/2024\/01\/336228.jpeg.webp?itok=wvC6v7ej 1x\u0022 media=\u0022(min-width: 64.0625em)\u0022 type=\u0022image\/webp\u0022 width=\u0022203\u0022 height=\u0022141\u0022\/\u003E\n                  \u003Csource srcset=\u0022\/sites\/default\/files\/styles\/teaser_standard__m\/public\/aurora\/2024\/01\/336228.jpeg?itok=dU-ul4tg 1x\u0022 media=\u0022(min-width: 48.0625em) and (max-width: 64em)\u0022 type=\u0022image\/jpeg\u0022 width=\u0022323\u0022 height=\u0022224\u0022\/\u003E\n                  \u003Csource srcset=\u0022\/sites\/default\/files\/styles\/teaser_standard__l\/public\/aurora\/2024\/01\/336228.jpeg?itok=3w9OjEMB 1x\u0022 media=\u0022(min-width: 64.0625em)\u0022 type=\u0022image\/jpeg\u0022 width=\u0022203\u0022 height=\u0022141\u0022\/\u003E\n                          \u003Cimg loading=\u0022eager\u0022 data-caption-hide width=\u0022575\u0022 height=\u0022398\u0022 data-zoomed=\u0022https:\/\/www.kl-magazin.de\/sites\/default\/files\/styles\/content__zoomed\/public\/aurora\/2024\/01\/336228.jpeg?itok=g89_EWGH\u0022 src=\u0022\/sites\/default\/files\/styles\/teaser_standard__s\/public\/aurora\/2024\/01\/336228.jpeg?itok=tSOmvZE9\u0022 title=\u0022\u00a9 DEPI\n\u0022 \/\u003E\n\n    \u003C\/picture\u003E\n      \u003Cfigcaption class=\u0022image--figcaption\u0022\u003E\n          \u003Cdiv class=\u0022copyright\u0022\u003EDEPI\n\u003C\/div\u003E\n          \u003C\/figcaption\u003E\n\u003C\/figure\u003E\n\n\n    \u003C\/div\u003E\n    \u003Cdiv class=\u0022teaser-content\u0022\u003E\n                    \u003Cdiv class=\u0022teaser-content--kicker\u0022\u003E\n                    Pelletpreise\n        \u003C\/div\u003E\n                                              \n                        \n        \u003Ch4 class=\u0022teaser-content--headline\u0022\u003E\n                                Zum Jahresbeginn auf niedrigem \n                              \u003Cspan class=\u0022headline-last-word-arrow\u0022\u003ENiveau                      \u003C\/span\u003E\n        \u003C\/h4\u003E\n            \u003Cdiv class=\u0022teaser-content--publishing-date\u0022\u003E\u003Ctime datetime=\u00222024-01-22T13:32:04Z\u0022\u003E22.01.2024\u003C\/time\u003E\n\u003C\/div\u003E\u003Cspan class=\u0022teaser-content--publishing-date-divider\u0022\u003E - \u003C\/span\u003E\u003Cdiv class=\u0022teaser-content--body\u0022\u003E\u003Cp\u003EPelletheizer k\u00f6nnen sich freuen: W\u00e4rme aus Pellets ist derzeit besonders kosteng\u00fcnstig, denn der Preis f\u00fcr die Holzpresslinge ist erneut leicht gesunken. Eine Tonne (t) des Brennstoffs liegt laut dem Deutschen Pelletinstitut (DEPI) aktuell bei durchschnittlich 327,20 Euro. Dies bedeutet einen R\u00fcckgang gegen\u00fcber dem Vormonat von etwa 0,6 Prozent. Eine Kilowattstunde W\u00e4rme aus Pellets kostet demnach 6,54 Cent. Es besteht ein erheblicher Preisvorteil gegen\u00fcber Heiz\u00f6l von rund 36 Prozent und zu Erdgas von rd. 34 Prozent.\u003C\/p\u003E\n\u003C\/div\u003E\n                        \u003Cspan class=\u0022read-more-arrow-container\u0022\u003E\n            \u003Cspan class=\u0022read-more-angled-arrow\u0022\u003E \u003C\/span\u003E\n          \u003C\/span\u003E\n                  \u003C\/div\u003E\n    \u003C\/a\u003E\n\u003Ca href=\u0022\/brennstoffe\/pelletpreise-niedrigster-preis-des-jahres-im-november\u0022  class=\u0022teaser teaser--standard\u0022 aria-label=\u0022Niedrigster Preis des Jahres im November\u0022\u003E\n      \u003Cdiv class=\u0022teaser-content--image\u0022\u003E\n        \u003Cfigure class=\u0022image--figure\u0022\u003E\n        \u003Cpicture\u003E\n                        \u003Csource srcset=\u0022\/sites\/default\/files\/styles\/teaser_standard__m\/public\/aurora\/2023\/11\/325382.jpeg.webp?itok=vdBUJ6tX 1x\u0022 media=\u0022(min-width: 48.0625em) and (max-width: 64em)\u0022 type=\u0022image\/webp\u0022 width=\u0022323\u0022 height=\u0022224\u0022\/\u003E\n                  \u003Csource srcset=\u0022\/sites\/default\/files\/styles\/teaser_standard__l\/public\/aurora\/2023\/11\/325382.jpeg.webp?itok=YEqnLMZx 1x\u0022 media=\u0022(min-width: 64.0625em)\u0022 type=\u0022image\/webp\u0022 width=\u0022203\u0022 height=\u0022141\u0022\/\u003E\n                  \u003Csource srcset=\u0022\/sites\/default\/files\/styles\/teaser_standard__m\/public\/aurora\/2023\/11\/325382.jpeg?itok=tijecMO6 1x\u0022 media=\u0022(min-width: 48.0625em) and (max-width: 64em)\u0022 type=\u0022image\/jpeg\u0022 width=\u0022323\u0022 height=\u0022224\u0022\/\u003E\n                  \u003Csource srcset=\u0022\/sites\/default\/files\/styles\/teaser_standard__l\/public\/aurora\/2023\/11\/325382.jpeg?itok=db8XLlo6 1x\u0022 media=\u0022(min-width: 64.0625em)\u0022 type=\u0022image\/jpeg\u0022 width=\u0022203\u0022 height=\u0022141\u0022\/\u003E\n                          \u003Cimg loading=\u0022eager\u0022 data-caption-hide width=\u0022575\u0022 height=\u0022398\u0022 data-zoomed=\u0022https:\/\/www.kl-magazin.de\/sites\/default\/files\/styles\/content__zoomed\/public\/aurora\/2023\/11\/325382.jpeg?itok=Yn0Ad6cl\u0022 src=\u0022\/sites\/default\/files\/styles\/teaser_standard__s\/public\/aurora\/2023\/11\/325382.jpeg?itok=T1rDd72G\u0022 title=\u0022\u00a9 Grafik: DEPI\n\u0022 \/\u003E\n\n    \u003C\/picture\u003E\n      \u003Cfigcaption class=\u0022image--figcaption\u0022\u003E\n          \u003Cdiv class=\u0022copyright\u0022\u003EGrafik: DEPI\n\u003C\/div\u003E\n          \u003C\/figcaption\u003E\n\u003C\/figure\u003E\n\n\n    \u003C\/div\u003E\n    \u003Cdiv class=\u0022teaser-content\u0022\u003E\n                    \u003Cdiv class=\u0022teaser-content--kicker\u0022\u003E\n                    Pelletpreise\n        \u003C\/div\u003E\n                                              \n                        \n        \u003Ch4 class=\u0022teaser-content--headline\u0022\u003E\n                                Niedrigster Preis des Jahres im \n                              \u003Cspan class=\u0022headline-last-word-arrow\u0022\u003ENovember                      \u003C\/span\u003E\n        \u003C\/h4\u003E\n            \u003Cdiv class=\u0022teaser-content--publishing-date\u0022\u003E\u003Ctime datetime=\u00222023-11-27T09:50:03Z\u0022\u003E27.11.2023\u003C\/time\u003E\n\u003C\/div\u003E\u003Cspan class=\u0022teaser-content--publishing-date-divider\u0022\u003E - \u003C\/span\u003E\u003Cdiv class=\u0022teaser-content--body\u0022\u003E\u003Cp\u003EParallel zu den Temperaturen ist auch der Preis f\u00fcr Holzpellets im November erneut gesunken. Wie das Deutsche Pelletinstitut (DEPI) berichtet, kostet eine Tonne (t) der Presslinge derzeit im Durchschnitt 350,85 Euro. Der Preis ist demnach im Vergleich zum Vormonat Oktober um etwa 5,1 Prozent zur\u00fcckgegangen und der bisher niedrigste Durchschnittspreis des Jahres. Eine Kilowattstunde W\u00e4rme aus Pellets ist f\u00fcr 7,02 ct zu haben. Der Preisvorteil entspricht rund 34 Prozent im Vergleich zu Heiz\u00f6l und rund 29 Prozent gegen\u00fcber Erdgas.\u003C\/p\u003E\n\u003C\/div\u003E\n                        \u003Cspan class=\u0022read-more-arrow-container\u0022\u003E\n            \u003Cspan class=\u0022read-more-angled-arrow\u0022\u003E \u003C\/span\u003E\n          \u003C\/span\u003E\n                  \u003C\/div\u003E\n    \u003C\/a\u003E\n","entity_type":"node","used_ids":["",256917,250652,244393,238834,235517,234841,233369,233368,233367,232947,230367,228688,223891,222943,221307,218432,215363,215340,213157],"show_more":"\u003Cdiv class=\u0022del-show-more\u0022\u003E\u003Ca href=\u0022\/ajax\/del\/fdeb39af-8612-4f32-a41d-97f0efb788b1\/paragraph\/20\/19\/asc\/eyJub2RlIjp7ImlkIjoiMTYyODc0IiwidHlwZSI6InBhZ2UifX0%3D\u0022 title=\u0022Mehr Elemente anzeigen\u0022 class=\u0022del-show-more-link use-ajax\u0022 rel=\u0022nofollow\u0022 data-target-type=\u0022node\u0022 aria-controls=\u0022del--paragraph-592367--content\u0022 aria-label=\u0022Mehr Elemente anzeigen\u0022\u003EMehr anzeigen\u003C\/a\u003E\u003C\/div\u003E\n"}]