[{"command":"settings","settings":{"pluralDelimiter":"\u0003","suppressDeprecationErrors":true,"ajaxPageState":{"libraries":"eJxLzi9K1S_ITC4pLUpNy8zJ0UmpzEvMzUyOT80rySypjM_JLC7RL87IL4_PBaoEALH_EqY","theme":"ivory","theme_token":null},"ajaxTrustedUrl":[],"user":{"uid":0,"permissionsHash":"9c975576f1b96e43d31b3ff34c1ca6b53b6096ff14d83974ef00f2d68011e8fb"}},"merge":true},{"command":"add_css","data":[{"rel":"stylesheet","media":"all","href":"\/core\/themes\/stable9\/css\/core\/components\/progress.module.css?te7139"},{"rel":"stylesheet","media":"all","href":"\/core\/themes\/stable9\/css\/core\/components\/ajax-progress.module.css?te7139"},{"rel":"stylesheet","media":"all","href":"\/themes\/contrib\/gin\/dist\/css\/components\/ajax.css?te7139"}]},{"command":"add_js","selector":"body","data":[{"src":"\/core\/assets\/vendor\/jquery\/jquery.min.js?v=4.0.0"},{"src":"\/sites\/default\/files\/js\/js_SOY114GpGVFDIY_6DaBPrQzAWKo6L86xdv-NZ8hIQ-E.js?scope=footer\u0026delta=1\u0026language=de-kl\u0026theme=ivory\u0026include=eJxLqcxLzM1Mjk_NK8ksqYzPySwu0S_OyC-Pz80vSgUAtBcL_w"}]},{"command":"showMoreTeasers","id":"del--paragraph-590054","content":"\u003Ca href=\u0022\/produkte\/neue-und-interessante-produkte-der-hersteller-bewaehrtes-neuheiten\u0022  class=\u0022teaser teaser--standard\u0022 aria-label=\u0022Bew\u00e4hrtes \u0026amp; Neuheiten\u0022\u003E\n      \u003Cdiv class=\u0022teaser-content--image\u0022\u003E\n        \u003Cfigure class=\u0022image--figure\u0022\u003E\n        \u003Cpicture\u003E\n                        \u003Csource srcset=\u0022\/sites\/default\/files\/styles\/teaser_standard__m\/public\/aurora\/2026\/04\/525582.jpeg.webp?itok=dA1rcUmK 1x\u0022 media=\u0022(min-width: 48.0625em) and (max-width: 64em)\u0022 type=\u0022image\/webp\u0022 width=\u0022287\u0022 height=\u0022242\u0022\/\u003E\n                  \u003Csource srcset=\u0022\/sites\/default\/files\/styles\/teaser_standard__l\/public\/aurora\/2026\/04\/525582.jpeg.webp?itok=1IpmUbJu 1x\u0022 media=\u0022(min-width: 64.0625em)\u0022 type=\u0022image\/webp\u0022 width=\u0022180\u0022 height=\u0022152\u0022\/\u003E\n                  \u003Csource srcset=\u0022\/sites\/default\/files\/styles\/teaser_standard__m\/public\/aurora\/2026\/04\/525582.jpeg?itok=Wxn1GWJy 1x\u0022 media=\u0022(min-width: 48.0625em) and (max-width: 64em)\u0022 type=\u0022image\/jpeg\u0022 width=\u0022287\u0022 height=\u0022242\u0022\/\u003E\n                  \u003Csource srcset=\u0022\/sites\/default\/files\/styles\/teaser_standard__l\/public\/aurora\/2026\/04\/525582.jpeg?itok=E_1wHh4z 1x\u0022 media=\u0022(min-width: 64.0625em)\u0022 type=\u0022image\/jpeg\u0022 width=\u0022180\u0022 height=\u0022152\u0022\/\u003E\n                          \u003Cimg alt=\u0022Mika\u0022 loading=\u0022eager\u0022 data-caption-hide width=\u0022472\u0022 height=\u0022398\u0022 data-zoomed=\u0022https:\/\/www.kl-magazin.de\/sites\/default\/files\/styles\/content__zoomed\/public\/aurora\/2026\/04\/525582.jpeg?itok=qJsGKp96\u0022 src=\u0022\/sites\/default\/files\/styles\/teaser_standard__s\/public\/aurora\/2026\/04\/525582.jpeg?itok=js8rYmuv\u0022 title=\u0022\u00a9 Foto: Leda\u0022 \/\u003E\n\n    \u003C\/picture\u003E\n      \u003Cfigcaption class=\u0022image--figcaption\u0022\u003E\n          \u003Cdiv class=\u0022copyright\u0022\u003EFoto: Leda\u003C\/div\u003E\n          \u003C\/figcaption\u003E\n\u003C\/figure\u003E\n\n\n    \u003C\/div\u003E\n    \u003Cdiv class=\u0022teaser-content\u0022\u003E\n                    \u003Cdiv class=\u0022teaser-content--kicker\u0022\u003E\n                    \/\/\/\u2002Neue und interessante Produkte der Hersteller\n\n        \u003C\/div\u003E\n                                              \n                        \n        \u003Ch4 class=\u0022teaser-content--headline\u0022\u003E\n                                Bew\u00e4hrtes \u0026amp; \n                              \u003Cspan class=\u0022headline-last-word-arrow\u0022\u003ENeuheiten              \u003Cspan\n                  class=\u0022permission-lock permission-lock-icon--\u0022\u003E\u003C\/span\u003E\n                                  \u003C\/span\u003E\n        \u003C\/h4\u003E\n            \u003Cdiv class=\u0022teaser-content--publishing-date\u0022\u003E\u003Ctime datetime=\u00222026-04-02T13:01:01Z\u0022\u003E02.04.2026\u003C\/time\u003E\n\u003C\/div\u003E\u003Cspan class=\u0022teaser-content--publishing-date-divider\u0022\u003E - \u003C\/span\u003E\u003Cdiv class=\u0022teaser-content--body\u0022\u003E  \u003Cp\u003EAuf der diesj\u00e4hrigen Hagos B\u00f6rse zeigte Leda drei Neuheiten, die die Bandbreite des Produktspektrums abbilden: einen besonders schlanken Design-Kaminofen, einen leistungsstarken Speicherofen sowie einen wasserf\u00fchrenden Aufsatzkessel als Zubeh\u00f6r f\u00fcr Heiz- und Kamineins\u00e4tze.\u003Cbr\u003E\n\u003C\/p\u003E\n\u003Cp\u003EMika \u2013 Schlanke Silhouette...\u003C\/p\u003E\n\n\n\u003C\/div\u003E\n                        \u003Cspan class=\u0022read-more-arrow-container\u0022\u003E\n            \u003Cspan class=\u0022read-more-angled-arrow\u0022\u003E \u003C\/span\u003E\n          \u003C\/span\u003E\n                  \u003C\/div\u003E\n    \u003C\/a\u003E\n\u003Ca href=\u0022\/produkte\/rauchrohrsystem-lifestyle-20-konsequente-weiterentwicklung\u0022  class=\u0022teaser teaser--standard\u0022 aria-label=\u0022Rauchrohrsystem \u201eLifestyle 2.0\u201c \u2013 konsequente Weiterentwicklung\r\u0022\u003E\n      \u003Cdiv class=\u0022teaser-content--image\u0022\u003E\n        \u003Cfigure class=\u0022image--figure\u0022\u003E\n        \u003Cpicture\u003E\n                        \u003Csource srcset=\u0022\/sites\/default\/files\/styles\/teaser_standard__m\/public\/aurora\/2026\/04\/525587.jpeg.webp?itok=Y0_EqoQ0 1x\u0022 media=\u0022(min-width: 48.0625em) and (max-width: 64em)\u0022 type=\u0022image\/webp\u0022 width=\u0022323\u0022 height=\u0022216\u0022\/\u003E\n                  \u003Csource srcset=\u0022\/sites\/default\/files\/styles\/teaser_standard__l\/public\/aurora\/2026\/04\/525587.jpeg.webp?itok=QOH5hoHd 1x\u0022 media=\u0022(min-width: 64.0625em)\u0022 type=\u0022image\/webp\u0022 width=\u0022203\u0022 height=\u0022136\u0022\/\u003E\n                  \u003Csource srcset=\u0022\/sites\/default\/files\/styles\/teaser_standard__m\/public\/aurora\/2026\/04\/525587.jpeg?itok=wJHuK8wI 1x\u0022 media=\u0022(min-width: 48.0625em) and (max-width: 64em)\u0022 type=\u0022image\/jpeg\u0022 width=\u0022323\u0022 height=\u0022216\u0022\/\u003E\n                  \u003Csource srcset=\u0022\/sites\/default\/files\/styles\/teaser_standard__l\/public\/aurora\/2026\/04\/525587.jpeg?itok=Y-qRK80q 1x\u0022 media=\u0022(min-width: 64.0625em)\u0022 type=\u0022image\/jpeg\u0022 width=\u0022203\u0022 height=\u0022136\u0022\/\u003E\n                          \u003Cimg loading=\u0022eager\u0022 data-caption-hide width=\u0022596\u0022 height=\u0022398\u0022 data-zoomed=\u0022https:\/\/www.kl-magazin.de\/sites\/default\/files\/styles\/content__zoomed\/public\/aurora\/2026\/04\/525587.jpeg?itok=T8mpxOdM\u0022 src=\u0022\/sites\/default\/files\/styles\/teaser_standard__s\/public\/aurora\/2026\/04\/525587.jpeg?itok=WuRY6aMN\u0022 title=\u0022\u00a9 Foto: Muldenthaler \/ EHS\u0022 \/\u003E\n\n    \u003C\/picture\u003E\n      \u003Cfigcaption class=\u0022image--figcaption\u0022\u003E\n          \u003Cdiv class=\u0022copyright\u0022\u003EFoto: Muldenthaler \/ EHS\u003C\/div\u003E\n          \u003C\/figcaption\u003E\n\u003C\/figure\u003E\n\n\n    \u003C\/div\u003E\n    \u003Cdiv class=\u0022teaser-content\u0022\u003E\n                    \u003Cdiv class=\u0022teaser-content--kicker\u0022\u003E\n                    \n        \u003C\/div\u003E\n                                              \n                        \n        \u003Ch4 class=\u0022teaser-content--headline\u0022\u003E\n                                Rauchrohrsystem \u201eLifestyle 2.0\u201c \u2013 konsequente \n                              \u003Cspan class=\u0022headline-last-word-arrow\u0022\u003EWeiterentwicklung              \u003Cspan\n                  class=\u0022permission-lock permission-lock-icon--\u0022\u003E\u003C\/span\u003E\n                                  \u003C\/span\u003E\n        \u003C\/h4\u003E\n            \u003Cdiv class=\u0022teaser-content--publishing-date\u0022\u003E\u003Ctime datetime=\u00222026-04-02T13:00:59Z\u0022\u003E02.04.2026\u003C\/time\u003E\n\u003C\/div\u003E\u003Cspan class=\u0022teaser-content--publishing-date-divider\u0022\u003E - \u003C\/span\u003E\u003Cdiv class=\u0022teaser-content--body\u0022\u003E  \u003Cp\u003EMit der Markteinf\u00fchrung des Rauchrohrsystems \u201eLifestyle\u201c im Jahr 2020 wurde ein neuer gestalterischer und fertigungstechnischer Ansatz im Bereich der Rauchrohrsysteme eingef\u00fchrt. Das System zeichnete sich von Beginn an durch eine klar definierte Formensprache sowie eine hohe Fertigungsqualit\u00e4t aus...\u003C\/p\u003E\n\n\n\u003C\/div\u003E\n                        \u003Cspan class=\u0022read-more-arrow-container\u0022\u003E\n            \u003Cspan class=\u0022read-more-angled-arrow\u0022\u003E \u003C\/span\u003E\n          \u003C\/span\u003E\n                  \u003C\/div\u003E\n    \u003C\/a\u003E\n\u003Ca href=\u0022\/produkte\/promethon-hafnermoertel-fuer-hoechste-ansprueche\u0022  class=\u0022teaser teaser--standard\u0022 aria-label=\u0022\ufeffPromeThon \u2013 Hafnerm\u00f6rtel f\u00fcr h\u00f6chste Anspr\u00fcche\u0022\u003E\n      \u003Cdiv class=\u0022teaser-content--image\u0022\u003E\n        \u003Cfigure class=\u0022image--figure\u0022\u003E\n        \u003Cpicture\u003E\n                        \u003Csource srcset=\u0022\/sites\/default\/files\/styles\/teaser_standard__m\/public\/aurora\/2026\/04\/525589.jpeg.webp?itok=Kudqav8p 1x\u0022 media=\u0022(min-width: 48.0625em) and (max-width: 64em)\u0022 type=\u0022image\/webp\u0022 width=\u0022323\u0022 height=\u0022179\u0022\/\u003E\n                  \u003Csource srcset=\u0022\/sites\/default\/files\/styles\/teaser_standard__l\/public\/aurora\/2026\/04\/525589.jpeg.webp?itok=xHQxTmYb 1x\u0022 media=\u0022(min-width: 64.0625em)\u0022 type=\u0022image\/webp\u0022 width=\u0022203\u0022 height=\u0022113\u0022\/\u003E\n                  \u003Csource srcset=\u0022\/sites\/default\/files\/styles\/teaser_standard__m\/public\/aurora\/2026\/04\/525589.jpeg?itok=azH28L0W 1x\u0022 media=\u0022(min-width: 48.0625em) and (max-width: 64em)\u0022 type=\u0022image\/jpeg\u0022 width=\u0022323\u0022 height=\u0022179\u0022\/\u003E\n                  \u003Csource srcset=\u0022\/sites\/default\/files\/styles\/teaser_standard__l\/public\/aurora\/2026\/04\/525589.jpeg?itok=hj9JFnpL 1x\u0022 media=\u0022(min-width: 64.0625em)\u0022 type=\u0022image\/jpeg\u0022 width=\u0022203\u0022 height=\u0022113\u0022\/\u003E\n                          \u003Cimg alt=\u0022Neu von Prometheus: PromeThon\u0022 loading=\u0022eager\u0022 data-caption-hide width=\u0022708\u0022 height=\u0022393\u0022 data-zoomed=\u0022https:\/\/www.kl-magazin.de\/sites\/default\/files\/styles\/content__zoomed\/public\/aurora\/2026\/04\/525589.jpeg?itok=LzN4q-au\u0022 src=\u0022\/sites\/default\/files\/styles\/teaser_standard__s\/public\/aurora\/2026\/04\/525589.jpeg?itok=mbvpPk7k\u0022 title=\u0022\u00a9 Foto: Prometheus\u0022 \/\u003E\n\n    \u003C\/picture\u003E\n      \u003Cfigcaption class=\u0022image--figcaption\u0022\u003E\n          \u003Cdiv class=\u0022copyright\u0022\u003EFoto: Prometheus\u003C\/div\u003E\n          \u003C\/figcaption\u003E\n\u003C\/figure\u003E\n\n\n    \u003C\/div\u003E\n    \u003Cdiv class=\u0022teaser-content\u0022\u003E\n                    \u003Cdiv class=\u0022teaser-content--kicker\u0022\u003E\n                    \n        \u003C\/div\u003E\n                                              \n                        \n        \u003Ch4 class=\u0022teaser-content--headline\u0022\u003E\n                                \ufeffPromeThon \u2013 Hafnerm\u00f6rtel f\u00fcr h\u00f6chste \n                              \u003Cspan class=\u0022headline-last-word-arrow\u0022\u003EAnspr\u00fcche              \u003Cspan\n                  class=\u0022permission-lock permission-lock-icon--\u0022\u003E\u003C\/span\u003E\n                                  \u003C\/span\u003E\n        \u003C\/h4\u003E\n            \u003Cdiv class=\u0022teaser-content--publishing-date\u0022\u003E\u003Ctime datetime=\u00222026-04-02T13:00:57Z\u0022\u003E02.04.2026\u003C\/time\u003E\n\u003C\/div\u003E\u003Cspan class=\u0022teaser-content--publishing-date-divider\u0022\u003E - \u003C\/span\u003E\u003Cdiv class=\u0022teaser-content--body\u0022\u003E  \u003Cp\u003EMit dem neuen Hafnerm\u00f6rtel \u201ePromeThon\u201c stellt das \u00f6sterreichische Unternehmen Prometheus ein Verarbeitungsprodukt zur Verf\u00fcgung, das gezielt auf die Anforderungen im modernen Speicherofenbau ausgelegt ist. Entwickelt f\u00fcr typische Anwendungen im Hafnerhandwerk, richtet sich der M\u00f6rtel sowohl an den...\u003C\/p\u003E\n\n\n\u003C\/div\u003E\n                        \u003Cspan class=\u0022read-more-arrow-container\u0022\u003E\n            \u003Cspan class=\u0022read-more-angled-arrow\u0022\u003E \u003C\/span\u003E\n          \u003C\/span\u003E\n                  \u003C\/div\u003E\n    \u003C\/a\u003E\n\u003Ca href=\u0022\/produkte\/neu-von-brula-nivo\u0022  class=\u0022teaser teaser--standard\u0022 aria-label=\u0022Neu von Brula: NIVO\r\u0022\u003E\n      \u003Cdiv class=\u0022teaser-content--image\u0022\u003E\n        \u003Cfigure class=\u0022image--figure\u0022\u003E\n        \u003Cpicture\u003E\n                        \u003Csource srcset=\u0022\/sites\/default\/files\/styles\/teaser_standard__m\/public\/aurora\/2026\/03\/516344.jpeg.webp?itok=5DshxU0U 1x\u0022 media=\u0022(min-width: 48.0625em) and (max-width: 64em)\u0022 type=\u0022image\/webp\u0022 width=\u0022190\u0022 height=\u0022242\u0022\/\u003E\n                  \u003Csource srcset=\u0022\/sites\/default\/files\/styles\/teaser_standard__l\/public\/aurora\/2026\/03\/516344.jpeg.webp?itok=BLSSEcpc 1x\u0022 media=\u0022(min-width: 64.0625em)\u0022 type=\u0022image\/webp\u0022 width=\u0022119\u0022 height=\u0022152\u0022\/\u003E\n                  \u003Csource srcset=\u0022\/sites\/default\/files\/styles\/teaser_standard__m\/public\/aurora\/2026\/03\/516344.jpeg?itok=16-_GbGV 1x\u0022 media=\u0022(min-width: 48.0625em) and (max-width: 64em)\u0022 type=\u0022image\/jpeg\u0022 width=\u0022190\u0022 height=\u0022242\u0022\/\u003E\n                  \u003Csource srcset=\u0022\/sites\/default\/files\/styles\/teaser_standard__l\/public\/aurora\/2026\/03\/516344.jpeg?itok=2R2KWys5 1x\u0022 media=\u0022(min-width: 64.0625em)\u0022 type=\u0022image\/jpeg\u0022 width=\u0022119\u0022 height=\u0022152\u0022\/\u003E\n                          \u003Cimg alt=\u0022Nivo Beton\u0022 loading=\u0022eager\u0022 data-caption-hide width=\u0022312\u0022 height=\u0022398\u0022 data-zoomed=\u0022https:\/\/www.kl-magazin.de\/sites\/default\/files\/styles\/content__zoomed\/public\/aurora\/2026\/03\/516344.jpeg?itok=paPNaCe6\u0022 src=\u0022\/sites\/default\/files\/styles\/teaser_standard__s\/public\/aurora\/2026\/03\/516344.jpeg?itok=2IqSek_I\u0022 title=\u0022\u00a9 Foto: Brula\u0022 \/\u003E\n\n    \u003C\/picture\u003E\n      \u003Cfigcaption class=\u0022image--figcaption\u0022\u003E\n          \u003Cdiv class=\u0022copyright\u0022\u003EFoto: Brula\u003C\/div\u003E\n          \u003C\/figcaption\u003E\n\u003C\/figure\u003E\n\n\n    \u003C\/div\u003E\n    \u003Cdiv class=\u0022teaser-content\u0022\u003E\n                    \u003Cdiv class=\u0022teaser-content--kicker\u0022\u003E\n                    \n        \u003C\/div\u003E\n                                              \n                        \n        \u003Ch4 class=\u0022teaser-content--headline\u0022\u003E\n                                Neu von Brula: \n                              \u003Cspan class=\u0022headline-last-word-arrow\u0022\u003ENIVO                      \u003C\/span\u003E\n        \u003C\/h4\u003E\n            \u003Cdiv class=\u0022teaser-content--publishing-date\u0022\u003E\u003Ctime datetime=\u00222026-03-02T13:15:11Z\u0022\u003E02.03.2026\u003C\/time\u003E\n\u003C\/div\u003E\u003Cspan class=\u0022teaser-content--publishing-date-divider\u0022\u003E - \u003C\/span\u003E\u003Cdiv class=\u0022teaser-content--body\u0022\u003E  \u003Cp\u003EMit der neuen Produktserie \u201eNivo\u201c erweitert das Allg\u00e4uer Unternehmen Brula sein Portfolio um einen kompakten Kleinspeicherofen, der konsequent nach den Prinzipien des klassischen Grundofens aufgebaut ist. Das System richtet sich gezielt an Ofenbauer und Fachh\u00e4ndler, die f\u00fcr kleinere Wohnsituationen...\u003C\/p\u003E\n\n\n\u003C\/div\u003E\n                        \u003Cspan class=\u0022read-more-arrow-container\u0022\u003E\n            \u003Cspan class=\u0022read-more-angled-arrow\u0022\u003E \u003C\/span\u003E\n          \u003C\/span\u003E\n                  \u003C\/div\u003E\n    \u003C\/a\u003E\n\u003Ca href=\u0022\/produkte\/der-chronobot-von-firetube-tickt-richtig\u0022  class=\u0022teaser teaser--standard\u0022 aria-label=\u0022Der Chronobot von firetube tickt richtig\u0022\u003E\n      \u003Cdiv class=\u0022teaser-content--image\u0022\u003E\n        \u003Cfigure class=\u0022image--figure\u0022\u003E\n        \u003Cpicture\u003E\n                        \u003Csource srcset=\u0022\/sites\/default\/files\/styles\/teaser_standard__m\/public\/aurora\/2026\/03\/516348.jpeg.webp?itok=L0FTwAw0 1x\u0022 media=\u0022(min-width: 48.0625em) and (max-width: 64em)\u0022 type=\u0022image\/webp\u0022 width=\u0022243\u0022 height=\u0022242\u0022\/\u003E\n                  \u003Csource srcset=\u0022\/sites\/default\/files\/styles\/teaser_standard__l\/public\/aurora\/2026\/03\/516348.jpeg.webp?itok=a0vxyByd 1x\u0022 media=\u0022(min-width: 64.0625em)\u0022 type=\u0022image\/webp\u0022 width=\u0022153\u0022 height=\u0022152\u0022\/\u003E\n                  \u003Csource srcset=\u0022\/sites\/default\/files\/styles\/teaser_standard__m\/public\/aurora\/2026\/03\/516348.jpeg?itok=c68tCDS7 1x\u0022 media=\u0022(min-width: 48.0625em) and (max-width: 64em)\u0022 type=\u0022image\/jpeg\u0022 width=\u0022243\u0022 height=\u0022242\u0022\/\u003E\n                  \u003Csource srcset=\u0022\/sites\/default\/files\/styles\/teaser_standard__l\/public\/aurora\/2026\/03\/516348.jpeg?itok=RGFQFBUk 1x\u0022 media=\u0022(min-width: 64.0625em)\u0022 type=\u0022image\/jpeg\u0022 width=\u0022153\u0022 height=\u0022152\u0022\/\u003E\n                          \u003Cimg alt=\u0022Der Chronobot l\u00e4sst sich einfach an der Unterseite der firetube-Feuerst\u00e4tten montieren.\u0022 loading=\u0022eager\u0022 data-caption-hide width=\u0022400\u0022 height=\u0022398\u0022 data-zoomed=\u0022https:\/\/www.kl-magazin.de\/sites\/default\/files\/styles\/content__zoomed\/public\/aurora\/2026\/03\/516348.jpeg?itok=gds_omFr\u0022 src=\u0022\/sites\/default\/files\/styles\/teaser_standard__s\/public\/aurora\/2026\/03\/516348.jpeg?itok=ZYnMTYpt\u0022 title=\u0022\u00a9 Foto: firetube\u0022 \/\u003E\n\n    \u003C\/picture\u003E\n      \u003Cfigcaption class=\u0022image--figcaption\u0022\u003E\n          \u003Cdiv class=\u0022copyright\u0022\u003EFoto: firetube\u003C\/div\u003E\n          \u003C\/figcaption\u003E\n\u003C\/figure\u003E\n\n\n    \u003C\/div\u003E\n    \u003Cdiv class=\u0022teaser-content\u0022\u003E\n                    \u003Cdiv class=\u0022teaser-content--kicker\u0022\u003E\n                    \n        \u003C\/div\u003E\n                                              \n                        \n        \u003Ch4 class=\u0022teaser-content--headline\u0022\u003E\n                                Der Chronobot von firetube tickt \n                              \u003Cspan class=\u0022headline-last-word-arrow\u0022\u003Erichtig                      \u003C\/span\u003E\n        \u003C\/h4\u003E\n            \u003Cdiv class=\u0022teaser-content--publishing-date\u0022\u003E\u003Ctime datetime=\u00222026-03-02T13:15:10Z\u0022\u003E02.03.2026\u003C\/time\u003E\n\u003C\/div\u003E\u003Cspan class=\u0022teaser-content--publishing-date-divider\u0022\u003E - \u003C\/span\u003E\u003Cdiv class=\u0022teaser-content--body\u0022\u003E  \u003Cp\u003EMit der festen \u00dcberzeugung, dass die von firetube selbst entwickelten \u00d6fen und das Heizen mit Holz einen \u00f6kologisch sinnvollen und nachhaltigen Beitrag zur W\u00e4rmeerzeugung leisten, richtet das Unternehmen seinen Fokus konsequent auf die technischen Anforderungen der Zukunft. firetube verfolgt dabei...\u003C\/p\u003E\n\n\n\u003C\/div\u003E\n                        \u003Cspan class=\u0022read-more-arrow-container\u0022\u003E\n            \u003Cspan class=\u0022read-more-angled-arrow\u0022\u003E \u003C\/span\u003E\n          \u003C\/span\u003E\n                  \u003C\/div\u003E\n    \u003C\/a\u003E\n\u003Ca href=\u0022\/produkte\/kamineinsaetze-evo\u0022  class=\u0022teaser teaser--standard\u0022 aria-label=\u0022Kamineins\u00e4tze evo\u0022\u003E\n      \u003Cdiv class=\u0022teaser-content--image\u0022\u003E\n        \u003Cfigure class=\u0022image--figure\u0022\u003E\n        \u003Cpicture\u003E\n                        \u003Csource srcset=\u0022\/sites\/default\/files\/styles\/teaser_standard__m\/public\/aurora\/2026\/03\/516108.jpeg.webp?itok=3ZKgcyBG 1x\u0022 media=\u0022(min-width: 48.0625em) and (max-width: 64em)\u0022 type=\u0022image\/webp\u0022 width=\u002290\u0022 height=\u0022242\u0022\/\u003E\n                  \u003Csource srcset=\u0022\/sites\/default\/files\/styles\/teaser_standard__l\/public\/aurora\/2026\/03\/516108.jpeg.webp?itok=npuhYgJi 1x\u0022 media=\u0022(min-width: 64.0625em)\u0022 type=\u0022image\/webp\u0022 width=\u002256\u0022 height=\u0022152\u0022\/\u003E\n                  \u003Csource srcset=\u0022\/sites\/default\/files\/styles\/teaser_standard__m\/public\/aurora\/2026\/03\/516108.jpeg?itok=3MAoGxf0 1x\u0022 media=\u0022(min-width: 48.0625em) and (max-width: 64em)\u0022 type=\u0022image\/jpeg\u0022 width=\u002290\u0022 height=\u0022242\u0022\/\u003E\n                  \u003Csource srcset=\u0022\/sites\/default\/files\/styles\/teaser_standard__l\/public\/aurora\/2026\/03\/516108.jpeg?itok=lfahIZnR 1x\u0022 media=\u0022(min-width: 64.0625em)\u0022 type=\u0022image\/jpeg\u0022 width=\u002256\u0022 height=\u0022152\u0022\/\u003E\n                          \u003Cimg alt=\u0022\u00dcberm\u00e4\u00dfiger Schornsteinzug? Die dezent integrierte Nebenlufteinrichtung reguliert den Zug zuverl\u00e4ssig und effektiv. Direkt am Ger\u00e4t eingebaut sorgt sie fu\u0308r ein ausgewogenes Brennverhalten und ein ruhiges Feuerbild.\u0022 loading=\u0022eager\u0022 data-caption-hide width=\u0022148\u0022 height=\u0022398\u0022 data-zoomed=\u0022https:\/\/www.kl-magazin.de\/sites\/default\/files\/styles\/content__zoomed\/public\/aurora\/2026\/03\/516108.jpeg?itok=lCkTPvxz\u0022 src=\u0022\/sites\/default\/files\/styles\/teaser_standard__s\/public\/aurora\/2026\/03\/516108.jpeg?itok=fZOGFeK2\u0022 title=\u0022\u00a9 Foto: Camina \u0026amp; Schmid\u0022 \/\u003E\n\n    \u003C\/picture\u003E\n      \u003Cfigcaption class=\u0022image--figcaption\u0022\u003E\n          \u003Cdiv class=\u0022copyright\u0022\u003EFoto: Camina \u0026 Schmid\u003C\/div\u003E\n          \u003C\/figcaption\u003E\n\u003C\/figure\u003E\n\n\n    \u003C\/div\u003E\n    \u003Cdiv class=\u0022teaser-content\u0022\u003E\n                    \u003Cdiv class=\u0022teaser-content--kicker\u0022\u003E\n                    \n        \u003C\/div\u003E\n                                              \n                        \n        \u003Ch4 class=\u0022teaser-content--headline\u0022\u003E\n                                Kamineins\u00e4tze \n                              \u003Cspan class=\u0022headline-last-word-arrow\u0022\u003Eevo                      \u003C\/span\u003E\n        \u003C\/h4\u003E\n            \u003Cdiv class=\u0022teaser-content--publishing-date\u0022\u003E\u003Ctime datetime=\u00222026-03-02T13:15:10Z\u0022\u003E02.03.2026\u003C\/time\u003E\n\u003C\/div\u003E\u003Cspan class=\u0022teaser-content--publishing-date-divider\u0022\u003E - \u003C\/span\u003E\u003Cdiv class=\u0022teaser-content--body\u0022\u003E  \u003Cp\u003EDie evo Kamineins\u00e4tze von Camina \u0026amp; Schmid \u00fcberzeugen mit der zum Patent angemeldeten Flammenkorrektur und mit der ersten Nebenlufteinrichtung ohne Aufstellma\u00df\u00e4nderung. Ein ruhiges Flammenbild, klare Scheiben und ein automatischer Druckausgleich des Schornsteinzugs im Brennraum. Das setzt neue...\u003C\/p\u003E\n\n\n\u003C\/div\u003E\n                        \u003Cspan class=\u0022read-more-arrow-container\u0022\u003E\n            \u003Cspan class=\u0022read-more-angled-arrow\u0022\u003E \u003C\/span\u003E\n          \u003C\/span\u003E\n                  \u003C\/div\u003E\n    \u003C\/a\u003E\n\u003Ca href=\u0022\/produkte\/neu-von-gutbrod-speicherkaminofen-keramik-accu\u0022  class=\u0022teaser teaser--standard\u0022 aria-label=\u0022Neu von Gutbrod: Speicherkaminofen \u201eKeramik-ACCU\u201c\u0022\u003E\n      \u003Cdiv class=\u0022teaser-content--image\u0022\u003E\n        \u003Cfigure class=\u0022image--figure\u0022\u003E\n        \u003Cpicture\u003E\n                        \u003Csource srcset=\u0022\/sites\/default\/files\/styles\/teaser_standard__m\/public\/aurora\/2026\/03\/516329.jpeg.webp?itok=NvAJWC47 1x\u0022 media=\u0022(min-width: 48.0625em) and (max-width: 64em)\u0022 type=\u0022image\/webp\u0022 width=\u0022252\u0022 height=\u0022242\u0022\/\u003E\n                  \u003Csource srcset=\u0022\/sites\/default\/files\/styles\/teaser_standard__l\/public\/aurora\/2026\/03\/516329.jpeg.webp?itok=fynUXv_m 1x\u0022 media=\u0022(min-width: 64.0625em)\u0022 type=\u0022image\/webp\u0022 width=\u0022159\u0022 height=\u0022152\u0022\/\u003E\n                  \u003Csource srcset=\u0022\/sites\/default\/files\/styles\/teaser_standard__m\/public\/aurora\/2026\/03\/516329.jpeg?itok=NNNLMjWy 1x\u0022 media=\u0022(min-width: 48.0625em) and (max-width: 64em)\u0022 type=\u0022image\/jpeg\u0022 width=\u0022252\u0022 height=\u0022242\u0022\/\u003E\n                  \u003Csource srcset=\u0022\/sites\/default\/files\/styles\/teaser_standard__l\/public\/aurora\/2026\/03\/516329.jpeg?itok=Hzs_bpGq 1x\u0022 media=\u0022(min-width: 64.0625em)\u0022 type=\u0022image\/jpeg\u0022 width=\u0022159\u0022 height=\u0022152\u0022\/\u003E\n                          \u003Cimg alt=\u0022Neue Speicherkamin\u00f6fen   \u201eKeramik-ACCU\u201c.\u0022 loading=\u0022eager\u0022 data-caption-hide width=\u0022415\u0022 height=\u0022398\u0022 data-zoomed=\u0022https:\/\/www.kl-magazin.de\/sites\/default\/files\/styles\/content__zoomed\/public\/aurora\/2026\/03\/516329.jpeg?itok=L2sZn2b6\u0022 src=\u0022\/sites\/default\/files\/styles\/teaser_standard__s\/public\/aurora\/2026\/03\/516329.jpeg?itok=HIyoiQlc\u0022 title=\u0022\u00a9 Foto: Gutbrod Keramik\u0022 \/\u003E\n\n    \u003C\/picture\u003E\n      \u003Cfigcaption class=\u0022image--figcaption\u0022\u003E\n          \u003Cdiv class=\u0022copyright\u0022\u003EFoto: Gutbrod Keramik\u003C\/div\u003E\n          \u003C\/figcaption\u003E\n\u003C\/figure\u003E\n\n\n    \u003C\/div\u003E\n    \u003Cdiv class=\u0022teaser-content\u0022\u003E\n                    \u003Cdiv class=\u0022teaser-content--kicker\u0022\u003E\n                    \n        \u003C\/div\u003E\n                                              \n                        \n        \u003Ch4 class=\u0022teaser-content--headline\u0022\u003E\n                                Neu von Gutbrod: Speicherkaminofen \n                              \u003Cspan class=\u0022headline-last-word-arrow\u0022\u003E\u201eKeramik-ACCU\u201c                      \u003C\/span\u003E\n        \u003C\/h4\u003E\n            \u003Cdiv class=\u0022teaser-content--publishing-date\u0022\u003E\u003Ctime datetime=\u00222026-03-02T13:15:07Z\u0022\u003E02.03.2026\u003C\/time\u003E\n\u003C\/div\u003E\u003Cspan class=\u0022teaser-content--publishing-date-divider\u0022\u003E - \u003C\/span\u003E\u003Cdiv class=\u0022teaser-content--body\u0022\u003E  \u003Cp\u003EAuch dieses Jahr zeigte der Keramikhersteller eindrucksvoll auf der KOK in Wels, welche M\u00f6glichkeiten zeitgem\u00e4\u00dfe Ofenkeramik zu bieten hat.\u003Cbr\u003E\n\u003C\/p\u003E\n\u003Cp\u003EMesseschwerpunkt war eine v\u00f6llig neue Gutbrod-Entwicklung: der Keramik-ACCU. Hierbei handelt es sich um einen runden Speicherkaminofen, der keramisch verkleidet...\u003C\/p\u003E\n\n\n\u003C\/div\u003E\n                        \u003Cspan class=\u0022read-more-arrow-container\u0022\u003E\n            \u003Cspan class=\u0022read-more-angled-arrow\u0022\u003E \u003C\/span\u003E\n          \u003C\/span\u003E\n                  \u003C\/div\u003E\n    \u003C\/a\u003E\n\u003Ca href=\u0022\/produkte\/oefen-fuer-holz-und-oder-pellets-bauen-mit-blucomb-technologie-und-speckstein\u0022  class=\u0022teaser teaser--standard\u0022 aria-label=\u0022\ufeff\u00d6fen f\u00fcr Holz und\/oder Pellets bauen \u2013 mit Blucomb Technologie und Speckstein!\r\u0022\u003E\n      \u003Cdiv class=\u0022teaser-content--image\u0022\u003E\n        \u003Cfigure class=\u0022image--figure\u0022\u003E\n        \u003Cpicture\u003E\n                        \u003Csource srcset=\u0022\/sites\/default\/files\/styles\/teaser_standard__m\/public\/aurora\/2026\/03\/516337.jpeg.webp?itok=WSX5_Yk5 1x\u0022 media=\u0022(min-width: 48.0625em) and (max-width: 64em)\u0022 type=\u0022image\/webp\u0022 width=\u0022243\u0022 height=\u0022242\u0022\/\u003E\n                  \u003Csource srcset=\u0022\/sites\/default\/files\/styles\/teaser_standard__l\/public\/aurora\/2026\/03\/516337.jpeg.webp?itok=IFeEW8md 1x\u0022 media=\u0022(min-width: 64.0625em)\u0022 type=\u0022image\/webp\u0022 width=\u0022153\u0022 height=\u0022152\u0022\/\u003E\n                  \u003Csource srcset=\u0022\/sites\/default\/files\/styles\/teaser_standard__m\/public\/aurora\/2026\/03\/516337.jpeg?itok=X_RdZnbP 1x\u0022 media=\u0022(min-width: 48.0625em) and (max-width: 64em)\u0022 type=\u0022image\/jpeg\u0022 width=\u0022243\u0022 height=\u0022242\u0022\/\u003E\n                  \u003Csource srcset=\u0022\/sites\/default\/files\/styles\/teaser_standard__l\/public\/aurora\/2026\/03\/516337.jpeg?itok=4MO5Qg9l 1x\u0022 media=\u0022(min-width: 64.0625em)\u0022 type=\u0022image\/jpeg\u0022 width=\u0022153\u0022 height=\u0022152\u0022\/\u003E\n                          \u003Cimg alt=\u0022Neu von Nedita: Speckstein\u00f6fen und Hybridkamine\u0022 loading=\u0022eager\u0022 data-caption-hide width=\u0022400\u0022 height=\u0022398\u0022 data-zoomed=\u0022https:\/\/www.kl-magazin.de\/sites\/default\/files\/styles\/content__zoomed\/public\/aurora\/2026\/03\/516337.jpeg?itok=u1gOGerR\u0022 src=\u0022\/sites\/default\/files\/styles\/teaser_standard__s\/public\/aurora\/2026\/03\/516337.jpeg?itok=ZaOjZBkH\u0022 title=\u0022\u00a9 Foto: Nedita\u0022 \/\u003E\n\n    \u003C\/picture\u003E\n      \u003Cfigcaption class=\u0022image--figcaption\u0022\u003E\n          \u003Cdiv class=\u0022copyright\u0022\u003EFoto: Nedita\u003C\/div\u003E\n          \u003C\/figcaption\u003E\n\u003C\/figure\u003E\n\n\n    \u003C\/div\u003E\n    \u003Cdiv class=\u0022teaser-content\u0022\u003E\n                    \u003Cdiv class=\u0022teaser-content--kicker\u0022\u003E\n                    \n        \u003C\/div\u003E\n                                              \n                        \n        \u003Ch4 class=\u0022teaser-content--headline\u0022\u003E\n                                \ufeff\u00d6fen f\u00fcr Holz und\/oder Pellets bauen \u2013 mit Blucomb Technologie und \n                              \u003Cspan class=\u0022headline-last-word-arrow\u0022\u003ESpeckstein!                      \u003C\/span\u003E\n        \u003C\/h4\u003E\n            \u003Cdiv class=\u0022teaser-content--publishing-date\u0022\u003E\u003Ctime datetime=\u00222026-03-02T13:15:06Z\u0022\u003E02.03.2026\u003C\/time\u003E\n\u003C\/div\u003E\u003Cspan class=\u0022teaser-content--publishing-date-divider\u0022\u003E - \u003C\/span\u003E\u003Cdiv class=\u0022teaser-content--body\u0022\u003E  \u003Cp\u003EDie Ofen-Branche befindet sich im Wandel. Die Rekrutierung qualifizierter Ofenbauer gestaltet sich zunehmend schwierig, w\u00e4hrend gleichzeitig die Anforderungen an eine nachweislich niedrige Emissionsbelastung und eine effiziente Verbrennung weiter steigen. Zudem wird der Wettbewerb um Kunden durch KI...\u003C\/p\u003E\n\n\n\u003C\/div\u003E\n                        \u003Cspan class=\u0022read-more-arrow-container\u0022\u003E\n            \u003Cspan class=\u0022read-more-angled-arrow\u0022\u003E \u003C\/span\u003E\n          \u003C\/span\u003E\n                  \u003C\/div\u003E\n    \u003C\/a\u003E\n\u003Ca href=\u0022\/produkte\/symbol-der-hamburger-kaufleute-individueller-aufsatzofen\u0022  class=\u0022teaser teaser--standard\u0022 aria-label=\u0022Symbol der Hamburger Kaufleute: individueller Aufsatzofen\r\u0022\u003E\n      \u003Cdiv class=\u0022teaser-content--image\u0022\u003E\n        \u003Cfigure class=\u0022image--figure\u0022\u003E\n        \u003Cpicture\u003E\n                        \u003Csource srcset=\u0022\/sites\/default\/files\/styles\/teaser_standard__m\/public\/aurora\/2026\/03\/516335.jpeg.webp?itok=DWpOnPkL 1x\u0022 media=\u0022(min-width: 48.0625em) and (max-width: 64em)\u0022 type=\u0022image\/webp\u0022 width=\u0022251\u0022 height=\u0022242\u0022\/\u003E\n                  \u003Csource srcset=\u0022\/sites\/default\/files\/styles\/teaser_standard__l\/public\/aurora\/2026\/03\/516335.jpeg.webp?itok=n4mzqBX3 1x\u0022 media=\u0022(min-width: 64.0625em)\u0022 type=\u0022image\/webp\u0022 width=\u0022157\u0022 height=\u0022152\u0022\/\u003E\n                  \u003Csource srcset=\u0022\/sites\/default\/files\/styles\/teaser_standard__m\/public\/aurora\/2026\/03\/516335.jpeg?itok=UZKzv9wT 1x\u0022 media=\u0022(min-width: 48.0625em) and (max-width: 64em)\u0022 type=\u0022image\/jpeg\u0022 width=\u0022251\u0022 height=\u0022242\u0022\/\u003E\n                  \u003Csource srcset=\u0022\/sites\/default\/files\/styles\/teaser_standard__l\/public\/aurora\/2026\/03\/516335.jpeg?itok=4dNnzGQl 1x\u0022 media=\u0022(min-width: 64.0625em)\u0022 type=\u0022image\/jpeg\u0022 width=\u0022157\u0022 height=\u0022152\u0022\/\u003E\n                          \u003Cimg alt=\u0022Dieser   \u201eNostalgie-Kaminofen\u201c w\u00e4chst u\u0308ber sich hinaus. Doppelte Leistung: Heizt schnell auf und speichert die W\u00e4rme.\u0022 loading=\u0022eager\u0022 data-caption-hide width=\u0022412\u0022 height=\u0022398\u0022 data-zoomed=\u0022https:\/\/www.kl-magazin.de\/sites\/default\/files\/styles\/content__zoomed\/public\/aurora\/2026\/03\/516335.jpeg?itok=QhrTIo7h\u0022 src=\u0022\/sites\/default\/files\/styles\/teaser_standard__s\/public\/aurora\/2026\/03\/516335.jpeg?itok=zzSq44r4\u0022 title=\u0022\u00a9 Foto: Leda\u0022 \/\u003E\n\n    \u003C\/picture\u003E\n      \u003Cfigcaption class=\u0022image--figcaption\u0022\u003E\n          \u003Cdiv class=\u0022copyright\u0022\u003EFoto: Leda\u003C\/div\u003E\n          \u003C\/figcaption\u003E\n\u003C\/figure\u003E\n\n\n    \u003C\/div\u003E\n    \u003Cdiv class=\u0022teaser-content\u0022\u003E\n                    \u003Cdiv class=\u0022teaser-content--kicker\u0022\u003E\n                    \n        \u003C\/div\u003E\n                                              \n                        \n        \u003Ch4 class=\u0022teaser-content--headline\u0022\u003E\n                                Symbol der Hamburger Kaufleute: individueller \n                              \u003Cspan class=\u0022headline-last-word-arrow\u0022\u003EAufsatzofen                      \u003C\/span\u003E\n        \u003C\/h4\u003E\n            \u003Cdiv class=\u0022teaser-content--publishing-date\u0022\u003E\u003Ctime datetime=\u00222026-03-02T13:15:04Z\u0022\u003E02.03.2026\u003C\/time\u003E\n\u003C\/div\u003E\u003Cspan class=\u0022teaser-content--publishing-date-divider\u0022\u003E - \u003C\/span\u003E\u003Cdiv class=\u0022teaser-content--body\u0022\u003E  \u003Cp\u003EVornehme Bu\u0308rgerh\u00e4user aus der Gru\u0308nderzeit mit gro\u00dfzu\u0308gigen Wohnungen, hohen Decken, Stuck und Parkett waren Anfang des letzten Jahrhunderts das Refugium Hamburger Kaufleute, die zwar fu\u0308r ihr Understatement bekannt waren, aber privat gerne ihren Reichtum zelebrierten. Geheizt wurde meist mit einem...\u003C\/p\u003E\n\n\n\u003C\/div\u003E\n                        \u003Cspan class=\u0022read-more-arrow-container\u0022\u003E\n            \u003Cspan class=\u0022read-more-angled-arrow\u0022\u003E \u003C\/span\u003E\n          \u003C\/span\u003E\n                  \u003C\/div\u003E\n    \u003C\/a\u003E\n\u003Ca href=\u0022\/produkte\/feuer-neuer-dimension\u0022  class=\u0022teaser teaser--standard\u0022 aria-label=\u0022Feuer in neuer Dimension\u0022\u003E\n      \u003Cdiv class=\u0022teaser-content--image\u0022\u003E\n        \u003Cfigure class=\u0022image--figure\u0022\u003E\n        \u003Cpicture\u003E\n                        \u003Csource srcset=\u0022\/sites\/default\/files\/styles\/teaser_standard__m\/public\/aurora\/2026\/02\/508971.jpeg.webp?itok=o1blnhwN 1x\u0022 media=\u0022(min-width: 48.0625em) and (max-width: 64em)\u0022 type=\u0022image\/webp\u0022 width=\u0022323\u0022 height=\u0022164\u0022\/\u003E\n                  \u003Csource srcset=\u0022\/sites\/default\/files\/styles\/teaser_standard__l\/public\/aurora\/2026\/02\/508971.jpeg.webp?itok=Co-jNIM5 1x\u0022 media=\u0022(min-width: 64.0625em)\u0022 type=\u0022image\/webp\u0022 width=\u0022203\u0022 height=\u0022103\u0022\/\u003E\n                  \u003Csource srcset=\u0022\/sites\/default\/files\/styles\/teaser_standard__m\/public\/aurora\/2026\/02\/508971.jpeg?itok=kb9VFRnP 1x\u0022 media=\u0022(min-width: 48.0625em) and (max-width: 64em)\u0022 type=\u0022image\/jpeg\u0022 width=\u0022323\u0022 height=\u0022164\u0022\/\u003E\n                  \u003Csource srcset=\u0022\/sites\/default\/files\/styles\/teaser_standard__l\/public\/aurora\/2026\/02\/508971.jpeg?itok=1ocE-8ZT 1x\u0022 media=\u0022(min-width: 64.0625em)\u0022 type=\u0022image\/jpeg\u0022 width=\u0022203\u0022 height=\u0022103\u0022\/\u003E\n                          \u003Cimg alt=\u0022Premium-Einsatz A-3RL-100h\u0022 loading=\u0022eager\u0022 data-caption-hide width=\u0022708\u0022 height=\u0022360\u0022 data-zoomed=\u0022https:\/\/www.kl-magazin.de\/sites\/default\/files\/styles\/content__zoomed\/public\/aurora\/2026\/02\/508971.jpeg?itok=igZy0U4x\u0022 src=\u0022\/sites\/default\/files\/styles\/teaser_standard__s\/public\/aurora\/2026\/02\/508971.jpeg?itok=3CHTTx6f\u0022 title=\u0022\u00a9 Foto: Spartherm\u0022 \/\u003E\n\n    \u003C\/picture\u003E\n      \u003Cfigcaption class=\u0022image--figcaption\u0022\u003E\n          \u003Cdiv class=\u0022copyright\u0022\u003EFoto: Spartherm\u003C\/div\u003E\n          \u003C\/figcaption\u003E\n\u003C\/figure\u003E\n\n\n    \u003C\/div\u003E\n    \u003Cdiv class=\u0022teaser-content\u0022\u003E\n                    \u003Cdiv class=\u0022teaser-content--kicker\u0022\u003E\n                    \n        \u003C\/div\u003E\n                                              \n                        \n        \u003Ch4 class=\u0022teaser-content--headline\u0022\u003E\n                                Feuer in neuer \n                              \u003Cspan class=\u0022headline-last-word-arrow\u0022\u003EDimension                      \u003C\/span\u003E\n        \u003C\/h4\u003E\n            \u003Cdiv class=\u0022teaser-content--publishing-date\u0022\u003E\u003Ctime datetime=\u00222026-02-02T14:52:06Z\u0022\u003E02.02.2026\u003C\/time\u003E\n\u003C\/div\u003E\u003Cspan class=\u0022teaser-content--publishing-date-divider\u0022\u003E - \u003C\/span\u003E\u003Cdiv class=\u0022teaser-content--body\u0022\u003E  \u003Cp\u003EGro\u00dfformatige Kaminanlagen pr\u00e4gen Raum und Architektur in besonderem Ma\u00dfe. Sie richten sich an Bauherren und Planer, die Feuer in weitl\u00e4ufigen Wohnlandschaften als zentrales Gestaltungselement begreifen. Doch mit zunehmender Feuerraumtiefe und -breite steigen die Anforderungen an Planung, Technik...\u003C\/p\u003E\n\n\n\u003C\/div\u003E\n                        \u003Cspan class=\u0022read-more-arrow-container\u0022\u003E\n            \u003Cspan class=\u0022read-more-angled-arrow\u0022\u003E \u003C\/span\u003E\n          \u003C\/span\u003E\n                  \u003C\/div\u003E\n    \u003C\/a\u003E\n\u003Ca href=\u0022\/produkte\/kaminofen-mit-naturinspirierter-oberflaeche\u0022  class=\u0022teaser teaser--standard\u0022 aria-label=\u0022Kaminofen mit naturinspirierter Oberfl\u00e4che\r\u0022\u003E\n      \u003Cdiv class=\u0022teaser-content--image\u0022\u003E\n        \u003Cfigure class=\u0022image--figure\u0022\u003E\n        \u003Cpicture\u003E\n                        \u003Csource srcset=\u0022\/sites\/default\/files\/styles\/teaser_standard__m\/public\/aurora\/2026\/02\/508964.jpeg.webp?itok=DJLUcfyp 1x\u0022 media=\u0022(min-width: 48.0625em) and (max-width: 64em)\u0022 type=\u0022image\/webp\u0022 width=\u0022133\u0022 height=\u0022242\u0022\/\u003E\n                  \u003Csource srcset=\u0022\/sites\/default\/files\/styles\/teaser_standard__l\/public\/aurora\/2026\/02\/508964.jpeg.webp?itok=WysdjwvH 1x\u0022 media=\u0022(min-width: 64.0625em)\u0022 type=\u0022image\/webp\u0022 width=\u002284\u0022 height=\u0022152\u0022\/\u003E\n                  \u003Csource srcset=\u0022\/sites\/default\/files\/styles\/teaser_standard__m\/public\/aurora\/2026\/02\/508964.jpeg?itok=KTQUa2Ri 1x\u0022 media=\u0022(min-width: 48.0625em) and (max-width: 64em)\u0022 type=\u0022image\/jpeg\u0022 width=\u0022133\u0022 height=\u0022242\u0022\/\u003E\n                  \u003Csource srcset=\u0022\/sites\/default\/files\/styles\/teaser_standard__l\/public\/aurora\/2026\/02\/508964.jpeg?itok=ipOOPLla 1x\u0022 media=\u0022(min-width: 64.0625em)\u0022 type=\u0022image\/jpeg\u0022 width=\u002284\u0022 height=\u0022152\u0022\/\u003E\n                          \u003Cimg alt=\u0022Die Oberfl\u00e4che des Greena nature erinnert optisch an Baumrinde und l\u00e4sst sich zugleich mit der Hand erf\u00fchlen.\u0022 loading=\u0022eager\u0022 data-caption-hide width=\u0022219\u0022 height=\u0022398\u0022 data-zoomed=\u0022https:\/\/www.kl-magazin.de\/sites\/default\/files\/styles\/content__zoomed\/public\/aurora\/2026\/02\/508964.jpeg?itok=u05CuEvE\u0022 src=\u0022\/sites\/default\/files\/styles\/teaser_standard__s\/public\/aurora\/2026\/02\/508964.jpeg?itok=KqBHaDAz\u0022 title=\u0022\u00a9 Foto: Leda\u0022 \/\u003E\n\n    \u003C\/picture\u003E\n      \u003Cfigcaption class=\u0022image--figcaption\u0022\u003E\n          \u003Cdiv class=\u0022copyright\u0022\u003EFoto: Leda\u003C\/div\u003E\n          \u003C\/figcaption\u003E\n\u003C\/figure\u003E\n\n\n    \u003C\/div\u003E\n    \u003Cdiv class=\u0022teaser-content\u0022\u003E\n                    \u003Cdiv class=\u0022teaser-content--kicker\u0022\u003E\n                    \n        \u003C\/div\u003E\n                                              \n                        \n        \u003Ch4 class=\u0022teaser-content--headline\u0022\u003E\n                                Kaminofen mit naturinspirierter \n                              \u003Cspan class=\u0022headline-last-word-arrow\u0022\u003EOberfl\u00e4che                      \u003C\/span\u003E\n        \u003C\/h4\u003E\n            \u003Cdiv class=\u0022teaser-content--publishing-date\u0022\u003E\u003Ctime datetime=\u00222026-02-02T14:52:03Z\u0022\u003E02.02.2026\u003C\/time\u003E\n\u003C\/div\u003E\u003Cspan class=\u0022teaser-content--publishing-date-divider\u0022\u003E - \u003C\/span\u003E\u003Cdiv class=\u0022teaser-content--body\u0022\u003E  \u003Cp\u003EInterior-Design setzt heute auf klare Formen und Strukturen aus der Natur. Dieses Prinzip greift der \u201eGreena nature\u201c auf: Seine Front zeigt ein Relief wie Baumrinde, das in mattem Schwarz eine markante Oberfl\u00e4che bildet. \u003Cbr\u003E\n\u003C\/p\u003E\n\u003Cp\u003EHergestellt wird der Ofen vom ostfriesischen Traditionsunternehmen Leda, das...\u003C\/p\u003E\n\n\n\u003C\/div\u003E\n                        \u003Cspan class=\u0022read-more-arrow-container\u0022\u003E\n            \u003Cspan class=\u0022read-more-angled-arrow\u0022\u003E \u003C\/span\u003E\n          \u003C\/span\u003E\n                  \u003C\/div\u003E\n    \u003C\/a\u003E\n\u003Ca href=\u0022\/produkte\/neues-von-camina-schmid-auf-der-kok-wels\u0022  class=\u0022teaser teaser--standard\u0022 aria-label=\u0022Neues von Camina \u0026amp; Schmid auf der KOK in Wels\r\u0022\u003E\n      \u003Cdiv class=\u0022teaser-content--image\u0022\u003E\n        \u003Cfigure class=\u0022image--figure\u0022\u003E\n        \u003Cpicture\u003E\n                        \u003Csource srcset=\u0022\/sites\/default\/files\/styles\/teaser_standard__m\/public\/aurora\/2026\/02\/508966.jpeg.webp?itok=S3vmp09- 1x\u0022 media=\u0022(min-width: 48.0625em) and (max-width: 64em)\u0022 type=\u0022image\/webp\u0022 width=\u0022323\u0022 height=\u0022204\u0022\/\u003E\n                  \u003Csource srcset=\u0022\/sites\/default\/files\/styles\/teaser_standard__l\/public\/aurora\/2026\/02\/508966.jpeg.webp?itok=DLmFvpCx 1x\u0022 media=\u0022(min-width: 64.0625em)\u0022 type=\u0022image\/webp\u0022 width=\u0022203\u0022 height=\u0022128\u0022\/\u003E\n                  \u003Csource srcset=\u0022\/sites\/default\/files\/styles\/teaser_standard__m\/public\/aurora\/2026\/02\/508966.jpeg?itok=92PLq-Vy 1x\u0022 media=\u0022(min-width: 48.0625em) and (max-width: 64em)\u0022 type=\u0022image\/jpeg\u0022 width=\u0022323\u0022 height=\u0022204\u0022\/\u003E\n                  \u003Csource srcset=\u0022\/sites\/default\/files\/styles\/teaser_standard__l\/public\/aurora\/2026\/02\/508966.jpeg?itok=O4PFqp4i 1x\u0022 media=\u0022(min-width: 64.0625em)\u0022 type=\u0022image\/jpeg\u0022 width=\u0022203\u0022 height=\u0022128\u0022\/\u003E\n                          \u003Cimg alt=\u0022\ufeffBesucherinnen und Besucher freuten sich am Messestand von Camina \u0026amp; Schmid auf praxisnahe Einblicke, technische Details und pers\u00f6nliche Gespr\u00e4che.\u0022 loading=\u0022eager\u0022 data-caption-hide width=\u0022630\u0022 height=\u0022398\u0022 data-zoomed=\u0022https:\/\/www.kl-magazin.de\/sites\/default\/files\/styles\/content__zoomed\/public\/aurora\/2026\/02\/508966.jpeg?itok=6W3IjqRw\u0022 src=\u0022\/sites\/default\/files\/styles\/teaser_standard__s\/public\/aurora\/2026\/02\/508966.jpeg?itok=2gcOSuVE\u0022 title=\u0022\u00a9 Foto: Messe A-Wels, Roland Pelzl\u0022 \/\u003E\n\n    \u003C\/picture\u003E\n      \u003Cfigcaption class=\u0022image--figcaption\u0022\u003E\n          \u003Cdiv class=\u0022copyright\u0022\u003EFoto: Messe A-Wels, Roland Pelzl\u003C\/div\u003E\n          \u003C\/figcaption\u003E\n\u003C\/figure\u003E\n\n\n    \u003C\/div\u003E\n    \u003Cdiv class=\u0022teaser-content\u0022\u003E\n                    \u003Cdiv class=\u0022teaser-content--kicker\u0022\u003E\n                    \n        \u003C\/div\u003E\n                                              \n                        \n        \u003Ch4 class=\u0022teaser-content--headline\u0022\u003E\n                                Neues von Camina \u0026amp; Schmid auf der KOK in \n                              \u003Cspan class=\u0022headline-last-word-arrow\u0022\u003EWels                      \u003C\/span\u003E\n        \u003C\/h4\u003E\n            \u003Cdiv class=\u0022teaser-content--publishing-date\u0022\u003E\u003Ctime datetime=\u00222026-02-02T14:52:02Z\u0022\u003E02.02.2026\u003C\/time\u003E\n\u003C\/div\u003E\u003Cspan class=\u0022teaser-content--publishing-date-divider\u0022\u003E - \u003C\/span\u003E\u003Cdiv class=\u0022teaser-content--body\u0022\u003E  \u003Cp\u003EAuf der diesj\u00e4hrigen Messe Wels pr\u00e4sentierte Camina \u0026amp; Schmid gleich mehrere Neuheiten, die Technik, Bedienkomfort und Design konsequent weiterdenken. Im Fokus stand die Abbrandregelung Adera, die ab sofort auch mit Display erh\u00e4ltlich ist. Die visuellen R\u00fcckmeldungen erm\u00f6glichen sowohl Fachbetrieben...\u003C\/p\u003E\n\n\n\u003C\/div\u003E\n                        \u003Cspan class=\u0022read-more-arrow-container\u0022\u003E\n            \u003Cspan class=\u0022read-more-angled-arrow\u0022\u003E \u003C\/span\u003E\n          \u003C\/span\u003E\n                  \u003C\/div\u003E\n    \u003C\/a\u003E\n\u003Ca href=\u0022\/produkte\/dorotea-der-neue-holzofen-von-palazzetti\u0022  class=\u0022teaser teaser--standard\u0022 aria-label=\u0022Dorotea: Der neue Holzofen von Palazzetti\r\u0022\u003E\n      \u003Cdiv class=\u0022teaser-content--image\u0022\u003E\n        \u003Cfigure class=\u0022image--figure\u0022\u003E\n        \u003Cpicture\u003E\n                        \u003Csource srcset=\u0022\/sites\/default\/files\/styles\/teaser_standard__m\/public\/aurora\/2026\/02\/508968.jpeg.webp?itok=EwMdt8TU 1x\u0022 media=\u0022(min-width: 48.0625em) and (max-width: 64em)\u0022 type=\u0022image\/webp\u0022 width=\u0022323\u0022 height=\u0022174\u0022\/\u003E\n                  \u003Csource srcset=\u0022\/sites\/default\/files\/styles\/teaser_standard__l\/public\/aurora\/2026\/02\/508968.jpeg.webp?itok=f3SNDrhQ 1x\u0022 media=\u0022(min-width: 64.0625em)\u0022 type=\u0022image\/webp\u0022 width=\u0022203\u0022 height=\u0022110\u0022\/\u003E\n                  \u003Csource srcset=\u0022\/sites\/default\/files\/styles\/teaser_standard__m\/public\/aurora\/2026\/02\/508968.jpeg?itok=Pzkg5abz 1x\u0022 media=\u0022(min-width: 48.0625em) and (max-width: 64em)\u0022 type=\u0022image\/jpeg\u0022 width=\u0022323\u0022 height=\u0022174\u0022\/\u003E\n                  \u003Csource srcset=\u0022\/sites\/default\/files\/styles\/teaser_standard__l\/public\/aurora\/2026\/02\/508968.jpeg?itok=yfCZSyBG 1x\u0022 media=\u0022(min-width: 64.0625em)\u0022 type=\u0022image\/jpeg\u0022 width=\u0022203\u0022 height=\u0022110\u0022\/\u003E\n                          \u003Cimg alt=\u0022Neu von Palazzetti: Kaminofen Dorotea \u2013 hier mit Seitenverkleidung aus Keramik.\u0022 loading=\u0022eager\u0022 data-caption-hide width=\u0022708\u0022 height=\u0022382\u0022 data-zoomed=\u0022https:\/\/www.kl-magazin.de\/sites\/default\/files\/styles\/content__zoomed\/public\/aurora\/2026\/02\/508968.jpeg?itok=64Cy3TN8\u0022 src=\u0022\/sites\/default\/files\/styles\/teaser_standard__s\/public\/aurora\/2026\/02\/508968.jpeg?itok=NgRm__Ge\u0022 title=\u0022\u00a9 Foto: Palazzetti\u0022 \/\u003E\n\n    \u003C\/picture\u003E\n      \u003Cfigcaption class=\u0022image--figcaption\u0022\u003E\n          \u003Cdiv class=\u0022copyright\u0022\u003EFoto: Palazzetti\u003C\/div\u003E\n          \u003C\/figcaption\u003E\n\u003C\/figure\u003E\n\n\n    \u003C\/div\u003E\n    \u003Cdiv class=\u0022teaser-content\u0022\u003E\n                    \u003Cdiv class=\u0022teaser-content--kicker\u0022\u003E\n                    \n        \u003C\/div\u003E\n                                              \n                        \n        \u003Ch4 class=\u0022teaser-content--headline\u0022\u003E\n                                Dorotea: Der neue Holzofen von \n                              \u003Cspan class=\u0022headline-last-word-arrow\u0022\u003EPalazzetti                      \u003C\/span\u003E\n        \u003C\/h4\u003E\n            \u003Cdiv class=\u0022teaser-content--publishing-date\u0022\u003E\u003Ctime datetime=\u00222026-02-02T14:52:01Z\u0022\u003E02.02.2026\u003C\/time\u003E\n\u003C\/div\u003E\u003Cspan class=\u0022teaser-content--publishing-date-divider\u0022\u003E - \u003C\/span\u003E\u003Cdiv class=\u0022teaser-content--body\u0022\u003E  \u003Cp\u003EPalazzetti stellt mit \u201eDorotea\u201c seinen neuen Holzofen vor. Er vermittelt das Erlebnis echter und urspr\u00fcnglicher W\u00e4rme und vereint in sich traditionelles Design sowie h\u00f6chste Leistung und Effizienz. Diese L\u00f6sung f\u00fcgt sich dank ihrer Vielseitigkeit harmonisch in jede Wohnumgebung ein, egal ob...\u003C\/p\u003E\n\n\n\u003C\/div\u003E\n                        \u003Cspan class=\u0022read-more-arrow-container\u0022\u003E\n            \u003Cspan class=\u0022read-more-angled-arrow\u0022\u003E \u003C\/span\u003E\n          \u003C\/span\u003E\n                  \u003C\/div\u003E\n    \u003C\/a\u003E\n\u003Ca href=\u0022\/produkte\/farbe-praegt-den-korpus-schwarzes-glas-inszeniert-das-feuer\u0022  class=\u0022teaser teaser--standard\u0022 aria-label=\u0022Farbe pr\u00e4gt den Korpus \u2013 schwarzes Glas inszeniert das Feuer\r\u0022\u003E\n      \u003Cdiv class=\u0022teaser-content--image\u0022\u003E\n        \u003Cfigure class=\u0022image--figure\u0022\u003E\n        \u003Cpicture\u003E\n                        \u003Csource srcset=\u0022\/sites\/default\/files\/styles\/teaser_standard__m\/public\/aurora\/2025\/12\/502533.jpeg.webp?itok=uOthIKn7 1x\u0022 media=\u0022(min-width: 48.0625em) and (max-width: 64em)\u0022 type=\u0022image\/webp\u0022 width=\u0022178\u0022 height=\u0022242\u0022\/\u003E\n                  \u003Csource srcset=\u0022\/sites\/default\/files\/styles\/teaser_standard__l\/public\/aurora\/2025\/12\/502533.jpeg.webp?itok=PaE_xaI_ 1x\u0022 media=\u0022(min-width: 64.0625em)\u0022 type=\u0022image\/webp\u0022 width=\u0022112\u0022 height=\u0022152\u0022\/\u003E\n                  \u003Csource srcset=\u0022\/sites\/default\/files\/styles\/teaser_standard__m\/public\/aurora\/2025\/12\/502533.jpeg?itok=wZVYCo5_ 1x\u0022 media=\u0022(min-width: 48.0625em) and (max-width: 64em)\u0022 type=\u0022image\/jpeg\u0022 width=\u0022178\u0022 height=\u0022242\u0022\/\u003E\n                  \u003Csource srcset=\u0022\/sites\/default\/files\/styles\/teaser_standard__l\/public\/aurora\/2025\/12\/502533.jpeg?itok=Z2-h7fE0 1x\u0022 media=\u0022(min-width: 64.0625em)\u0022 type=\u0022image\/jpeg\u0022 width=\u0022112\u0022 height=\u0022152\u0022\/\u003E\n                          \u003Cimg alt=\u0022Die Farbpalette von   \u201eLiving-Fire\u201c.\u0022 loading=\u0022eager\u0022 data-caption-hide width=\u0022292\u0022 height=\u0022398\u0022 data-zoomed=\u0022https:\/\/www.kl-magazin.de\/sites\/default\/files\/styles\/content__zoomed\/public\/aurora\/2025\/12\/502533.jpeg?itok=TGpJfGp-\u0022 src=\u0022\/sites\/default\/files\/styles\/teaser_standard__s\/public\/aurora\/2025\/12\/502533.jpeg?itok=h5CMaVvD\u0022 title=\u0022\u00a9 \ufeffFoto: Spartherm\u0022 \/\u003E\n\n    \u003C\/picture\u003E\n      \u003Cfigcaption class=\u0022image--figcaption\u0022\u003E\n          \u003Cdiv class=\u0022copyright\u0022\u003E\ufeffFoto: Spartherm\u003C\/div\u003E\n          \u003C\/figcaption\u003E\n\u003C\/figure\u003E\n\n\n    \u003C\/div\u003E\n    \u003Cdiv class=\u0022teaser-content\u0022\u003E\n                    \u003Cdiv class=\u0022teaser-content--kicker\u0022\u003E\n                    \n        \u003C\/div\u003E\n                                              \n                        \n        \u003Ch4 class=\u0022teaser-content--headline\u0022\u003E\n                                Farbe pr\u00e4gt den Korpus \u2013 schwarzes Glas inszeniert das \n                              \u003Cspan class=\u0022headline-last-word-arrow\u0022\u003EFeuer                      \u003C\/span\u003E\n        \u003C\/h4\u003E\n            \u003Cdiv class=\u0022teaser-content--publishing-date\u0022\u003E\u003Ctime datetime=\u00222025-12-23T10:59:36Z\u0022\u003E23.12.2025\u003C\/time\u003E\n\u003C\/div\u003E\u003Cspan class=\u0022teaser-content--publishing-date-divider\u0022\u003E - \u003C\/span\u003E\u003Cdiv class=\u0022teaser-content--body\u0022\u003E  \u003Cp\u003EMit \u201eLiving Fire\u201c r\u00fcckt Spartherm das Feuer in einen neuen gestalterischen Kontext. Farbe und Glas werden ein aufeinander abgestimmtes Ensemble, das den Kaminofen zu einem Teil der Raumarchitektur macht. Die halbtransparente, schwarze Feuersichtscheibe \u201eRobaxNightFlame\u201c f\u00fcgt diesem Konzept eine...\u003C\/p\u003E\n\n\n\u003C\/div\u003E\n                        \u003Cspan class=\u0022read-more-arrow-container\u0022\u003E\n            \u003Cspan class=\u0022read-more-angled-arrow\u0022\u003E \u003C\/span\u003E\n          \u003C\/span\u003E\n                  \u003C\/div\u003E\n    \u003C\/a\u003E\n\u003Ca href=\u0022\/produkte\/das-erlebnis-echter-waerme-neu-definiert\u0022  class=\u0022teaser teaser--standard\u0022 aria-label=\u0022Das Erlebnis echter W\u00e4rme neu definiert\r\u0022\u003E\n      \u003Cdiv class=\u0022teaser-content--image\u0022\u003E\n        \u003Cfigure class=\u0022image--figure\u0022\u003E\n        \u003Cpicture\u003E\n                        \u003Csource srcset=\u0022\/sites\/default\/files\/styles\/teaser_standard__m\/public\/aurora\/2025\/12\/502537.jpeg.webp?itok=bijB6ee0 1x\u0022 media=\u0022(min-width: 48.0625em) and (max-width: 64em)\u0022 type=\u0022image\/webp\u0022 width=\u0022323\u0022 height=\u0022225\u0022\/\u003E\n                  \u003Csource srcset=\u0022\/sites\/default\/files\/styles\/teaser_standard__l\/public\/aurora\/2025\/12\/502537.jpeg.webp?itok=ukA3f_mc 1x\u0022 media=\u0022(min-width: 64.0625em)\u0022 type=\u0022image\/webp\u0022 width=\u0022203\u0022 height=\u0022142\u0022\/\u003E\n                  \u003Csource srcset=\u0022\/sites\/default\/files\/styles\/teaser_standard__m\/public\/aurora\/2025\/12\/502537.jpeg?itok=gSKRmjoO 1x\u0022 media=\u0022(min-width: 48.0625em) and (max-width: 64em)\u0022 type=\u0022image\/jpeg\u0022 width=\u0022323\u0022 height=\u0022225\u0022\/\u003E\n                  \u003Csource srcset=\u0022\/sites\/default\/files\/styles\/teaser_standard__l\/public\/aurora\/2025\/12\/502537.jpeg?itok=y9pqCgeN 1x\u0022 media=\u0022(min-width: 64.0625em)\u0022 type=\u0022image\/jpeg\u0022 width=\u0022203\u0022 height=\u0022142\u0022\/\u003E\n                          \u003Cimg alt=\u0022\u201eDorotea\u201c mit Kachelverkleidung.\u0022 loading=\u0022eager\u0022 data-caption-hide width=\u0022571\u0022 height=\u0022398\u0022 data-zoomed=\u0022https:\/\/www.kl-magazin.de\/sites\/default\/files\/styles\/content__zoomed\/public\/aurora\/2025\/12\/502537.jpeg?itok=jgP9zEL9\u0022 src=\u0022\/sites\/default\/files\/styles\/teaser_standard__s\/public\/aurora\/2025\/12\/502537.jpeg?itok=rYQs92ob\u0022 title=\u0022\u00a9 Foto: Palazzetti\u0022 \/\u003E\n\n    \u003C\/picture\u003E\n      \u003Cfigcaption class=\u0022image--figcaption\u0022\u003E\n          \u003Cdiv class=\u0022copyright\u0022\u003EFoto: Palazzetti\u003C\/div\u003E\n          \u003C\/figcaption\u003E\n\u003C\/figure\u003E\n\n\n    \u003C\/div\u003E\n    \u003Cdiv class=\u0022teaser-content\u0022\u003E\n                    \u003Cdiv class=\u0022teaser-content--kicker\u0022\u003E\n                    \n        \u003C\/div\u003E\n                                              \n                        \n        \u003Ch4 class=\u0022teaser-content--headline\u0022\u003E\n                                Das Erlebnis echter W\u00e4rme neu \n                              \u003Cspan class=\u0022headline-last-word-arrow\u0022\u003Edefiniert                      \u003C\/span\u003E\n        \u003C\/h4\u003E\n            \u003Cdiv class=\u0022teaser-content--publishing-date\u0022\u003E\u003Ctime datetime=\u00222025-12-23T10:59:33Z\u0022\u003E23.12.2025\u003C\/time\u003E\n\u003C\/div\u003E\u003Cspan class=\u0022teaser-content--publishing-date-divider\u0022\u003E - \u003C\/span\u003E\u003Cdiv class=\u0022teaser-content--body\u0022\u003E  \u003Cp\u003E\ufeffHolzofen \u201eDorotea\u201c vermittelt das Erlebnis echter und urspr\u00fcnglicher W\u00e4rme und vereint in sich traditionelles Design sowie h\u00f6chste Leistung und Effizienz. Diese L\u00f6sung f\u00fcgt sich dank ihrer Vielseitigkeit harmonisch in jede Wohnumgebung ein, egal ob klassisch oder modern.\u003Cbr\u003E\n\u003C\/p\u003E\n\u003Cp\u003E\u201eDorotea\u201c zeichnet sich...\u003C\/p\u003E\n\n\n\u003C\/div\u003E\n                        \u003Cspan class=\u0022read-more-arrow-container\u0022\u003E\n            \u003Cspan class=\u0022read-more-angled-arrow\u0022\u003E \u003C\/span\u003E\n          \u003C\/span\u003E\n                  \u003C\/div\u003E\n    \u003C\/a\u003E\n\u003Ca href=\u0022\/produkte\/moderner-klassiker-im-idustrial-design\u0022  class=\u0022teaser teaser--standard\u0022 aria-label=\u0022Moderner Klassiker im Idustrial-Design\r\u0022\u003E\n      \u003Cdiv class=\u0022teaser-content--image\u0022\u003E\n        \u003Cfigure class=\u0022image--figure\u0022\u003E\n        \u003Cpicture\u003E\n                        \u003Csource srcset=\u0022\/sites\/default\/files\/styles\/teaser_standard__m\/public\/aurora\/2025\/12\/502540.jpeg.webp?itok=7tGz_6KF 1x\u0022 media=\u0022(min-width: 48.0625em) and (max-width: 64em)\u0022 type=\u0022image\/webp\u0022 width=\u0022219\u0022 height=\u0022242\u0022\/\u003E\n                  \u003Csource srcset=\u0022\/sites\/default\/files\/styles\/teaser_standard__l\/public\/aurora\/2025\/12\/502540.jpeg.webp?itok=19TtbvxU 1x\u0022 media=\u0022(min-width: 64.0625em)\u0022 type=\u0022image\/webp\u0022 width=\u0022138\u0022 height=\u0022152\u0022\/\u003E\n                  \u003Csource srcset=\u0022\/sites\/default\/files\/styles\/teaser_standard__m\/public\/aurora\/2025\/12\/502540.jpeg?itok=GzvbEgf0 1x\u0022 media=\u0022(min-width: 48.0625em) and (max-width: 64em)\u0022 type=\u0022image\/jpeg\u0022 width=\u0022219\u0022 height=\u0022242\u0022\/\u003E\n                  \u003Csource srcset=\u0022\/sites\/default\/files\/styles\/teaser_standard__l\/public\/aurora\/2025\/12\/502540.jpeg?itok=GmNmRmis 1x\u0022 media=\u0022(min-width: 64.0625em)\u0022 type=\u0022image\/jpeg\u0022 width=\u0022138\u0022 height=\u0022152\u0022\/\u003E\n                          \u003Cimg alt=\u0022Klar in der Form, ausdrucksstark im Detail \u2013 gefertigt aus massivem Gusseisen.\u0022 loading=\u0022eager\u0022 data-caption-hide width=\u0022361\u0022 height=\u0022398\u0022 data-zoomed=\u0022https:\/\/www.kl-magazin.de\/sites\/default\/files\/styles\/content__zoomed\/public\/aurora\/2025\/12\/502540.jpeg?itok=kyK9QgrL\u0022 src=\u0022\/sites\/default\/files\/styles\/teaser_standard__s\/public\/aurora\/2025\/12\/502540.jpeg?itok=u8PvQhJ9\u0022 title=\u0022\u00a9 Foto: Leda\u0022 \/\u003E\n\n    \u003C\/picture\u003E\n      \u003Cfigcaption class=\u0022image--figcaption\u0022\u003E\n          \u003Cdiv class=\u0022copyright\u0022\u003EFoto: Leda\u003C\/div\u003E\n          \u003C\/figcaption\u003E\n\u003C\/figure\u003E\n\n\n    \u003C\/div\u003E\n    \u003Cdiv class=\u0022teaser-content\u0022\u003E\n                    \u003Cdiv class=\u0022teaser-content--kicker\u0022\u003E\n                    \n        \u003C\/div\u003E\n                                              \n                        \n        \u003Ch4 class=\u0022teaser-content--headline\u0022\u003E\n                                Moderner Klassiker im \n                              \u003Cspan class=\u0022headline-last-word-arrow\u0022\u003EIdustrial-Design                      \u003C\/span\u003E\n        \u003C\/h4\u003E\n            \u003Cdiv class=\u0022teaser-content--publishing-date\u0022\u003E\u003Ctime datetime=\u00222025-12-23T10:59:31Z\u0022\u003E23.12.2025\u003C\/time\u003E\n\u003C\/div\u003E\u003Cspan class=\u0022teaser-content--publishing-date-divider\u0022\u003E - \u003C\/span\u003E\u003Cdiv class=\u0022teaser-content--body\u0022\u003E  \u003Cp\u003EWenn die Flammen hinter der gew\u00f6lbten Scheibe tanzen, zeigt sich der besondere Charakter des Kaminofens \u201eApella\u201c. Die trapezf\u00f6rmige Silhouette, die geriffelten Seitenw\u00e4nde und die mattschwarze Oberfl\u00e4che verleihen ihm eine kraftvolle Ausstrahlung. Auf schlanken Standf\u00fc\u00dfen stehend, verbindet er...\u003C\/p\u003E\n\n\n\u003C\/div\u003E\n                        \u003Cspan class=\u0022read-more-arrow-container\u0022\u003E\n            \u003Cspan class=\u0022read-more-angled-arrow\u0022\u003E \u003C\/span\u003E\n          \u003C\/span\u003E\n                  \u003C\/div\u003E\n    \u003C\/a\u003E\n\u003Ca href=\u0022\/produkte\/der-holzherd-ist-zurueck\u0022  class=\u0022teaser teaser--standard\u0022 aria-label=\u0022Der Holzherd ist zur\u00fcck\r\u0022\u003E\n      \u003Cdiv class=\u0022teaser-content--image\u0022\u003E\n        \u003Cfigure class=\u0022image--figure\u0022\u003E\n        \u003Cpicture\u003E\n                        \u003Csource srcset=\u0022\/sites\/default\/files\/styles\/teaser_standard__m\/public\/aurora\/2025\/12\/502542.jpeg.webp?itok=9FbEUaqG 1x\u0022 media=\u0022(min-width: 48.0625em) and (max-width: 64em)\u0022 type=\u0022image\/webp\u0022 width=\u0022202\u0022 height=\u0022242\u0022\/\u003E\n                  \u003Csource srcset=\u0022\/sites\/default\/files\/styles\/teaser_standard__l\/public\/aurora\/2025\/12\/502542.jpeg.webp?itok=OFwK20p8 1x\u0022 media=\u0022(min-width: 64.0625em)\u0022 type=\u0022image\/webp\u0022 width=\u0022127\u0022 height=\u0022152\u0022\/\u003E\n                  \u003Csource srcset=\u0022\/sites\/default\/files\/styles\/teaser_standard__m\/public\/aurora\/2025\/12\/502542.jpeg?itok=Jb3wUsI8 1x\u0022 media=\u0022(min-width: 48.0625em) and (max-width: 64em)\u0022 type=\u0022image\/jpeg\u0022 width=\u0022202\u0022 height=\u0022242\u0022\/\u003E\n                  \u003Csource srcset=\u0022\/sites\/default\/files\/styles\/teaser_standard__l\/public\/aurora\/2025\/12\/502542.jpeg?itok=RkT3qWg5 1x\u0022 media=\u0022(min-width: 64.0625em)\u0022 type=\u0022image\/jpeg\u0022 width=\u0022127\u0022 height=\u0022152\u0022\/\u003E\n                          \u003Cimg alt=\u0022Robuste Technik f\u00fcr den Alltag \u00adKochen und W\u00e4rmen mit Holz\u0022 loading=\u0022eager\u0022 data-caption-hide width=\u0022332\u0022 height=\u0022398\u0022 data-zoomed=\u0022https:\/\/www.kl-magazin.de\/sites\/default\/files\/styles\/content__zoomed\/public\/aurora\/2025\/12\/502542.jpeg?itok=WXYPhzSO\u0022 src=\u0022\/sites\/default\/files\/styles\/teaser_standard__s\/public\/aurora\/2025\/12\/502542.jpeg?itok=2EWkPJTT\u0022 title=\u0022\u00a9 Foto: Justus\u0022 \/\u003E\n\n    \u003C\/picture\u003E\n      \u003Cfigcaption class=\u0022image--figcaption\u0022\u003E\n          \u003Cdiv class=\u0022copyright\u0022\u003EFoto: Justus\u003C\/div\u003E\n          \u003C\/figcaption\u003E\n\u003C\/figure\u003E\n\n\n    \u003C\/div\u003E\n    \u003Cdiv class=\u0022teaser-content\u0022\u003E\n                    \u003Cdiv class=\u0022teaser-content--kicker\u0022\u003E\n                    \n        \u003C\/div\u003E\n                                              \n                        \n        \u003Ch4 class=\u0022teaser-content--headline\u0022\u003E\n                                Der Holzherd ist \n                              \u003Cspan class=\u0022headline-last-word-arrow\u0022\u003Ezur\u00fcck                      \u003C\/span\u003E\n        \u003C\/h4\u003E\n            \u003Cdiv class=\u0022teaser-content--publishing-date\u0022\u003E\u003Ctime datetime=\u00222025-12-23T10:59:30Z\u0022\u003E23.12.2025\u003C\/time\u003E\n\u003C\/div\u003E\u003Cspan class=\u0022teaser-content--publishing-date-divider\u0022\u003E - \u003C\/span\u003E\u003Cdiv class=\u0022teaser-content--body\u0022\u003E  \u003Cp\u003EDer neue Festbrennstoffherd \u201eLinz\u201c des deutschen Herstellers Justus ist in Wei\u00df oder Schwarz erh\u00e4ltlich und besticht durch sein klares, zeitloses Design. Hochwertige Applikationen aus Edelstahl unterstreichen die moderne Optik und sorgen f\u00fcr eine harmonische Integration \u2013 sowohl in modernen als auch...\u003C\/p\u003E\n\n\n\u003C\/div\u003E\n                        \u003Cspan class=\u0022read-more-arrow-container\u0022\u003E\n            \u003Cspan class=\u0022read-more-angled-arrow\u0022\u003E \u003C\/span\u003E\n          \u003C\/span\u003E\n                  \u003C\/div\u003E\n    \u003C\/a\u003E\n\u003Ca href=\u0022\/produkte\/das-beste-aus-zwei-welten-fuer-oefen\u0022  class=\u0022teaser teaser--standard\u0022 aria-label=\u0022Das Beste aus zwei Welten f\u00fcr \u00d6fen\u0022\u003E\n      \u003Cdiv class=\u0022teaser-content--image\u0022\u003E\n        \u003Cfigure class=\u0022image--figure\u0022\u003E\n        \u003Cpicture\u003E\n                        \u003Csource srcset=\u0022\/sites\/default\/files\/styles\/teaser_standard__m\/public\/aurora\/2025\/12\/502544.jpeg.webp?itok=rHo1m604 1x\u0022 media=\u0022(min-width: 48.0625em) and (max-width: 64em)\u0022 type=\u0022image\/webp\u0022 width=\u0022146\u0022 height=\u0022242\u0022\/\u003E\n                  \u003Csource srcset=\u0022\/sites\/default\/files\/styles\/teaser_standard__l\/public\/aurora\/2025\/12\/502544.jpeg.webp?itok=BtGgcRtM 1x\u0022 media=\u0022(min-width: 64.0625em)\u0022 type=\u0022image\/webp\u0022 width=\u002292\u0022 height=\u0022152\u0022\/\u003E\n                  \u003Csource srcset=\u0022\/sites\/default\/files\/styles\/teaser_standard__m\/public\/aurora\/2025\/12\/502544.jpeg?itok=jB8maqLd 1x\u0022 media=\u0022(min-width: 48.0625em) and (max-width: 64em)\u0022 type=\u0022image\/jpeg\u0022 width=\u0022146\u0022 height=\u0022242\u0022\/\u003E\n                  \u003Csource srcset=\u0022\/sites\/default\/files\/styles\/teaser_standard__l\/public\/aurora\/2025\/12\/502544.jpeg?itok=B94qCgUb 1x\u0022 media=\u0022(min-width: 64.0625em)\u0022 type=\u0022image\/jpeg\u0022 width=\u002292\u0022 height=\u0022152\u0022\/\u003E\n                          \u003Cimg alt=\u0022Zwei in eins: Schr\u00e4der Abgastechnologie stellt den   \u201eFuture-Draft-Kat\u201c vor, die Kombination von automatischem Zugbegrenzer und Katalysatoreinheit.\u0022 loading=\u0022eager\u0022 data-caption-hide width=\u0022240\u0022 height=\u0022398\u0022 data-zoomed=\u0022https:\/\/www.kl-magazin.de\/sites\/default\/files\/styles\/content__zoomed\/public\/aurora\/2025\/12\/502544.jpeg?itok=TQJk0QuC\u0022 src=\u0022\/sites\/default\/files\/styles\/teaser_standard__s\/public\/aurora\/2025\/12\/502544.jpeg?itok=sTdHT_Ty\u0022 title=\u0022\u00a9 Foto: Schr\u00e4der\u0022 \/\u003E\n\n    \u003C\/picture\u003E\n      \u003Cfigcaption class=\u0022image--figcaption\u0022\u003E\n          \u003Cdiv class=\u0022copyright\u0022\u003EFoto: Schr\u00e4der\u003C\/div\u003E\n          \u003C\/figcaption\u003E\n\u003C\/figure\u003E\n\n\n    \u003C\/div\u003E\n    \u003Cdiv class=\u0022teaser-content\u0022\u003E\n                    \u003Cdiv class=\u0022teaser-content--kicker\u0022\u003E\n                    \n        \u003C\/div\u003E\n                                              \n                        \n        \u003Ch4 class=\u0022teaser-content--headline\u0022\u003E\n                                Das Beste aus zwei Welten f\u00fcr \n                              \u003Cspan class=\u0022headline-last-word-arrow\u0022\u003E\u00d6fen                      \u003C\/span\u003E\n        \u003C\/h4\u003E\n            \u003Cdiv class=\u0022teaser-content--publishing-date\u0022\u003E\u003Ctime datetime=\u00222025-12-23T10:59:29Z\u0022\u003E23.12.2025\u003C\/time\u003E\n\u003C\/div\u003E\u003Cspan class=\u0022teaser-content--publishing-date-divider\u0022\u003E - \u003C\/span\u003E\u003Cdiv class=\u0022teaser-content--body\u0022\u003E  \u003Cp\u003EMit dem \u201eFuture-Draft-Kat\u201c stellt Schr\u00e4der Abgastechnologie eine hochwirksame Kombil\u00f6sung vor: die Verbindung von automatischem Zugbegrenzer und Katalysatoreinheit in einem Ger\u00e4t. Damit lassen sich nach R\u00fccksprache mit dem Schornsteinfeger etwa \u00e4ltere \u00d6fen ausstatten, um deren Austausch zu...\u003C\/p\u003E\n\n\n\u003C\/div\u003E\n                        \u003Cspan class=\u0022read-more-arrow-container\u0022\u003E\n            \u003Cspan class=\u0022read-more-angled-arrow\u0022\u003E \u003C\/span\u003E\n          \u003C\/span\u003E\n                  \u003C\/div\u003E\n    \u003C\/a\u003E\n\u003Ca href=\u0022\/produkte\/kompakter-pelletoefen-mit-grosser-wirkung\u0022  class=\u0022teaser teaser--standard\u0022 aria-label=\u0022Kompakter Pellet\u00f6fen mit gro\u00dfer Wirkung\u0022\u003E\n      \u003Cdiv class=\u0022teaser-content--image\u0022\u003E\n        \u003Cfigure class=\u0022image--figure\u0022\u003E\n        \u003Cpicture\u003E\n                        \u003Csource srcset=\u0022\/sites\/default\/files\/styles\/teaser_standard__m\/public\/aurora\/2025\/12\/502546.jpeg.webp?itok=iK14XObg 1x\u0022 media=\u0022(min-width: 48.0625em) and (max-width: 64em)\u0022 type=\u0022image\/webp\u0022 width=\u0022315\u0022 height=\u0022242\u0022\/\u003E\n                  \u003Csource srcset=\u0022\/sites\/default\/files\/styles\/teaser_standard__l\/public\/aurora\/2025\/12\/502546.jpeg.webp?itok=u3itFBYG 1x\u0022 media=\u0022(min-width: 64.0625em)\u0022 type=\u0022image\/webp\u0022 width=\u0022198\u0022 height=\u0022152\u0022\/\u003E\n                  \u003Csource srcset=\u0022\/sites\/default\/files\/styles\/teaser_standard__m\/public\/aurora\/2025\/12\/502546.jpeg?itok=1u24fSwJ 1x\u0022 media=\u0022(min-width: 48.0625em) and (max-width: 64em)\u0022 type=\u0022image\/jpeg\u0022 width=\u0022315\u0022 height=\u0022242\u0022\/\u003E\n                  \u003Csource srcset=\u0022\/sites\/default\/files\/styles\/teaser_standard__l\/public\/aurora\/2025\/12\/502546.jpeg?itok=SLmUYDqS 1x\u0022 media=\u0022(min-width: 64.0625em)\u0022 type=\u0022image\/jpeg\u0022 width=\u0022198\u0022 height=\u0022152\u0022\/\u003E\n                          \u003Cimg alt=\u0022Egal ob in einem gut isolierten Neubau oder in einem renovierten Altbau \u2013   \u201eScarlet\u201c bietet eine effiziente und stilvolle L\u00f6sung f\u00fcr jeden Raum.\u0022 loading=\u0022eager\u0022 data-caption-hide width=\u0022518\u0022 height=\u0022398\u0022 data-zoomed=\u0022https:\/\/www.kl-magazin.de\/sites\/default\/files\/styles\/content__zoomed\/public\/aurora\/2025\/12\/502546.jpeg?itok=dSjwgPwz\u0022 src=\u0022\/sites\/default\/files\/styles\/teaser_standard__s\/public\/aurora\/2025\/12\/502546.jpeg?itok=pr7a9oT5\u0022 title=\u0022\u00a9 Foto: Palazzetti\u0022 \/\u003E\n\n    \u003C\/picture\u003E\n      \u003Cfigcaption class=\u0022image--figcaption\u0022\u003E\n          \u003Cdiv class=\u0022copyright\u0022\u003EFoto: Palazzetti\u003C\/div\u003E\n          \u003C\/figcaption\u003E\n\u003C\/figure\u003E\n\n\n    \u003C\/div\u003E\n    \u003Cdiv class=\u0022teaser-content\u0022\u003E\n                    \u003Cdiv class=\u0022teaser-content--kicker\u0022\u003E\n                    \n        \u003C\/div\u003E\n                                              \n                        \n        \u003Ch4 class=\u0022teaser-content--headline\u0022\u003E\n                                Kompakter Pellet\u00f6fen mit gro\u00dfer \n                              \u003Cspan class=\u0022headline-last-word-arrow\u0022\u003EWirkung                      \u003C\/span\u003E\n        \u003C\/h4\u003E\n            \u003Cdiv class=\u0022teaser-content--publishing-date\u0022\u003E\u003Ctime datetime=\u00222025-12-23T10:59:27Z\u0022\u003E23.12.2025\u003C\/time\u003E\n\u003C\/div\u003E\u003Cspan class=\u0022teaser-content--publishing-date-divider\u0022\u003E - \u003C\/span\u003E\u003Cdiv class=\u0022teaser-content--body\u0022\u003E  \u003Cp\u003EPelletofen \u201eScarlet\u201c ist die ideale Wahl f\u00fcr alle, die ein modernes Heizsystem suchen, das sich perfekt an die individuellen Bed\u00fcrfnisse anpassen l\u00e4sst. Die Warmluftkanalisierung ist als optionales AirPro2-Kit f\u00fcr beide Leistungsstufen (6 kW und 9 kW) verf\u00fcgbar und erm\u00f6glicht es, die warme Luft \u00fcber...\u003C\/p\u003E\n\n\n\u003C\/div\u003E\n                        \u003Cspan class=\u0022read-more-arrow-container\u0022\u003E\n            \u003Cspan class=\u0022read-more-angled-arrow\u0022\u003E \u003C\/span\u003E\n          \u003C\/span\u003E\n                  \u003C\/div\u003E\n    \u003C\/a\u003E\n","entity_type":"node","used_ids":["",256911,256912,256910,255102,255103,255101,255098,255100,255099,253586,253585,253584,253583,252233,252232,252231,252230,252229,252228],"show_more":"\u003Cdiv class=\u0022del-show-more\u0022\u003E\u003Ca href=\u0022\/ajax\/del\/f8841414-d4d6-4f86-8d58-f4c4bf2ae8cc\/paragraph\/20\/19\/asc\/eyJub2RlIjp7ImlkIjoiMTYxOTgzIiwidHlwZSI6InBhZ2UifX0%3D\u0022 title=\u0022Mehr Elemente anzeigen\u0022 class=\u0022del-show-more-link use-ajax\u0022 rel=\u0022nofollow\u0022 data-target-type=\u0022node\u0022 aria-controls=\u0022del--paragraph-590054--content\u0022 aria-label=\u0022Mehr Elemente anzeigen\u0022\u003EMehr anzeigen\u003C\/a\u003E\u003C\/div\u003E\n"}]