[{"command":"settings","settings":{"pluralDelimiter":"\u0003","suppressDeprecationErrors":true,"ajaxPageState":{"libraries":"eJxLzi9K1S_ITC4pLUpNy8zJ0UmpzEvMzUyOT80rySypjM_JLC7RL87IL4_PBaoEALH_EqY","theme":"ivory","theme_token":null},"ajaxTrustedUrl":[],"user":{"uid":0,"permissionsHash":"9c975576f1b96e43d31b3ff34c1ca6b53b6096ff14d83974ef00f2d68011e8fb"}},"merge":true},{"command":"add_css","data":[{"rel":"stylesheet","media":"all","href":"\/core\/themes\/stable9\/css\/core\/components\/progress.module.css?te7139"},{"rel":"stylesheet","media":"all","href":"\/core\/themes\/stable9\/css\/core\/components\/ajax-progress.module.css?te7139"},{"rel":"stylesheet","media":"all","href":"\/themes\/contrib\/gin\/dist\/css\/components\/ajax.css?te7139"}]},{"command":"add_js","selector":"body","data":[{"src":"\/core\/assets\/vendor\/jquery\/jquery.min.js?v=4.0.0"},{"src":"\/sites\/default\/files\/js\/js_SOY114GpGVFDIY_6DaBPrQzAWKo6L86xdv-NZ8hIQ-E.js?scope=footer\u0026delta=1\u0026language=de-kl\u0026theme=ivory\u0026include=eJxLqcxLzM1Mjk_NK8ksqYzPySwu0S_OyC-Pz80vSgUAtBcL_w"}]},{"command":"showMoreTeasers","id":"del--paragraph-592421","content":"\u003Ca href=\u0022\/branche\/marc-haidle-uebernimmt-vertriebsleitung-d-ch-bei-contura\u0022  class=\u0022teaser teaser--standard\u0022 aria-label=\u0022Marc Haidle \u00fcbernimmt Vertriebsleitung D-A-CH bei Contura\u0022\u003E\n      \u003Cdiv class=\u0022teaser-content--image\u0022\u003E\n        \u003Cfigure class=\u0022image--figure\u0022\u003E\n        \u003Cpicture\u003E\n                        \u003Csource srcset=\u0022\/sites\/default\/files\/styles\/teaser_standard__m\/public\/aurora\/2026\/04\/532479.jpeg.webp?itok=faL8qp9C 1x\u0022 media=\u0022(min-width: 48.0625em) and (max-width: 64em)\u0022 type=\u0022image\/webp\u0022 width=\u0022182\u0022 height=\u0022242\u0022\/\u003E\n                  \u003Csource srcset=\u0022\/sites\/default\/files\/styles\/teaser_standard__l\/public\/aurora\/2026\/04\/532479.jpeg.webp?itok=6AjuZI12 1x\u0022 media=\u0022(min-width: 64.0625em)\u0022 type=\u0022image\/webp\u0022 width=\u0022114\u0022 height=\u0022152\u0022\/\u003E\n                  \u003Csource srcset=\u0022\/sites\/default\/files\/styles\/teaser_standard__m\/public\/aurora\/2026\/04\/532479.jpeg?itok=GMqSAj3z 1x\u0022 media=\u0022(min-width: 48.0625em) and (max-width: 64em)\u0022 type=\u0022image\/jpeg\u0022 width=\u0022182\u0022 height=\u0022242\u0022\/\u003E\n                  \u003Csource srcset=\u0022\/sites\/default\/files\/styles\/teaser_standard__l\/public\/aurora\/2026\/04\/532479.jpeg?itok=CF8ZCS_7 1x\u0022 media=\u0022(min-width: 64.0625em)\u0022 type=\u0022image\/jpeg\u0022 width=\u0022114\u0022 height=\u0022152\u0022\/\u003E\n                          \u003Cimg alt=\u0022Marc Haidle ist der neue Vertriebsleiter f\u00fcr Contura in der DACH-Region.\u0022 loading=\u0022eager\u0022 data-caption-hide width=\u0022299\u0022 height=\u0022398\u0022 data-zoomed=\u0022https:\/\/www.kl-magazin.de\/sites\/default\/files\/styles\/content__zoomed\/public\/aurora\/2026\/04\/532479.jpeg?itok=ZPxndbPn\u0022 src=\u0022\/sites\/default\/files\/styles\/teaser_standard__s\/public\/aurora\/2026\/04\/532479.jpeg?itok=v0agjAYR\u0022 title=\u0022\u00a9 Marc Haidle\u0022 \/\u003E\n\n    \u003C\/picture\u003E\n      \u003Cfigcaption class=\u0022image--figcaption\u0022\u003E\n          \u003Cdiv class=\u0022copyright\u0022\u003EMarc Haidle\u003C\/div\u003E\n          \u003C\/figcaption\u003E\n\u003C\/figure\u003E\n\n\n    \u003C\/div\u003E\n    \u003Cdiv class=\u0022teaser-content\u0022\u003E\n                    \u003Cdiv class=\u0022teaser-content--kicker\u0022\u003E\n                    \n        \u003C\/div\u003E\n                                              \n                        \n        \u003Ch4 class=\u0022teaser-content--headline\u0022\u003E\n                                Marc Haidle \u00fcbernimmt Vertriebsleitung D-A-CH bei \n                              \u003Cspan class=\u0022headline-last-word-arrow\u0022\u003EContura                      \u003C\/span\u003E\n        \u003C\/h4\u003E\n            \u003Cdiv class=\u0022teaser-content--publishing-date\u0022\u003E\u003Ctime datetime=\u00222026-04-27T07:27:55Z\u0022\u003E27.04.2026\u003C\/time\u003E\n\u003C\/div\u003E\u003Cspan class=\u0022teaser-content--publishing-date-divider\u0022\u003E - \u003C\/span\u003E\u003Cdiv class=\u0022teaser-content--body\u0022\u003E  \u003Cp\u003EPersonelle Verst\u00e4rkung bei\u0026nbsp;Contura: Marc Haidle hat im M\u00e4rz die Leitung des Vertriebs f\u00fcr die DACH-Region \u00fcbernommen. Damit verantwortet der Branchenkenner k\u00fcnftig die Verkaufsaktivit\u00e4ten des Herstellers in Deutschland, \u00d6sterreich und der Schweiz.\u003C\/p\u003E\n\u003Cp\u003EHaidle bringt rund 16 Jahre Erfahrung aus der...\u003C\/p\u003E\n\n\n\u003C\/div\u003E\n                        \u003Cspan class=\u0022read-more-arrow-container\u0022\u003E\n            \u003Cspan class=\u0022read-more-angled-arrow\u0022\u003E \u003C\/span\u003E\n          \u003C\/span\u003E\n                  \u003C\/div\u003E\n    \u003C\/a\u003E\n\u003Ca href=\u0022\/branche\/stabiles-interesse-und-internationale-beteiligung-progetto-fuoco-2026-verona\u0022  class=\u0022teaser teaser--standard\u0022 aria-label=\u0022Progetto Fuoco 2026 in Verona\u0022\u003E\n      \u003Cdiv class=\u0022teaser-content--image\u0022\u003E\n        \u003Cfigure class=\u0022image--figure\u0022\u003E\n        \u003Cpicture\u003E\n                        \u003Csource srcset=\u0022\/sites\/default\/files\/styles\/teaser_standard__m\/public\/aurora\/2026\/04\/525569.jpeg.webp?itok=ql3giv6x 1x\u0022 media=\u0022(min-width: 48.0625em) and (max-width: 64em)\u0022 type=\u0022image\/webp\u0022 width=\u0022323\u0022 height=\u0022158\u0022\/\u003E\n                  \u003Csource srcset=\u0022\/sites\/default\/files\/styles\/teaser_standard__l\/public\/aurora\/2026\/04\/525569.jpeg.webp?itok=HK0WKTAN 1x\u0022 media=\u0022(min-width: 64.0625em)\u0022 type=\u0022image\/webp\u0022 width=\u0022203\u0022 height=\u0022100\u0022\/\u003E\n                  \u003Csource srcset=\u0022\/sites\/default\/files\/styles\/teaser_standard__m\/public\/aurora\/2026\/04\/525569.jpeg?itok=SFS59fqr 1x\u0022 media=\u0022(min-width: 48.0625em) and (max-width: 64em)\u0022 type=\u0022image\/jpeg\u0022 width=\u0022323\u0022 height=\u0022158\u0022\/\u003E\n                  \u003Csource srcset=\u0022\/sites\/default\/files\/styles\/teaser_standard__l\/public\/aurora\/2026\/04\/525569.jpeg?itok=a4av7u2l 1x\u0022 media=\u0022(min-width: 64.0625em)\u0022 type=\u0022image\/jpeg\u0022 width=\u0022203\u0022 height=\u0022100\u0022\/\u003E\n                          \u003Cimg alt=\u0022Hier war immer viel los: Messestand von La Nordica Extraflame.\u0022 loading=\u0022eager\u0022 data-caption-hide width=\u0022708\u0022 height=\u0022347\u0022 data-zoomed=\u0022https:\/\/www.kl-magazin.de\/sites\/default\/files\/styles\/content__zoomed\/public\/aurora\/2026\/04\/525569.jpeg?itok=7mvrmDLz\u0022 src=\u0022\/sites\/default\/files\/styles\/teaser_standard__s\/public\/aurora\/2026\/04\/525569.jpeg?itok=q1LuyDRX\u0022 title=\u0022\u00a9 Foto: Jens Fischer\u0022 \/\u003E\n\n    \u003C\/picture\u003E\n      \u003Cfigcaption class=\u0022image--figcaption\u0022\u003E\n          \u003Cdiv class=\u0022copyright\u0022\u003EFoto: Jens Fischer\u003C\/div\u003E\n          \u003C\/figcaption\u003E\n\u003C\/figure\u003E\n\n\n    \u003C\/div\u003E\n    \u003Cdiv class=\u0022teaser-content\u0022\u003E\n                    \u003Cdiv class=\u0022teaser-content--kicker\u0022\u003E\n                    \/\/\/\u2002\ufeffStabiles Interesse und internationale Beteiligung\n        \u003C\/div\u003E\n                                              \n                        \n        \u003Ch4 class=\u0022teaser-content--headline\u0022\u003E\n                                Progetto Fuoco 2026 in \n                              \u003Cspan class=\u0022headline-last-word-arrow\u0022\u003EVerona              \u003Cspan\n                  class=\u0022permission-lock permission-lock-icon--\u0022\u003E\u003C\/span\u003E\n                                  \u003C\/span\u003E\n        \u003C\/h4\u003E\n            \u003Cdiv class=\u0022teaser-content--publishing-date\u0022\u003E\u003Ctime datetime=\u00222026-04-02T13:01:17Z\u0022\u003E02.04.2026\u003C\/time\u003E\n\u003C\/div\u003E\u003Cspan class=\u0022teaser-content--publishing-date-divider\u0022\u003E - \u003C\/span\u003E\u003Cdiv class=\u0022teaser-content--body\u0022\u003E\u003Cp\u003EDie 15. Ausgabe der Feuerst\u00e4tten- und Biomasse-Fachmesse Progetto Fuoco ist am 28. Februar 2026 auf dem Gel\u00e4nde von Veronafiere in Verona zu Ende gegangen. Nach Angaben der Veranstalter besuchten mehr als 40.000 Fachbesucher die Messe. Der internationale Anteil lag bei \u00fcber 25 Prozent. Registriert wurden Besucherinnen und Besucher aus insgesamt 71 L\u00e4ndern, darunter Deutschland, Frankreich, \u00adSpanien, Belgien, \u00d6sterreich, Rum\u00e4nien, die Schweiz, Griechenland, Polen und Gro\u00dfbritannien.\u003C\/p\u003E\n\u003C\/div\u003E\n                        \u003Cspan class=\u0022read-more-arrow-container\u0022\u003E\n            \u003Cspan class=\u0022read-more-angled-arrow\u0022\u003E \u003C\/span\u003E\n          \u003C\/span\u003E\n                  \u003C\/div\u003E\n    \u003C\/a\u003E\n\u003Ca href=\u0022\/branche\/gefragt-ist-guter-wille-was-kostet-es-die-welt-zu-verbessern\u0022  class=\u0022teaser teaser--standard\u0022 aria-label=\u0022Was kostet es die Welt zu verbessern...\u0022\u003E\n      \u003Cdiv class=\u0022teaser-content--image\u0022\u003E\n        \u003Cfigure class=\u0022image--figure\u0022\u003E\n        \u003Cpicture\u003E\n                        \u003Csource srcset=\u0022\/sites\/default\/files\/styles\/teaser_standard__m\/public\/aurora\/2026\/03\/525558.jpeg.webp?itok=iec4F50a 1x\u0022 media=\u0022(min-width: 48.0625em) and (max-width: 64em)\u0022 type=\u0022image\/webp\u0022 width=\u0022141\u0022 height=\u0022242\u0022\/\u003E\n                  \u003Csource srcset=\u0022\/sites\/default\/files\/styles\/teaser_standard__l\/public\/aurora\/2026\/03\/525558.jpeg.webp?itok=4Jyr6RH0 1x\u0022 media=\u0022(min-width: 64.0625em)\u0022 type=\u0022image\/webp\u0022 width=\u002289\u0022 height=\u0022152\u0022\/\u003E\n                  \u003Csource srcset=\u0022\/sites\/default\/files\/styles\/teaser_standard__m\/public\/aurora\/2026\/03\/525558.jpeg?itok=mi2h4h7u 1x\u0022 media=\u0022(min-width: 48.0625em) and (max-width: 64em)\u0022 type=\u0022image\/jpeg\u0022 width=\u0022141\u0022 height=\u0022242\u0022\/\u003E\n                  \u003Csource srcset=\u0022\/sites\/default\/files\/styles\/teaser_standard__l\/public\/aurora\/2026\/03\/525558.jpeg?itok=SGZUJyeC 1x\u0022 media=\u0022(min-width: 64.0625em)\u0022 type=\u0022image\/jpeg\u0022 width=\u002289\u0022 height=\u0022152\u0022\/\u003E\n                          \u003Cimg alt=\u0022Axel Schmitz\u0022 loading=\u0022eager\u0022 data-caption-hide width=\u0022232\u0022 height=\u0022398\u0022 data-zoomed=\u0022https:\/\/www.kl-magazin.de\/sites\/default\/files\/styles\/content__zoomed\/public\/aurora\/2026\/03\/525558.jpeg?itok=XIhzkQPj\u0022 src=\u0022\/sites\/default\/files\/styles\/teaser_standard__s\/public\/aurora\/2026\/03\/525558.jpeg?itok=n1KRsr7m\u0022 title=\u0022\u00a9 Foto: Jens Fischer\u0022 \/\u003E\n\n    \u003C\/picture\u003E\n      \u003Cfigcaption class=\u0022image--figcaption\u0022\u003E\n          \u003Cdiv class=\u0022copyright\u0022\u003EFoto: Jens Fischer\u003C\/div\u003E\n          \u003C\/figcaption\u003E\n\u003C\/figure\u003E\n\n\n    \u003C\/div\u003E\n    \u003Cdiv class=\u0022teaser-content\u0022\u003E\n                    \u003Cdiv class=\u0022teaser-content--kicker\u0022\u003E\n                    \/\/\/\u2002GEfragt ist guter Wille!\n        \u003C\/div\u003E\n                                              \n                        \n        \u003Ch4 class=\u0022teaser-content--headline\u0022\u003E\n                                Was kostet es die Welt zu \n                              \u003Cspan class=\u0022headline-last-word-arrow\u0022\u003Everbessern...              \u003Cspan\n                  class=\u0022permission-lock permission-lock-icon--\u0022\u003E\u003C\/span\u003E\n                                  \u003C\/span\u003E\n        \u003C\/h4\u003E\n            \u003Cdiv class=\u0022teaser-content--publishing-date\u0022\u003E\u003Ctime datetime=\u00222026-04-02T13:01:05Z\u0022\u003E02.04.2026\u003C\/time\u003E\n\u003C\/div\u003E\u003Cspan class=\u0022teaser-content--publishing-date-divider\u0022\u003E - \u003C\/span\u003E\u003Cdiv class=\u0022teaser-content--body\u0022\u003E\u003Cp\u003EAuf der Hagos-B\u00f6rse sprachen wir mit Axel Schmitz von firetube. Der Entwickler und Unter\u00adnehmer steht f\u00fcr einen klaren industriegetriebenen Ansatz: Die Zukunft moderner Feuerst\u00e4tten\u003Cbr \/\u003E\nsieht er weniger im Abwarten auf politische Vorgaben oder gesetzliche Anpassungen, sondern in der konsequenten technischen Weiterentwicklung der Ger\u00e4te selbst. Aus seiner Sicht m\u00fcssen Hersteller ihre Feuerst\u00e4tten serienm\u00e4\u00dfig mit intelligenten, vorausschauenden Funktionen ausstatten \u2013 als eigenen Anspruch an Innovation und Produktsicherheit.\u003C\/p\u003E\n\u003C\/div\u003E\n                        \u003Cspan class=\u0022read-more-arrow-container\u0022\u003E\n            \u003Cspan class=\u0022read-more-angled-arrow\u0022\u003E \u003C\/span\u003E\n          \u003C\/span\u003E\n                  \u003C\/div\u003E\n    \u003C\/a\u003E\n\u003Ca href=\u0022\/branche\/messenachlese-hagos-boerse-2026\u0022  class=\u0022teaser teaser--standard\u0022 aria-label=\u0022Hagos B\u00f6rse 2026\u0022\u003E\n      \u003Cdiv class=\u0022teaser-content--image\u0022\u003E\n        \u003Cfigure class=\u0022image--figure\u0022\u003E\n        \u003Cpicture\u003E\n                        \u003Csource srcset=\u0022\/sites\/default\/files\/styles\/teaser_standard__m\/public\/aurora\/2026\/03\/526046.jpeg.webp?itok=016yNNab 1x\u0022 media=\u0022(min-width: 48.0625em) and (max-width: 64em)\u0022 type=\u0022image\/webp\u0022 width=\u0022322\u0022 height=\u0022242\u0022\/\u003E\n                  \u003Csource srcset=\u0022\/sites\/default\/files\/styles\/teaser_standard__l\/public\/aurora\/2026\/03\/526046.jpeg.webp?itok=d3qnu9_g 1x\u0022 media=\u0022(min-width: 64.0625em)\u0022 type=\u0022image\/webp\u0022 width=\u0022202\u0022 height=\u0022152\u0022\/\u003E\n                  \u003Csource srcset=\u0022\/sites\/default\/files\/styles\/teaser_standard__m\/public\/aurora\/2026\/03\/526046.jpeg?itok=0TINP911 1x\u0022 media=\u0022(min-width: 48.0625em) and (max-width: 64em)\u0022 type=\u0022image\/jpeg\u0022 width=\u0022322\u0022 height=\u0022242\u0022\/\u003E\n                  \u003Csource srcset=\u0022\/sites\/default\/files\/styles\/teaser_standard__l\/public\/aurora\/2026\/03\/526046.jpeg?itok=tNx5hvfS 1x\u0022 media=\u0022(min-width: 64.0625em)\u0022 type=\u0022image\/jpeg\u0022 width=\u0022202\u0022 height=\u0022152\u0022\/\u003E\n                          \u003Cimg loading=\u0022eager\u0022 data-caption-hide width=\u0022530\u0022 height=\u0022398\u0022 data-zoomed=\u0022https:\/\/www.kl-magazin.de\/sites\/default\/files\/styles\/content__zoomed\/public\/aurora\/2026\/03\/526046.jpeg?itok=cHrCAW9X\u0022 src=\u0022\/sites\/default\/files\/styles\/teaser_standard__s\/public\/aurora\/2026\/03\/526046.jpeg?itok=LvspIkWz\u0022 title=\u0022Die Menschen gehen eine Treppe hinauf zu einem modernen Glasgeb\u00e4ude mit der Aufschrift \u0026quot;HAGOSB\u00d6RSE 2016\u0026quot;. - \u00a9 Martin Henze\u0022 \/\u003E\n\n    \u003C\/picture\u003E\n      \u003Cfigcaption class=\u0022image--figcaption\u0022\u003E\n          \u003Cdiv class=\u0022copyright\u0022\u003EMartin Henze\u003C\/div\u003E\n          \u003C\/figcaption\u003E\n\u003C\/figure\u003E\n\n\n    \u003C\/div\u003E\n    \u003Cdiv class=\u0022teaser-content\u0022\u003E\n                    \u003Cdiv class=\u0022teaser-content--kicker\u0022\u003E\n                    Messenachlese\n        \u003C\/div\u003E\n                                              \n                        \n        \u003Ch4 class=\u0022teaser-content--headline\u0022\u003E\n                                Hagos B\u00f6rse \n                              \u003Cspan class=\u0022headline-last-word-arrow\u0022\u003E2026                      \u003C\/span\u003E\n        \u003C\/h4\u003E\n            \u003Cdiv class=\u0022teaser-content--publishing-date\u0022\u003E\u003Ctime datetime=\u00222026-03-29T12:45:57Z\u0022\u003E29.03.2026\u003C\/time\u003E\n\u003C\/div\u003E\u003Cspan class=\u0022teaser-content--publishing-date-divider\u0022\u003E - \u003C\/span\u003E\u003Cdiv class=\u0022teaser-content--body\u0022\u003E  \u003Cp\u003EMit rund 2.500 Besuchern hat sich die Hagos B\u00f6rse vom 11. bis 13. M\u00e4rz 2026 auf der Messe Stuttgart erneut als Treffpunkt der Ofenbau-Branche pr\u00e4sentiert. Aus ganz Deutschland reisten die Ofenbauer an \u2013 erg\u00e4nzt durch zahlreiche Fachbesucher aus dem benachbarten Ausland. Zwischen Ausstellern und...\u003C\/p\u003E\n\n\n\u003C\/div\u003E\n                        \u003Cspan class=\u0022read-more-arrow-container\u0022\u003E\n            \u003Cspan class=\u0022read-more-angled-arrow\u0022\u003E \u003C\/span\u003E\n          \u003C\/span\u003E\n                  \u003C\/div\u003E\n    \u003C\/a\u003E\n\u003Ca href=\u0022\/branche\/57-arbeitsseminar-des-bayerischen-ol-handwerks-treffpunkt-bad-toelz\u0022  class=\u0022teaser teaser--standard\u0022 aria-label=\u0022Treffpunkt Bad T\u00f6lz\u0022\u003E\n      \u003Cdiv class=\u0022teaser-content--image\u0022\u003E\n        \u003Cfigure class=\u0022image--figure\u0022\u003E\n        \u003Cpicture\u003E\n                        \u003Csource srcset=\u0022\/sites\/default\/files\/styles\/teaser_standard__m\/public\/aurora\/2026\/03\/516232.jpeg.webp?itok=c7rH3ZuX 1x\u0022 media=\u0022(min-width: 48.0625em) and (max-width: 64em)\u0022 type=\u0022image\/webp\u0022 width=\u0022323\u0022 height=\u0022219\u0022\/\u003E\n                  \u003Csource srcset=\u0022\/sites\/default\/files\/styles\/teaser_standard__l\/public\/aurora\/2026\/03\/516232.jpeg.webp?itok=WIR4abum 1x\u0022 media=\u0022(min-width: 64.0625em)\u0022 type=\u0022image\/webp\u0022 width=\u0022203\u0022 height=\u0022138\u0022\/\u003E\n                  \u003Csource srcset=\u0022\/sites\/default\/files\/styles\/teaser_standard__m\/public\/aurora\/2026\/03\/516232.jpeg?itok=daTpRBd_ 1x\u0022 media=\u0022(min-width: 48.0625em) and (max-width: 64em)\u0022 type=\u0022image\/jpeg\u0022 width=\u0022323\u0022 height=\u0022219\u0022\/\u003E\n                  \u003Csource srcset=\u0022\/sites\/default\/files\/styles\/teaser_standard__l\/public\/aurora\/2026\/03\/516232.jpeg?itok=IFQQoJaC 1x\u0022 media=\u0022(min-width: 64.0625em)\u0022 type=\u0022image\/jpeg\u0022 width=\u0022203\u0022 height=\u0022138\u0022\/\u003E\n                          \u003Cimg alt=\u0022Volles Haus in Bad T\u00f6lz.\u0022 loading=\u0022eager\u0022 data-caption-hide width=\u0022587\u0022 height=\u0022398\u0022 data-zoomed=\u0022https:\/\/www.kl-magazin.de\/sites\/default\/files\/styles\/content__zoomed\/public\/aurora\/2026\/03\/516232.jpeg?itok=2gYV5Sl0\u0022 src=\u0022\/sites\/default\/files\/styles\/teaser_standard__s\/public\/aurora\/2026\/03\/516232.jpeg?itok=BYpX20ks\u0022 title=\u0022\u00a9 Foto: Jens Fischer\u0022 \/\u003E\n\n    \u003C\/picture\u003E\n      \u003Cfigcaption class=\u0022image--figcaption\u0022\u003E\n          \u003Cdiv class=\u0022copyright\u0022\u003EFoto: Jens Fischer\u003C\/div\u003E\n          \u003C\/figcaption\u003E\n\u003C\/figure\u003E\n\n\n    \u003C\/div\u003E\n    \u003Cdiv class=\u0022teaser-content\u0022\u003E\n                    \u003Cdiv class=\u0022teaser-content--kicker\u0022\u003E\n                    \/\/\/\u200257. Arbeitsseminar des bayerischen OL-Handwerks\n        \u003C\/div\u003E\n                                              \n                        \n        \u003Ch4 class=\u0022teaser-content--headline\u0022\u003E\n                                Treffpunkt Bad \n                              \u003Cspan class=\u0022headline-last-word-arrow\u0022\u003ET\u00f6lz              \u003Cspan\n                  class=\u0022permission-lock permission-lock-icon--\u0022\u003E\u003C\/span\u003E\n                                  \u003C\/span\u003E\n        \u003C\/h4\u003E\n            \u003Cdiv class=\u0022teaser-content--publishing-date\u0022\u003E\u003Ctime datetime=\u00222026-03-02T13:14:51Z\u0022\u003E02.03.2026\u003C\/time\u003E\n\u003C\/div\u003E\u003Cspan class=\u0022teaser-content--publishing-date-divider\u0022\u003E - \u003C\/span\u003E\u003Cdiv class=\u0022teaser-content--body\u0022\u003E\u003Cp\u003EVom 5. bis 7. Februar 2026 fand in Bad T\u00f6lz das 57. Arbeitsseminar des bayerischen Ofen- und Luftheizungsbauerhandwerks statt. Die traditionsreiche Veranstaltung best\u00e4tigte erneut ihren Stellenwert als zentrale Plattform f\u00fcr fachlichen Austausch, Weiterbildung und strategische Orientierung innerhalb der Branche. Fachbetriebe, Hersteller, Verb\u00e4nde und Sachverst\u00e4ndige nutzten das Seminar, um sich \u00fcber aktuelle technische Entwicklungen, neue normative Anforderungen sowie zuk\u00fcnftige Markt- und Systeml\u00f6sungen zu informieren.\u003C\/p\u003E\n\u003C\/div\u003E\n                        \u003Cspan class=\u0022read-more-arrow-container\u0022\u003E\n            \u003Cspan class=\u0022read-more-angled-arrow\u0022\u003E \u003C\/span\u003E\n          \u003C\/span\u003E\n                  \u003C\/div\u003E\n    \u003C\/a\u003E\n\u003Ca href=\u0022\/branche\/interview-waerme-wenn-nichts-mehr-geht\u0022  class=\u0022teaser teaser--standard\u0022 aria-label=\u0022\ufeffW\u00e4rme, wenn nichts mehr geht!\u0022\u003E\n      \u003Cdiv class=\u0022teaser-content--image\u0022\u003E\n        \u003Cfigure class=\u0022image--figure\u0022\u003E\n        \u003Cpicture\u003E\n                        \u003Csource srcset=\u0022\/sites\/default\/files\/styles\/teaser_standard__m\/public\/aurora\/2026\/03\/516103.jpeg.webp?itok=fVktI2Hb 1x\u0022 media=\u0022(min-width: 48.0625em) and (max-width: 64em)\u0022 type=\u0022image\/webp\u0022 width=\u0022240\u0022 height=\u0022242\u0022\/\u003E\n                  \u003Csource srcset=\u0022\/sites\/default\/files\/styles\/teaser_standard__l\/public\/aurora\/2026\/03\/516103.jpeg.webp?itok=OKcaeeqg 1x\u0022 media=\u0022(min-width: 64.0625em)\u0022 type=\u0022image\/webp\u0022 width=\u0022151\u0022 height=\u0022152\u0022\/\u003E\n                  \u003Csource srcset=\u0022\/sites\/default\/files\/styles\/teaser_standard__m\/public\/aurora\/2026\/03\/516103.jpeg?itok=XMgmC0eH 1x\u0022 media=\u0022(min-width: 48.0625em) and (max-width: 64em)\u0022 type=\u0022image\/jpeg\u0022 width=\u0022240\u0022 height=\u0022242\u0022\/\u003E\n                  \u003Csource srcset=\u0022\/sites\/default\/files\/styles\/teaser_standard__l\/public\/aurora\/2026\/03\/516103.jpeg?itok=vFParinQ 1x\u0022 media=\u0022(min-width: 64.0625em)\u0022 type=\u0022image\/jpeg\u0022 width=\u0022151\u0022 height=\u0022152\u0022\/\u003E\n                          \u003Cimg loading=\u0022eager\u0022 data-caption-hide width=\u0022395\u0022 height=\u0022398\u0022 data-zoomed=\u0022https:\/\/www.kl-magazin.de\/sites\/default\/files\/styles\/content__zoomed\/public\/aurora\/2026\/03\/516103.jpeg?itok=hcmHfFRS\u0022 src=\u0022\/sites\/default\/files\/styles\/teaser_standard__s\/public\/aurora\/2026\/03\/516103.jpeg?itok=SIGezWQ2\u0022 title=\u0022Ein Mann in Anzug und Krawatte l\u00e4chelt in die Kamera vor einem wei\u00dfen Hintergrund. - \u00a9 Foto: EFA e.V.\u0022 \/\u003E\n\n    \u003C\/picture\u003E\n      \u003Cfigcaption class=\u0022image--figcaption\u0022\u003E\n          \u003Cdiv class=\u0022copyright\u0022\u003EFoto: EFA e.V.\u003C\/div\u003E\n          \u003C\/figcaption\u003E\n\u003C\/figure\u003E\n\n\n    \u003C\/div\u003E\n    \u003Cdiv class=\u0022teaser-content\u0022\u003E\n                    \u003Cdiv class=\u0022teaser-content--kicker\u0022\u003E\n                    \/\/\/\u2002Interview\n        \u003C\/div\u003E\n                                              \n                        \n        \u003Ch4 class=\u0022teaser-content--headline\u0022\u003E\n                                \ufeffW\u00e4rme, wenn nichts mehr \n                              \u003Cspan class=\u0022headline-last-word-arrow\u0022\u003Egeht!              \u003Cspan\n                  class=\u0022permission-lock permission-lock-icon--\u0022\u003E\u003C\/span\u003E\n                                  \u003C\/span\u003E\n        \u003C\/h4\u003E\n            \u003Cdiv class=\u0022teaser-content--publishing-date\u0022\u003E\u003Ctime datetime=\u00222026-03-02T13:14:41Z\u0022\u003E02.03.2026\u003C\/time\u003E\n\u003C\/div\u003E\u003Cspan class=\u0022teaser-content--publishing-date-divider\u0022\u003E - \u003C\/span\u003E\u003Cdiv class=\u0022teaser-content--body\u0022\u003E\u003Cp\u003EWarum der Ofen mehr ist als ein M\u00f6belst\u00fcck \u2013der Vorstandsvorsitzende der EFA e.V. Uwe Striegler \u00fcber Vorsorge, Frostschutz f\u00fcr Geb\u00e4ude und die Bedeutung moderner, emissionsarmer Technik.\u003C\/p\u003E\n\u003C\/div\u003E\n                        \u003Cspan class=\u0022read-more-arrow-container\u0022\u003E\n            \u003Cspan class=\u0022read-more-angled-arrow\u0022\u003E \u003C\/span\u003E\n          \u003C\/span\u003E\n                  \u003C\/div\u003E\n    \u003C\/a\u003E\n\u003Ca href=\u0022\/branche\/innovationskraft-deutschland-abgastechnologie-ueberzeugt-im-auswahlverfahren\u0022  class=\u0022teaser teaser--standard\u0022 aria-label=\u0022Innovationskraft in Deutschland: Abgastechnologie \u00fcberzeugt im Auswahlverfahren\u0022\u003E\n      \u003Cdiv class=\u0022teaser-content--image\u0022\u003E\n        \u003Cfigure class=\u0022image--figure\u0022\u003E\n        \u003Cpicture\u003E\n                        \u003Csource srcset=\u0022\/sites\/default\/files\/styles\/teaser_standard__m\/public\/aurora\/2026\/03\/518394.jpeg.webp?itok=ZEJVQcIz 1x\u0022 media=\u0022(min-width: 48.0625em) and (max-width: 64em)\u0022 type=\u0022image\/webp\u0022 width=\u0022323\u0022 height=\u0022228\u0022\/\u003E\n                  \u003Csource srcset=\u0022\/sites\/default\/files\/styles\/teaser_standard__l\/public\/aurora\/2026\/03\/518394.jpeg.webp?itok=UJX2wA7z 1x\u0022 media=\u0022(min-width: 64.0625em)\u0022 type=\u0022image\/webp\u0022 width=\u0022203\u0022 height=\u0022143\u0022\/\u003E\n                  \u003Csource srcset=\u0022\/sites\/default\/files\/styles\/teaser_standard__m\/public\/aurora\/2026\/03\/518394.jpeg?itok=Y8S0vraC 1x\u0022 media=\u0022(min-width: 48.0625em) and (max-width: 64em)\u0022 type=\u0022image\/jpeg\u0022 width=\u0022323\u0022 height=\u0022228\u0022\/\u003E\n                  \u003Csource srcset=\u0022\/sites\/default\/files\/styles\/teaser_standard__l\/public\/aurora\/2026\/03\/518394.jpeg?itok=vwcjMReX 1x\u0022 media=\u0022(min-width: 64.0625em)\u0022 type=\u0022image\/jpeg\u0022 width=\u0022203\u0022 height=\u0022143\u0022\/\u003E\n                          \u003Cimg loading=\u0022eager\u0022 data-caption-hide width=\u0022563\u0022 height=\u0022398\u0022 data-zoomed=\u0022https:\/\/www.kl-magazin.de\/sites\/default\/files\/styles\/content__zoomed\/public\/aurora\/2026\/03\/518394.jpeg?itok=1pu3yvDs\u0022 src=\u0022\/sites\/default\/files\/styles\/teaser_standard__s\/public\/aurora\/2026\/03\/518394.jpeg?itok=OaQX1P44\u0022 title=\u0022Eine \u0026quot;Top Innovator 2026\u0026quot;-Auszeichnung neben einem gl\u00e4nzenden Industrieventil mit SCHRADER KAMPMANN-Branding. - \u00a9 Schr\u00e4der Abgastechnologie\u0022 \/\u003E\n\n    \u003C\/picture\u003E\n      \u003Cfigcaption class=\u0022image--figcaption\u0022\u003E\n          \u003Cdiv class=\u0022copyright\u0022\u003ESchr\u00e4der Abgastechnologie\u003C\/div\u003E\n          \u003C\/figcaption\u003E\n\u003C\/figure\u003E\n\n\n    \u003C\/div\u003E\n    \u003Cdiv class=\u0022teaser-content\u0022\u003E\n                    \u003Cdiv class=\u0022teaser-content--kicker\u0022\u003E\n                    \n        \u003C\/div\u003E\n                                              \n                        \n        \u003Ch4 class=\u0022teaser-content--headline\u0022\u003E\n                                Innovationskraft in Deutschland: Abgastechnologie \u00fcberzeugt im \n                              \u003Cspan class=\u0022headline-last-word-arrow\u0022\u003EAuswahlverfahren                      \u003C\/span\u003E\n        \u003C\/h4\u003E\n            \u003Cdiv class=\u0022teaser-content--publishing-date\u0022\u003E\u003Ctime datetime=\u00222026-03-02T12:02:37Z\u0022\u003E02.03.2026\u003C\/time\u003E\n\u003C\/div\u003E\u003Cspan class=\u0022teaser-content--publishing-date-divider\u0022\u003E - \u003C\/span\u003E\u003Cdiv class=\u0022teaser-content--body\u0022\u003E  \u003Cp\u003EDie Schr\u00e4der Abgastechnologie geh\u00f6rt offiziell zu den Top 100 innovativsten mittelst\u00e4ndischen Unternehmen Deutschlands. Das Unternehmen hat sich im anspruchsvollen Auswahlverfahren des renommierten Wettbewerbs durchgesetzt und wurde f\u00fcr seine besondere Innovationskraft ausgezeichnet.\u003Cbr\u003EIn der aktuellen...\u003C\/p\u003E\n\n\n\u003C\/div\u003E\n                        \u003Cspan class=\u0022read-more-arrow-container\u0022\u003E\n            \u003Cspan class=\u0022read-more-angled-arrow\u0022\u003E \u003C\/span\u003E\n          \u003C\/span\u003E\n                  \u003C\/div\u003E\n    \u003C\/a\u003E\n\u003Ca href=\u0022\/branche\/der-neue-podcast-fuer-ofen-profis-kl-radio-jetzt-air\u0022  class=\u0022teaser teaser--standard\u0022 aria-label=\u0022KL-Radio \u2013 jetzt \u201eOn Air\u201c\u0022\u003E\n      \u003Cdiv class=\u0022teaser-content--image\u0022\u003E\n        \u003Cfigure class=\u0022image--figure\u0022\u003E\n        \u003Cpicture\u003E\n                        \u003Csource srcset=\u0022\/sites\/default\/files\/styles\/teaser_standard__m\/public\/aurora\/2026\/02\/515320.png.webp?itok=s8oB6tY- 1x\u0022 media=\u0022(min-width: 48.0625em) and (max-width: 64em)\u0022 type=\u0022image\/webp\u0022 width=\u0022242\u0022 height=\u0022242\u0022\/\u003E\n                  \u003Csource srcset=\u0022\/sites\/default\/files\/styles\/teaser_standard__l\/public\/aurora\/2026\/02\/515320.png.webp?itok=-KT6zMeW 1x\u0022 media=\u0022(min-width: 64.0625em)\u0022 type=\u0022image\/webp\u0022 width=\u0022152\u0022 height=\u0022152\u0022\/\u003E\n                  \u003Csource srcset=\u0022\/sites\/default\/files\/styles\/teaser_standard__m\/public\/aurora\/2026\/02\/515320.png?itok=ptUlmQZC 1x\u0022 media=\u0022(min-width: 48.0625em) and (max-width: 64em)\u0022 type=\u0022image\/png\u0022 width=\u0022242\u0022 height=\u0022242\u0022\/\u003E\n                  \u003Csource srcset=\u0022\/sites\/default\/files\/styles\/teaser_standard__l\/public\/aurora\/2026\/02\/515320.png?itok=WqAuf93h 1x\u0022 media=\u0022(min-width: 64.0625em)\u0022 type=\u0022image\/png\u0022 width=\u0022152\u0022 height=\u0022152\u0022\/\u003E\n                          \u003Cimg loading=\u0022eager\u0022 data-caption-hide width=\u0022398\u0022 height=\u0022398\u0022 data-zoomed=\u0022https:\/\/www.kl-magazin.de\/sites\/default\/files\/styles\/content__zoomed\/public\/aurora\/2026\/02\/515320.png?itok=Zh4nqK08\u0022 src=\u0022\/sites\/default\/files\/styles\/teaser_standard__s\/public\/aurora\/2026\/02\/515320.png?itok=mld29ItZ\u0022 title=\u0022Rosa Neon-Logo \u0026quot;K\u0026amp;L Radio\u0026quot; mit einem Mikrofon, Schallwellen und einem Blitz. - \u00a9 Jens Fischer\u0022 \/\u003E\n\n    \u003C\/picture\u003E\n      \u003Cfigcaption class=\u0022image--figcaption\u0022\u003E\n          \u003Cdiv class=\u0022copyright\u0022\u003EJens Fischer\u003C\/div\u003E\n          \u003C\/figcaption\u003E\n\u003C\/figure\u003E\n\n\n    \u003C\/div\u003E\n    \u003Cdiv class=\u0022teaser-content\u0022\u003E\n                    \u003Cdiv class=\u0022teaser-content--kicker\u0022\u003E\n                    Der neue Podcast f\u00fcr Ofen-Profis\n        \u003C\/div\u003E\n                                              \n                        \n        \u003Ch4 class=\u0022teaser-content--headline\u0022\u003E\n                                KL-Radio \u2013 jetzt \u201eOn \n                              \u003Cspan class=\u0022headline-last-word-arrow\u0022\u003EAir\u201c                      \u003C\/span\u003E\n        \u003C\/h4\u003E\n            \u003Cdiv class=\u0022teaser-content--publishing-date\u0022\u003E\u003Ctime datetime=\u00222026-02-18T07:00:44Z\u0022\u003E18.02.2026\u003C\/time\u003E\n\u003C\/div\u003E\u003Cspan class=\u0022teaser-content--publishing-date-divider\u0022\u003E - \u003C\/span\u003E\u003Cdiv class=\u0022teaser-content--body\u0022\u003E  \u003Cp\u003E\u201eKL Radio\u201c ist der neue, kompakte Branchenpodcast f\u00fcr das Ofen- und Luftheizungsbauerhandwerk. In kurzen, pr\u00e4gnanten Episoden greifen wir aktuelle Themen aus Technik, Politik, Gesetzgebung, Kommunikation und Marktgeschehen auf. Der Fokus liegt auf praxisnaher Einordnung, fachlicher Relevanz und...\u003C\/p\u003E\n\n\n\u003C\/div\u003E\n                        \u003Cspan class=\u0022read-more-arrow-container\u0022\u003E\n            \u003Cspan class=\u0022read-more-angled-arrow\u0022\u003E \u003C\/span\u003E\n          \u003C\/span\u003E\n                  \u003C\/div\u003E\n    \u003C\/a\u003E\n\u003Ca href=\u0022\/branche\/eine-sachliche-einordnung-feinstaub-im-winter\u0022  class=\u0022teaser teaser--standard\u0022 aria-label=\u0022Eine sachliche Einordnung: Feinstaub im Winter\u0022\u003E\n      \u003Cdiv class=\u0022teaser-content--image\u0022\u003E\n        \u003Cfigure class=\u0022image--figure\u0022\u003E\n        \u003Cpicture\u003E\n                        \u003Csource srcset=\u0022\/sites\/default\/files\/styles\/teaser_standard__m\/public\/aurora\/2026\/02\/511366.jpeg.webp?itok=hoPG0xaM 1x\u0022 media=\u0022(min-width: 48.0625em) and (max-width: 64em)\u0022 type=\u0022image\/webp\u0022 width=\u0022323\u0022 height=\u0022212\u0022\/\u003E\n                  \u003Csource srcset=\u0022\/sites\/default\/files\/styles\/teaser_standard__l\/public\/aurora\/2026\/02\/511366.jpeg.webp?itok=RqEsyJKI 1x\u0022 media=\u0022(min-width: 64.0625em)\u0022 type=\u0022image\/webp\u0022 width=\u0022203\u0022 height=\u0022133\u0022\/\u003E\n                  \u003Csource srcset=\u0022\/sites\/default\/files\/styles\/teaser_standard__m\/public\/aurora\/2026\/02\/511366.jpeg?itok=V2nscFoc 1x\u0022 media=\u0022(min-width: 48.0625em) and (max-width: 64em)\u0022 type=\u0022image\/jpeg\u0022 width=\u0022323\u0022 height=\u0022212\u0022\/\u003E\n                  \u003Csource srcset=\u0022\/sites\/default\/files\/styles\/teaser_standard__l\/public\/aurora\/2026\/02\/511366.jpeg?itok=phJUI5vJ 1x\u0022 media=\u0022(min-width: 64.0625em)\u0022 type=\u0022image\/jpeg\u0022 width=\u0022203\u0022 height=\u0022133\u0022\/\u003E\n                          \u003Cimg loading=\u0022eager\u0022 data-caption-hide width=\u0022607\u0022 height=\u0022398\u0022 data-zoomed=\u0022https:\/\/www.kl-magazin.de\/sites\/default\/files\/styles\/content__zoomed\/public\/aurora\/2026\/02\/511366.jpeg?itok=f8ZvFVUJ\u0022 src=\u0022\/sites\/default\/files\/styles\/teaser_standard__s\/public\/aurora\/2026\/02\/511366.jpeg?itok=joMkuMfl\u0022 title=\u0022Modernes zweist\u00f6ckiges Haus mit Balkon, Garten, Topfpflanzen und Gartenm\u00f6beln an einem sonnigen Tag. - \u00a9 HKI e.V.\u0022 \/\u003E\n\n    \u003C\/picture\u003E\n      \u003Cfigcaption class=\u0022image--figcaption\u0022\u003E\n          \u003Cdiv class=\u0022copyright\u0022\u003EHKI e.V.\u003C\/div\u003E\n          \u003C\/figcaption\u003E\n\u003C\/figure\u003E\n\n\n    \u003C\/div\u003E\n    \u003Cdiv class=\u0022teaser-content\u0022\u003E\n                    \u003Cdiv class=\u0022teaser-content--kicker\u0022\u003E\n                    \n        \u003C\/div\u003E\n                                              \n                        \n        \u003Ch4 class=\u0022teaser-content--headline\u0022\u003E\n                                Eine sachliche Einordnung: Feinstaub im \n                              \u003Cspan class=\u0022headline-last-word-arrow\u0022\u003EWinter                      \u003C\/span\u003E\n        \u003C\/h4\u003E\n            \u003Cdiv class=\u0022teaser-content--publishing-date\u0022\u003E\u003Ctime datetime=\u00222026-02-03T09:37:00Z\u0022\u003E03.02.2026\u003C\/time\u003E\n\u003C\/div\u003E\u003Cspan class=\u0022teaser-content--publishing-date-divider\u0022\u003E - \u003C\/span\u003E\u003Cdiv class=\u0022teaser-content--body\u0022\u003E  \u003Cp\u003EIm Winter r\u00fcckt das Thema Feinstaub regelm\u00e4\u00dfig in den Fokus. Insbesondere Holzfeuerungen werden dabei schnell pauschal kritisiert um Schlagzeilen und mediale Aufmerksamkeit zu erzielen. In dieser Debatte werden lokale Feinstaubbelastungen durch Holzfeuerungen, m\u00f6gliche gesundheitliche Auswirkungen...\u003C\/p\u003E\n\n\n\u003C\/div\u003E\n                        \u003Cspan class=\u0022read-more-arrow-container\u0022\u003E\n            \u003Cspan class=\u0022read-more-angled-arrow\u0022\u003E \u003C\/span\u003E\n          \u003C\/span\u003E\n                  \u003C\/div\u003E\n    \u003C\/a\u003E\n\u003Ca href=\u0022\/branche\/interview-emissionsminderung-von-holzfeuerstaetten\u0022  class=\u0022teaser teaser--standard\u0022 aria-label=\u0022Emissionsminderung\u00a0von Holzfeuerst\u00e4tten \u0022\u003E\n      \u003Cdiv class=\u0022teaser-content--image\u0022\u003E\n        \u003Cfigure class=\u0022image--figure\u0022\u003E\n        \u003Cpicture\u003E\n                        \u003Csource srcset=\u0022\/sites\/default\/files\/styles\/teaser_standard__m\/public\/aurora\/2026\/02\/508937.jpeg.webp?itok=pllpzElY 1x\u0022 media=\u0022(min-width: 48.0625em) and (max-width: 64em)\u0022 type=\u0022image\/webp\u0022 width=\u0022266\u0022 height=\u0022242\u0022\/\u003E\n                  \u003Csource srcset=\u0022\/sites\/default\/files\/styles\/teaser_standard__l\/public\/aurora\/2026\/02\/508937.jpeg.webp?itok=CxooY-cX 1x\u0022 media=\u0022(min-width: 64.0625em)\u0022 type=\u0022image\/webp\u0022 width=\u0022167\u0022 height=\u0022152\u0022\/\u003E\n                  \u003Csource srcset=\u0022\/sites\/default\/files\/styles\/teaser_standard__m\/public\/aurora\/2026\/02\/508937.jpeg?itok=D_u7-dFH 1x\u0022 media=\u0022(min-width: 48.0625em) and (max-width: 64em)\u0022 type=\u0022image\/jpeg\u0022 width=\u0022266\u0022 height=\u0022242\u0022\/\u003E\n                  \u003Csource srcset=\u0022\/sites\/default\/files\/styles\/teaser_standard__l\/public\/aurora\/2026\/02\/508937.jpeg?itok=bUvjZIFP 1x\u0022 media=\u0022(min-width: 64.0625em)\u0022 type=\u0022image\/jpeg\u0022 width=\u0022167\u0022 height=\u0022152\u0022\/\u003E\n                          \u003Cimg alt=\u0022Frank Sch\u00fcltingkemper (links) und\u00a0 Thomas Gerloff (rechts).\u0022 loading=\u0022eager\u0022 data-caption-hide width=\u0022437\u0022 height=\u0022398\u0022 data-zoomed=\u0022https:\/\/www.kl-magazin.de\/sites\/default\/files\/styles\/content__zoomed\/public\/aurora\/2026\/02\/508937.jpeg?itok=uSBCzw1t\u0022 src=\u0022\/sites\/default\/files\/styles\/teaser_standard__s\/public\/aurora\/2026\/02\/508937.jpeg?itok=WYYHjxkB\u0022 title=\u0022\u00a9 Foto: K\u0026amp;L-Magazin\u0022 \/\u003E\n\n    \u003C\/picture\u003E\n      \u003Cfigcaption class=\u0022image--figcaption\u0022\u003E\n          \u003Cdiv class=\u0022copyright\u0022\u003EFoto: K\u0026L-Magazin\u003C\/div\u003E\n          \u003C\/figcaption\u003E\n\u003C\/figure\u003E\n\n\n    \u003C\/div\u003E\n    \u003Cdiv class=\u0022teaser-content\u0022\u003E\n                    \u003Cdiv class=\u0022teaser-content--kicker\u0022\u003E\n                    \/\/\/\u2002Interview\n        \u003C\/div\u003E\n                                              \n                        \n        \u003Ch4 class=\u0022teaser-content--headline\u0022\u003E\n                                Emissionsminderung\u00a0von \n                              \u003Cspan class=\u0022headline-last-word-arrow\u0022\u003EHolzfeuerst\u00e4tten              \u003Cspan\n                  class=\u0022permission-lock permission-lock-icon--\u0022\u003E\u003C\/span\u003E\n                                  \u003C\/span\u003E\n        \u003C\/h4\u003E\n            \u003Cdiv class=\u0022teaser-content--publishing-date\u0022\u003E\u003Ctime datetime=\u00222026-02-02T14:52:08Z\u0022\u003E02.02.2026\u003C\/time\u003E\n\u003C\/div\u003E\u003Cspan class=\u0022teaser-content--publishing-date-divider\u0022\u003E - \u003C\/span\u003E\u003Cdiv class=\u0022teaser-content--body\u0022\u003E\u003Cp\u003EPotenziale und gesetzliche Rahmenbedingungen \u2013\u0026nbsp;ein Interview mit Frank Sch\u00fcltingkemper und\u0026nbsp;Thomas Gerloff von Hark.\u003C\/p\u003E\n\u003C\/div\u003E\n                        \u003Cspan class=\u0022read-more-arrow-container\u0022\u003E\n            \u003Cspan class=\u0022read-more-angled-arrow\u0022\u003E \u003C\/span\u003E\n          \u003C\/span\u003E\n                  \u003C\/div\u003E\n    \u003C\/a\u003E\n\u003Ca href=\u0022\/branche\/messenachlese-kok-austria-2026-mit-positiver-bilanz\u0022  class=\u0022teaser teaser--standard\u0022 aria-label=\u0022KOK Austria 2026\u00a0mit positiver Bilanz\u0022\u003E\n      \u003Cdiv class=\u0022teaser-content--image\u0022\u003E\n        \u003Cfigure class=\u0022image--figure\u0022\u003E\n        \u003Cpicture\u003E\n                        \u003Csource srcset=\u0022\/sites\/default\/files\/styles\/teaser_standard__m\/public\/aurora\/2026\/02\/508989.jpeg.webp?itok=g7HBY5vb 1x\u0022 media=\u0022(min-width: 48.0625em) and (max-width: 64em)\u0022 type=\u0022image\/webp\u0022 width=\u0022323\u0022 height=\u0022231\u0022\/\u003E\n                  \u003Csource srcset=\u0022\/sites\/default\/files\/styles\/teaser_standard__l\/public\/aurora\/2026\/02\/508989.jpeg.webp?itok=WQa0IZr3 1x\u0022 media=\u0022(min-width: 64.0625em)\u0022 type=\u0022image\/webp\u0022 width=\u0022203\u0022 height=\u0022145\u0022\/\u003E\n                  \u003Csource srcset=\u0022\/sites\/default\/files\/styles\/teaser_standard__m\/public\/aurora\/2026\/02\/508989.jpeg?itok=JRTN9zOv 1x\u0022 media=\u0022(min-width: 48.0625em) and (max-width: 64em)\u0022 type=\u0022image\/jpeg\u0022 width=\u0022323\u0022 height=\u0022231\u0022\/\u003E\n                  \u003Csource srcset=\u0022\/sites\/default\/files\/styles\/teaser_standard__l\/public\/aurora\/2026\/02\/508989.jpeg?itok=2hQ3wxOp 1x\u0022 media=\u0022(min-width: 64.0625em)\u0022 type=\u0022image\/jpeg\u0022 width=\u0022203\u0022 height=\u0022145\u0022\/\u003E\n                          \u003Cimg alt=\u0022Das Team des \u00d6sterreichischen Kachelofenverbands (v.l.n.r.): Josip Zekic, Monika Schneider, \u00adDipl.-Ing. Dr. Thomas Schiffert und Anna Bredl.\u0022 loading=\u0022eager\u0022 data-caption-hide width=\u0022557\u0022 height=\u0022398\u0022 data-zoomed=\u0022https:\/\/www.kl-magazin.de\/sites\/default\/files\/styles\/content__zoomed\/public\/aurora\/2026\/02\/508989.jpeg?itok=WxEaOi_9\u0022 src=\u0022\/sites\/default\/files\/styles\/teaser_standard__s\/public\/aurora\/2026\/02\/508989.jpeg?itok=mAm393qC\u0022 title=\u0022\u00a9 Foto: Jens Fischer\u0022 \/\u003E\n\n    \u003C\/picture\u003E\n      \u003Cfigcaption class=\u0022image--figcaption\u0022\u003E\n          \u003Cdiv class=\u0022copyright\u0022\u003EFoto: Jens Fischer\u003C\/div\u003E\n          \u003C\/figcaption\u003E\n\u003C\/figure\u003E\n\n\n    \u003C\/div\u003E\n    \u003Cdiv class=\u0022teaser-content\u0022\u003E\n                    \u003Cdiv class=\u0022teaser-content--kicker\u0022\u003E\n                    \/\/\/\u2002Messenachlese\n        \u003C\/div\u003E\n                                              \n                        \n        \u003Ch4 class=\u0022teaser-content--headline\u0022\u003E\n                                KOK Austria 2026\u00a0mit positiver \n                              \u003Cspan class=\u0022headline-last-word-arrow\u0022\u003EBilanz              \u003Cspan\n                  class=\u0022permission-lock permission-lock-icon--\u0022\u003E\u003C\/span\u003E\n                                  \u003C\/span\u003E\n        \u003C\/h4\u003E\n            \u003Cdiv class=\u0022teaser-content--publishing-date\u0022\u003E\u003Ctime datetime=\u00222026-02-02T14:52:07Z\u0022\u003E02.02.2026\u003C\/time\u003E\n\u003C\/div\u003E\u003Cspan class=\u0022teaser-content--publishing-date-divider\u0022\u003E - \u003C\/span\u003E\u003Cdiv class=\u0022teaser-content--body\u0022\u003E\u003Cp\u003EF\u00fcr die Fachmesse KOK Austria 2026, die gemeinsam mit der KERAMIKO Mitte Januar in Wels stattgefunden hat, konnten die Veranstalter ein sehr positives Fazit ziehen. Erste Besucher-analysen zeigen ein Plus von\u003Cbr \/\u003E\netwas \u00fcber 10% im Verh\u00e4ltnis zur letzten Veranstaltung 2024. Auch die 64. Technische Tagung, welche als \u201eSilent Conference\u201c mitten in der Messehalle durchgef\u00fchrt wurde, war gut besucht.\u003C\/p\u003E\n\u003C\/div\u003E\n                        \u003Cspan class=\u0022read-more-arrow-container\u0022\u003E\n            \u003Cspan class=\u0022read-more-angled-arrow\u0022\u003E \u003C\/span\u003E\n          \u003C\/span\u003E\n                  \u003C\/div\u003E\n    \u003C\/a\u003E\n\u003Ca href=\u0022\/branche\/innovationen-fachlicher-austausch-und-event\u0022  class=\u0022teaser teaser--standard\u0022 aria-label=\u0022\ufeffInnovationen, fachlicher Austausch und Event \u0022\u003E\n      \u003Cdiv class=\u0022teaser-content--image\u0022\u003E\n        \u003Cfigure class=\u0022image--figure\u0022\u003E\n        \u003Cpicture\u003E\n                        \u003Csource srcset=\u0022\/sites\/default\/files\/styles\/teaser_standard__m\/public\/aurora\/2026\/02\/509004.jpeg.webp?itok=-VfeTPY4 1x\u0022 media=\u0022(min-width: 48.0625em) and (max-width: 64em)\u0022 type=\u0022image\/webp\u0022 width=\u0022314\u0022 height=\u0022242\u0022\/\u003E\n                  \u003Csource srcset=\u0022\/sites\/default\/files\/styles\/teaser_standard__l\/public\/aurora\/2026\/02\/509004.jpeg.webp?itok=IWYyVRY_ 1x\u0022 media=\u0022(min-width: 64.0625em)\u0022 type=\u0022image\/webp\u0022 width=\u0022197\u0022 height=\u0022152\u0022\/\u003E\n                  \u003Csource srcset=\u0022\/sites\/default\/files\/styles\/teaser_standard__m\/public\/aurora\/2026\/02\/509004.jpeg?itok=ASU5gtEN 1x\u0022 media=\u0022(min-width: 48.0625em) and (max-width: 64em)\u0022 type=\u0022image\/jpeg\u0022 width=\u0022314\u0022 height=\u0022242\u0022\/\u003E\n                  \u003Csource srcset=\u0022\/sites\/default\/files\/styles\/teaser_standard__l\/public\/aurora\/2026\/02\/509004.jpeg?itok=6VbNTGsV 1x\u0022 media=\u0022(min-width: 64.0625em)\u0022 type=\u0022image\/jpeg\u0022 width=\u0022197\u0022 height=\u0022152\u0022\/\u003E\n                          \u003Cimg alt=\u0022Die 5 Elemente und der Ofenbau: Holz, Feuer, Erde, Metall\u00a0und Wasser. Unser Handwerk nah an der Natur.\u0022 loading=\u0022eager\u0022 data-caption-hide width=\u0022517\u0022 height=\u0022398\u0022 data-zoomed=\u0022https:\/\/www.kl-magazin.de\/sites\/default\/files\/styles\/content__zoomed\/public\/aurora\/2026\/02\/509004.jpeg?itok=egvoXZ_Y\u0022 src=\u0022\/sites\/default\/files\/styles\/teaser_standard__s\/public\/aurora\/2026\/02\/509004.jpeg?itok=mPW9biOs\u0022 title=\u0022\u00a9 Foto: Hagos eG\u0022 \/\u003E\n\n    \u003C\/picture\u003E\n      \u003Cfigcaption class=\u0022image--figcaption\u0022\u003E\n          \u003Cdiv class=\u0022copyright\u0022\u003EFoto: Hagos eG\u003C\/div\u003E\n          \u003C\/figcaption\u003E\n\u003C\/figure\u003E\n\n\n    \u003C\/div\u003E\n    \u003Cdiv class=\u0022teaser-content\u0022\u003E\n                    \u003Cdiv class=\u0022teaser-content--kicker\u0022\u003E\n                    \n        \u003C\/div\u003E\n                                              \n                        \n        \u003Ch4 class=\u0022teaser-content--headline\u0022\u003E\n                                \ufeffInnovationen, fachlicher Austausch und \n                              \u003Cspan class=\u0022headline-last-word-arrow\u0022\u003EEvent              \u003Cspan\n                  class=\u0022permission-lock permission-lock-icon--\u0022\u003E\u003C\/span\u003E\n                                  \u003C\/span\u003E\n        \u003C\/h4\u003E\n            \u003Cdiv class=\u0022teaser-content--publishing-date\u0022\u003E\u003Ctime datetime=\u00222026-02-02T14:51:55Z\u0022\u003E02.02.2026\u003C\/time\u003E\n\u003C\/div\u003E\u003Cspan class=\u0022teaser-content--publishing-date-divider\u0022\u003E - \u003C\/span\u003E\u003Cdiv class=\u0022teaser-content--body\u0022\u003E\u003Cp\u003EVom 11.-13. M\u00e4rz 2026 \u00f6ffnet die Hagos B\u00f6rse auf dem Stuttgarter Messegel\u00e4nde wieder ihre T\u00fcren. Eine Messe, die verbindet: drei Tage voller Innovation und Inspiration \u2013 zum Netzwerken und f\u00fcr den Erfahrungsaustausch. Exklusiv f\u00fcr das Ofenbauer-Handwerk. Die Messe Stuttgart bietet eine hervorragende Anbindung an Flughafen, Bahn und Autobahn und macht die Anreise komfortabel und einfach. Sowohl Hagos als auch die Aussteller freuen sich schon jetzt auf die Handwerksprofis und deren zahlreiche Teilnahme.\u003C\/p\u003E\n\u003C\/div\u003E\n                        \u003Cspan class=\u0022read-more-arrow-container\u0022\u003E\n            \u003Cspan class=\u0022read-more-angled-arrow\u0022\u003E \u003C\/span\u003E\n          \u003C\/span\u003E\n                  \u003C\/div\u003E\n    \u003C\/a\u003E\n\u003Ca href=\u0022\/branche\/23-fachsymposium-waerme-wandel-wirklichkeit-muenchen-die-waerme-und-energiewende-im-fokus\u0022  class=\u0022teaser teaser--standard\u0022 aria-label=\u0022\ufeffDie W\u00e4rme- und Energiewende im Fokus\u0022\u003E\n      \u003Cdiv class=\u0022teaser-content--image\u0022\u003E\n        \u003Cfigure class=\u0022image--figure\u0022\u003E\n        \u003Cpicture\u003E\n                        \u003Csource srcset=\u0022\/sites\/default\/files\/styles\/teaser_standard__m\/public\/aurora\/2025\/12\/502419.jpeg.webp?itok=soMU71JM 1x\u0022 media=\u0022(min-width: 48.0625em) and (max-width: 64em)\u0022 type=\u0022image\/webp\u0022 width=\u0022323\u0022 height=\u0022166\u0022\/\u003E\n                  \u003Csource srcset=\u0022\/sites\/default\/files\/styles\/teaser_standard__l\/public\/aurora\/2025\/12\/502419.jpeg.webp?itok=b-Wl7Ubm 1x\u0022 media=\u0022(min-width: 64.0625em)\u0022 type=\u0022image\/webp\u0022 width=\u0022203\u0022 height=\u0022104\u0022\/\u003E\n                  \u003Csource srcset=\u0022\/sites\/default\/files\/styles\/teaser_standard__m\/public\/aurora\/2025\/12\/502419.jpeg?itok=fUhwkhSp 1x\u0022 media=\u0022(min-width: 48.0625em) and (max-width: 64em)\u0022 type=\u0022image\/jpeg\u0022 width=\u0022323\u0022 height=\u0022166\u0022\/\u003E\n                  \u003Csource srcset=\u0022\/sites\/default\/files\/styles\/teaser_standard__l\/public\/aurora\/2025\/12\/502419.jpeg?itok=Tc15nsoO 1x\u0022 media=\u0022(min-width: 64.0625em)\u0022 type=\u0022image\/jpeg\u0022 width=\u0022203\u0022 height=\u0022104\u0022\/\u003E\n                          \u003Cimg alt=\u0022Veranstaltungsort war der Sitz des bayerischen Kaminkehrerhandwerks mit Ausbildungszentrum in M\u00fcnchen.\u0022 loading=\u0022eager\u0022 data-caption-hide width=\u0022708\u0022 height=\u0022364\u0022 data-zoomed=\u0022https:\/\/www.kl-magazin.de\/sites\/default\/files\/styles\/content__zoomed\/public\/aurora\/2025\/12\/502419.jpeg?itok=1GEZypRK\u0022 src=\u0022\/sites\/default\/files\/styles\/teaser_standard__s\/public\/aurora\/2025\/12\/502419.jpeg?itok=UoXPqcx5\u0022 title=\u0022\u00a9 Foto: Martin Henze\u0022 \/\u003E\n\n    \u003C\/picture\u003E\n      \u003Cfigcaption class=\u0022image--figcaption\u0022\u003E\n          \u003Cdiv class=\u0022copyright\u0022\u003EFoto: Martin Henze\u003C\/div\u003E\n          \u003C\/figcaption\u003E\n\u003C\/figure\u003E\n\n\n    \u003C\/div\u003E\n    \u003Cdiv class=\u0022teaser-content\u0022\u003E\n                    \u003Cdiv class=\u0022teaser-content--kicker\u0022\u003E\n                    \/\/\/\u200223. Fachsymposium \u201eW\u00e4rme, Wandel, Wirklichkeit\u201c in M\u00fcnchen\n        \u003C\/div\u003E\n                                              \n                        \n        \u003Ch4 class=\u0022teaser-content--headline\u0022\u003E\n                                \ufeffDie W\u00e4rme- und Energiewende im \n                              \u003Cspan class=\u0022headline-last-word-arrow\u0022\u003EFokus              \u003Cspan\n                  class=\u0022permission-lock permission-lock-icon--\u0022\u003E\u003C\/span\u003E\n                                  \u003C\/span\u003E\n        \u003C\/h4\u003E\n            \u003Cdiv class=\u0022teaser-content--publishing-date\u0022\u003E\u003Ctime datetime=\u00222025-12-23T10:59:46Z\u0022\u003E23.12.2025\u003C\/time\u003E\n\u003C\/div\u003E\u003Cspan class=\u0022teaser-content--publishing-date-divider\u0022\u003E - \u003C\/span\u003E\u003Cdiv class=\u0022teaser-content--body\u0022\u003E\u003Cp\u003EDie W\u00e4rmewende ver\u00e4ndert die Geb\u00e4udetechnik tiefgreifend \u2013 und stellt auch die Feuerst\u00e4ttenbranche vor neue Aufgaben. Beim 23. Fachsymposium \u201eW\u00e4rme, Wandel, Wirklichkeit \u2013 \u00adZukunft bauen ohne R\u00fcckw\u00e4rtsgang\u201c, das am 22. September 2025 beim Landesinnungsverband des \u00adbayerischen Kamin\u00adkehrerhandwerks in M\u00fcnchen stattfand, standen daher insbesondere die \u00adEntwicklungen rund um \u00adFestbrennstoff-Feuerst\u00e4tten und Abgasf\u00fchrung im Mittelpunkt.\u003C\/p\u003E\n\u003C\/div\u003E\n                        \u003Cspan class=\u0022read-more-arrow-container\u0022\u003E\n            \u003Cspan class=\u0022read-more-angled-arrow\u0022\u003E \u003C\/span\u003E\n          \u003C\/span\u003E\n                  \u003C\/div\u003E\n    \u003C\/a\u003E\n\u003Ca href=\u0022\/branche\/entwaldungsverordnung-neuer-schwung-aus-bruessel-fuer-die-holz-und-ofenbranche\u0022  class=\u0022teaser teaser--standard\u0022 aria-label=\u0022Neuer Schwung aus Br\u00fcssel f\u00fcr die Holz- und Ofenbranche!\u0022\u003E\n      \u003Cdiv class=\u0022teaser-content--image\u0022\u003E\n        \u003Cfigure class=\u0022image--figure\u0022\u003E\n        \u003Cpicture\u003E\n                        \u003Csource srcset=\u0022\/sites\/default\/files\/styles\/teaser_standard__m\/public\/aurora\/2025\/11\/496307.png.webp?itok=Lp4GGYsf 1x\u0022 media=\u0022(min-width: 48.0625em) and (max-width: 64em)\u0022 type=\u0022image\/webp\u0022 width=\u0022323\u0022 height=\u0022209\u0022\/\u003E\n                  \u003Csource srcset=\u0022\/sites\/default\/files\/styles\/teaser_standard__l\/public\/aurora\/2025\/11\/496307.png.webp?itok=wLkn7-1b 1x\u0022 media=\u0022(min-width: 64.0625em)\u0022 type=\u0022image\/webp\u0022 width=\u0022203\u0022 height=\u0022131\u0022\/\u003E\n                  \u003Csource srcset=\u0022\/sites\/default\/files\/styles\/teaser_standard__m\/public\/aurora\/2025\/11\/496307.png?itok=qol3ewZ- 1x\u0022 media=\u0022(min-width: 48.0625em) and (max-width: 64em)\u0022 type=\u0022image\/png\u0022 width=\u0022323\u0022 height=\u0022209\u0022\/\u003E\n                  \u003Csource srcset=\u0022\/sites\/default\/files\/styles\/teaser_standard__l\/public\/aurora\/2025\/11\/496307.png?itok=GfVGO_P0 1x\u0022 media=\u0022(min-width: 64.0625em)\u0022 type=\u0022image\/png\u0022 width=\u0022203\u0022 height=\u0022131\u0022\/\u003E\n                          \u003Cimg alt=\u0022Yvonne Xeller, Sprecherin der Initiative #ofenzukunft, betont dies mit den Worten: \u201eWaldschutz ist wichtig, aber er muss mit einem realistischen Blick auf die energetische Holznutzung umgesetzt werden.\u201c\u0022 loading=\u0022eager\u0022 data-caption-hide width=\u0022615\u0022 height=\u0022398\u0022 data-zoomed=\u0022https:\/\/www.kl-magazin.de\/sites\/default\/files\/styles\/content__zoomed\/public\/aurora\/2025\/11\/496307.png?itok=pv-M0vqr\u0022 src=\u0022\/sites\/default\/files\/styles\/teaser_standard__s\/public\/aurora\/2025\/11\/496307.png?itok=X3FAXwNT\u0022 title=\u0022\u00a9 Initiative #ofenzukunft\u0022 \/\u003E\n\n    \u003C\/picture\u003E\n      \u003Cfigcaption class=\u0022image--figcaption\u0022\u003E\n          \u003Cdiv class=\u0022copyright\u0022\u003EInitiative #ofenzukunft\u003C\/div\u003E\n          \u003C\/figcaption\u003E\n\u003C\/figure\u003E\n\n\n    \u003C\/div\u003E\n    \u003Cdiv class=\u0022teaser-content\u0022\u003E\n                    \u003Cdiv class=\u0022teaser-content--kicker\u0022\u003E\n                    Entwaldungsverordnung\n        \u003C\/div\u003E\n                                              \n                        \n        \u003Ch4 class=\u0022teaser-content--headline\u0022\u003E\n                                Neuer Schwung aus Br\u00fcssel f\u00fcr die Holz- und \n                              \u003Cspan class=\u0022headline-last-word-arrow\u0022\u003EOfenbranche!                      \u003C\/span\u003E\n        \u003C\/h4\u003E\n            \u003Cdiv class=\u0022teaser-content--publishing-date\u0022\u003E\u003Ctime datetime=\u00222025-11-24T15:38:30Z\u0022\u003E24.11.2025\u003C\/time\u003E\n\u003C\/div\u003E\u003Cspan class=\u0022teaser-content--publishing-date-divider\u0022\u003E - \u003C\/span\u003E\u003Cdiv class=\u0022teaser-content--body\u0022\u003E\u003Cp\u003EDie politischen Signale aus Br\u00fcssel deuten auf deutliche Entspannung f\u00fcr die Holz- und Ofenbranche: Der Rat der Europ\u00e4ischen Union hat am 19. November 2025 sein Verhandlungsmandat zur \u00dcberarbeitung der Entwaldungsverordnung (EUDR) beschlossen und damit deutlich gemacht, dass er die Praxistauglichkeit der Regeln noch einmal grundlegend pr\u00fcfen will\u003C\/p\u003E\n\u003C\/div\u003E\n                        \u003Cspan class=\u0022read-more-arrow-container\u0022\u003E\n            \u003Cspan class=\u0022read-more-angled-arrow\u0022\u003E \u003C\/span\u003E\n          \u003C\/span\u003E\n                  \u003C\/div\u003E\n    \u003C\/a\u003E\n\u003Ca href=\u0022\/branche\/neuheiten-show-peter-jensen-saisonauftakt-im-lagerhaus\u0022  class=\u0022teaser teaser--standard\u0022 aria-label=\u0022\ufeffSaisonauftakt im Lagerhaus\u0022\u003E\n      \u003Cdiv class=\u0022teaser-content--image\u0022\u003E\n        \u003Cfigure class=\u0022image--figure\u0022\u003E\n        \u003Cpicture\u003E\n                        \u003Csource srcset=\u0022\/sites\/default\/files\/styles\/teaser_standard__m\/public\/aurora\/2025\/11\/493059.jpeg.webp?itok=He1tb1eL 1x\u0022 media=\u0022(min-width: 48.0625em) and (max-width: 64em)\u0022 type=\u0022image\/webp\u0022 width=\u0022323\u0022 height=\u0022143\u0022\/\u003E\n                  \u003Csource srcset=\u0022\/sites\/default\/files\/styles\/teaser_standard__l\/public\/aurora\/2025\/11\/493059.jpeg.webp?itok=wOFFnz8K 1x\u0022 media=\u0022(min-width: 64.0625em)\u0022 type=\u0022image\/webp\u0022 width=\u0022203\u0022 height=\u002290\u0022\/\u003E\n                  \u003Csource srcset=\u0022\/sites\/default\/files\/styles\/teaser_standard__m\/public\/aurora\/2025\/11\/493059.jpeg?itok=8ZwziH9E 1x\u0022 media=\u0022(min-width: 48.0625em) and (max-width: 64em)\u0022 type=\u0022image\/jpeg\u0022 width=\u0022323\u0022 height=\u0022143\u0022\/\u003E\n                  \u003Csource srcset=\u0022\/sites\/default\/files\/styles\/teaser_standard__l\/public\/aurora\/2025\/11\/493059.jpeg?itok=Z16wgCjw 1x\u0022 media=\u0022(min-width: 64.0625em)\u0022 type=\u0022image\/jpeg\u0022 width=\u0022203\u0022 height=\u002290\u0022\/\u003E\n                          \u003Cimg alt=\u0022Mit rund 30 Ausstellern war die Neuheitenshow in Peter Jensens Lagerhaus auch in diesem Jahr voll belegt. \u00dcber 90 Handwerksbetriebe nutzten\u00a0die Gelegenheit, sich bei den Herstellern zu informieren.\u0022 loading=\u0022eager\u0022 data-caption-hide width=\u0022708\u0022 height=\u0022314\u0022 data-zoomed=\u0022https:\/\/www.kl-magazin.de\/sites\/default\/files\/styles\/content__zoomed\/public\/aurora\/2025\/11\/493059.jpeg?itok=7uK9aimE\u0022 src=\u0022\/sites\/default\/files\/styles\/teaser_standard__s\/public\/aurora\/2025\/11\/493059.jpeg?itok=O3c-CBri\u0022 title=\u0022\u00a9 Foto: Martin Henze\u0022 \/\u003E\n\n    \u003C\/picture\u003E\n      \u003Cfigcaption class=\u0022image--figcaption\u0022\u003E\n          \u003Cdiv class=\u0022copyright\u0022\u003EFoto: Martin Henze\u003C\/div\u003E\n          \u003C\/figcaption\u003E\n\u003C\/figure\u003E\n\n\n    \u003C\/div\u003E\n    \u003Cdiv class=\u0022teaser-content\u0022\u003E\n                    \u003Cdiv class=\u0022teaser-content--kicker\u0022\u003E\n                    \ufeff\/\/\/\u2002Neuheiten-Show Peter Jensen\n        \u003C\/div\u003E\n                                              \n                        \n        \u003Ch4 class=\u0022teaser-content--headline\u0022\u003E\n                                \ufeffSaisonauftakt im \n                              \u003Cspan class=\u0022headline-last-word-arrow\u0022\u003ELagerhaus              \u003Cspan\n                  class=\u0022permission-lock permission-lock-icon--\u0022\u003E\u003C\/span\u003E\n                                  \u003C\/span\u003E\n        \u003C\/h4\u003E\n            \u003Cdiv class=\u0022teaser-content--publishing-date\u0022\u003E\u003Ctime datetime=\u00222025-11-17T10:12:16Z\u0022\u003E17.11.2025\u003C\/time\u003E\n\u003C\/div\u003E\u003Cspan class=\u0022teaser-content--publishing-date-divider\u0022\u003E - \u003C\/span\u003E\u003Cdiv class=\u0022teaser-content--body\u0022\u003E\u003Cp\u003EAm 4. September \u00f6ffnete der Ofenbau Gro\u00dfhandelspartner Peter Jensen wie alle zwei Jahre\u0026nbsp;die\u00ad \u00adT\u00fcren von Jensens Lagerhaus zur Ofenbau-Neuheitenschau \u2013 ein Termin, der sich f\u00fcr\u0026nbsp;den Norden als Pflichtprogramm etabliert hat. Rund 90 Ofenbau-Partnerbetriebe kamen,\u0026nbsp;um Techniktrends \u00adaufzunehmen und Kontakte zu pflegen.\u003C\/p\u003E\n\u003C\/div\u003E\n                        \u003Cspan class=\u0022read-more-arrow-container\u0022\u003E\n            \u003Cspan class=\u0022read-more-angled-arrow\u0022\u003E \u003C\/span\u003E\n          \u003C\/span\u003E\n                  \u003C\/div\u003E\n    \u003C\/a\u003E\n\u003Ca href=\u0022\/branche\/netzwerken-muenster-thementage-ofenbau-premierenveranstaltung\u0022  class=\u0022teaser teaser--standard\u0022 aria-label=\u0022\ufeffThemenTage OfenBau \u2013 Premierenveranstaltung\u0022\u003E\n      \u003Cdiv class=\u0022teaser-content--image\u0022\u003E\n        \u003Cfigure class=\u0022image--figure\u0022\u003E\n        \u003Cpicture\u003E\n                        \u003Csource srcset=\u0022\/sites\/default\/files\/styles\/teaser_standard__m\/public\/aurora\/2025\/11\/493078.jpeg.webp?itok=rFr0rtPC 1x\u0022 media=\u0022(min-width: 48.0625em) and (max-width: 64em)\u0022 type=\u0022image\/webp\u0022 width=\u0022323\u0022 height=\u0022165\u0022\/\u003E\n                  \u003Csource srcset=\u0022\/sites\/default\/files\/styles\/teaser_standard__l\/public\/aurora\/2025\/11\/493078.jpeg.webp?itok=8VHpyaY1 1x\u0022 media=\u0022(min-width: 64.0625em)\u0022 type=\u0022image\/webp\u0022 width=\u0022203\u0022 height=\u0022104\u0022\/\u003E\n                  \u003Csource srcset=\u0022\/sites\/default\/files\/styles\/teaser_standard__m\/public\/aurora\/2025\/11\/493078.jpeg?itok=wZxDkn7z 1x\u0022 media=\u0022(min-width: 48.0625em) and (max-width: 64em)\u0022 type=\u0022image\/jpeg\u0022 width=\u0022323\u0022 height=\u0022165\u0022\/\u003E\n                  \u003Csource srcset=\u0022\/sites\/default\/files\/styles\/teaser_standard__l\/public\/aurora\/2025\/11\/493078.jpeg?itok=HT9Dfl2O 1x\u0022 media=\u0022(min-width: 64.0625em)\u0022 type=\u0022image\/jpeg\u0022 width=\u0022203\u0022 height=\u0022104\u0022\/\u003E\n                          \u003Cimg alt=\u0022Tagungsort war das Handwerkskammer-Bildungszentrum in M\u00fcnster.\u0022 loading=\u0022eager\u0022 data-caption-hide width=\u0022708\u0022 height=\u0022361\u0022 data-zoomed=\u0022https:\/\/www.kl-magazin.de\/sites\/default\/files\/styles\/content__zoomed\/public\/aurora\/2025\/11\/493078.jpeg?itok=bqVQ3NoI\u0022 src=\u0022\/sites\/default\/files\/styles\/teaser_standard__s\/public\/aurora\/2025\/11\/493078.jpeg?itok=4BvMjq6r\u0022 title=\u0022\u00a9 Foto: Martin Henze\u0022 \/\u003E\n\n    \u003C\/picture\u003E\n      \u003Cfigcaption class=\u0022image--figcaption\u0022\u003E\n          \u003Cdiv class=\u0022copyright\u0022\u003EFoto: Martin Henze\u003C\/div\u003E\n          \u003C\/figcaption\u003E\n\u003C\/figure\u003E\n\n\n    \u003C\/div\u003E\n    \u003Cdiv class=\u0022teaser-content\u0022\u003E\n                    \u003Cdiv class=\u0022teaser-content--kicker\u0022\u003E\n                    \ufeff\/\/\/\u2002Netzwerken in M\u00fcnster\n        \u003C\/div\u003E\n                                              \n                        \n        \u003Ch4 class=\u0022teaser-content--headline\u0022\u003E\n                                \ufeffThemenTage OfenBau \u2013 \n                              \u003Cspan class=\u0022headline-last-word-arrow\u0022\u003EPremierenveranstaltung              \u003Cspan\n                  class=\u0022permission-lock permission-lock-icon--\u0022\u003E\u003C\/span\u003E\n                                  \u003C\/span\u003E\n        \u003C\/h4\u003E\n            \u003Cdiv class=\u0022teaser-content--publishing-date\u0022\u003E\u003Ctime datetime=\u00222025-11-17T10:12:16Z\u0022\u003E17.11.2025\u003C\/time\u003E\n\u003C\/div\u003E\u003Cspan class=\u0022teaser-content--publishing-date-divider\u0022\u003E - \u003C\/span\u003E\u003Cdiv class=\u0022teaser-content--body\u0022\u003E\u003Cp\u003EMit Spannung wurden die ersten ThemenTage OfenBau am 18. und 19. September\u0026nbsp;erwartet \u2013  die Ausrichter, der GVOB und die Innungen NRWs sowie der Fachverband, wollten\u0026nbsp;ganz bewusst keine Kopie bestehender Fortbildungsveranstaltungen liefern, sondern Themen \u00adgemeinsam vor Ort erarbeiten \u2013 mit Werkbankn\u00e4he und offenem Diskurs. Das Konzept ging auf.\u003C\/p\u003E\n\u003C\/div\u003E\n                        \u003Cspan class=\u0022read-more-arrow-container\u0022\u003E\n            \u003Cspan class=\u0022read-more-angled-arrow\u0022\u003E \u003C\/span\u003E\n          \u003C\/span\u003E\n                  \u003C\/div\u003E\n    \u003C\/a\u003E\n\u003Ca href=\u0022\/branche\/interview-kok-austria-keramiko-2026\u0022  class=\u0022teaser teaser--standard\u0022 aria-label=\u0022\ufeffKOK Austria \u0026amp; KERAMIKO 2026\u0022\u003E\n      \u003Cdiv class=\u0022teaser-content--image\u0022\u003E\n        \u003Cfigure class=\u0022image--figure\u0022\u003E\n        \u003Cpicture\u003E\n                        \u003Csource srcset=\u0022\/sites\/default\/files\/styles\/teaser_standard__m\/public\/aurora\/2025\/11\/493069.jpeg.webp?itok=3-LfEkwg 1x\u0022 media=\u0022(min-width: 48.0625em) and (max-width: 64em)\u0022 type=\u0022image\/webp\u0022 width=\u0022323\u0022 height=\u0022150\u0022\/\u003E\n                  \u003Csource srcset=\u0022\/sites\/default\/files\/styles\/teaser_standard__l\/public\/aurora\/2025\/11\/493069.jpeg.webp?itok=l_4ohO1W 1x\u0022 media=\u0022(min-width: 64.0625em)\u0022 type=\u0022image\/webp\u0022 width=\u0022203\u0022 height=\u002295\u0022\/\u003E\n                  \u003Csource srcset=\u0022\/sites\/default\/files\/styles\/teaser_standard__m\/public\/aurora\/2025\/11\/493069.jpeg?itok=oHROaWAA 1x\u0022 media=\u0022(min-width: 48.0625em) and (max-width: 64em)\u0022 type=\u0022image\/jpeg\u0022 width=\u0022323\u0022 height=\u0022150\u0022\/\u003E\n                  \u003Csource srcset=\u0022\/sites\/default\/files\/styles\/teaser_standard__l\/public\/aurora\/2025\/11\/493069.jpeg?itok=dHEAnktW 1x\u0022 media=\u0022(min-width: 64.0625em)\u0022 type=\u0022image\/jpeg\u0022 width=\u0022203\u0022 height=\u002295\u0022\/\u003E\n                          \u003Cimg alt=\u0022Aussteller und Besucher treffen sich gerne in Wels.\u0022 loading=\u0022eager\u0022 data-caption-hide width=\u0022708\u0022 height=\u0022330\u0022 data-zoomed=\u0022https:\/\/www.kl-magazin.de\/sites\/default\/files\/styles\/content__zoomed\/public\/aurora\/2025\/11\/493069.jpeg?itok=7LW6wfRX\u0022 src=\u0022\/sites\/default\/files\/styles\/teaser_standard__s\/public\/aurora\/2025\/11\/493069.jpeg?itok=ACEy7geG\u0022 title=\u0022\u00a9 Foto: Martin Henze\u0022 \/\u003E\n\n    \u003C\/picture\u003E\n      \u003Cfigcaption class=\u0022image--figcaption\u0022\u003E\n          \u003Cdiv class=\u0022copyright\u0022\u003EFoto: Martin Henze\u003C\/div\u003E\n          \u003C\/figcaption\u003E\n\u003C\/figure\u003E\n\n\n    \u003C\/div\u003E\n    \u003Cdiv class=\u0022teaser-content\u0022\u003E\n                    \u003Cdiv class=\u0022teaser-content--kicker\u0022\u003E\n                    \/\/\/\u2002Interview\n        \u003C\/div\u003E\n                                              \n                        \n        \u003Ch4 class=\u0022teaser-content--headline\u0022\u003E\n                                \ufeffKOK Austria \u0026amp; KERAMIKO \n                              \u003Cspan class=\u0022headline-last-word-arrow\u0022\u003E2026              \u003Cspan\n                  class=\u0022permission-lock permission-lock-icon--\u0022\u003E\u003C\/span\u003E\n                                  \u003C\/span\u003E\n        \u003C\/h4\u003E\n            \u003Cdiv class=\u0022teaser-content--publishing-date\u0022\u003E\u003Ctime datetime=\u00222025-11-17T10:12:06Z\u0022\u003E17.11.2025\u003C\/time\u003E\n\u003C\/div\u003E\u003Cspan class=\u0022teaser-content--publishing-date-divider\u0022\u003E - \u003C\/span\u003E\u003Cdiv class=\u0022teaser-content--body\u0022\u003E\u003Cp\u003EVom 14.-16. Januar 2026 findet die KOK Austria \u0026amp; KERAMIKO 2026 statt.\u0026nbsp;Was erwartet die \u00adBesucher an den drei Messetagen? Wir sprachen mit Dr. Thomas Schiffert,\u0026nbsp;Gesch\u00e4ftsf\u00fchrer des \u00d6sterreichischen Kachelofenverbandes.\u003C\/p\u003E\n\u003C\/div\u003E\n                        \u003Cspan class=\u0022read-more-arrow-container\u0022\u003E\n            \u003Cspan class=\u0022read-more-angled-arrow\u0022\u003E \u003C\/span\u003E\n          \u003C\/span\u003E\n                  \u003C\/div\u003E\n    \u003C\/a\u003E\n\u003Ca href=\u0022\/branche\/spartherm-wenn-feuer-teil-der-architektur-wird\u0022  class=\u0022teaser teaser--standard\u0022 aria-label=\u0022Wenn Feuer Teil der Architektur wird\u0022\u003E\n      \u003Cdiv class=\u0022teaser-content--image\u0022\u003E\n        \u003Cfigure class=\u0022image--figure\u0022\u003E\n        \u003Cpicture\u003E\n                        \u003Csource srcset=\u0022\/sites\/default\/files\/styles\/teaser_standard__m\/public\/aurora\/2025\/11\/492863.jpeg.webp?itok=gVgMtn0N 1x\u0022 media=\u0022(min-width: 48.0625em) and (max-width: 64em)\u0022 type=\u0022image\/webp\u0022 width=\u0022323\u0022 height=\u0022228\u0022\/\u003E\n                  \u003Csource srcset=\u0022\/sites\/default\/files\/styles\/teaser_standard__l\/public\/aurora\/2025\/11\/492863.jpeg.webp?itok=14y_skmM 1x\u0022 media=\u0022(min-width: 64.0625em)\u0022 type=\u0022image\/webp\u0022 width=\u0022203\u0022 height=\u0022144\u0022\/\u003E\n                  \u003Csource srcset=\u0022\/sites\/default\/files\/styles\/teaser_standard__m\/public\/aurora\/2025\/11\/492863.jpeg?itok=l9o-B4zb 1x\u0022 media=\u0022(min-width: 48.0625em) and (max-width: 64em)\u0022 type=\u0022image\/jpeg\u0022 width=\u0022323\u0022 height=\u0022228\u0022\/\u003E\n                  \u003Csource srcset=\u0022\/sites\/default\/files\/styles\/teaser_standard__l\/public\/aurora\/2025\/11\/492863.jpeg?itok=5DJEJUbh 1x\u0022 media=\u0022(min-width: 64.0625em)\u0022 type=\u0022image\/jpeg\u0022 width=\u0022203\u0022 height=\u0022144\u0022\/\u003E\n                          \u003Cimg alt=\u0022Spartherm pr\u00e4sentiert den Premium A-3RL-100h: Ein Meter Frontbreite, neue Blendenfarben und pr\u00e4zise Technik f\u00fcr anspruchsvolle Interieurs.\u0022 loading=\u0022eager\u0022 data-caption-hide width=\u0022563\u0022 height=\u0022398\u0022 data-zoomed=\u0022https:\/\/www.kl-magazin.de\/sites\/default\/files\/styles\/content__zoomed\/public\/aurora\/2025\/11\/492863.jpeg?itok=qb1QHqKQ\u0022 src=\u0022\/sites\/default\/files\/styles\/teaser_standard__s\/public\/aurora\/2025\/11\/492863.jpeg?itok=krtWDKZ6\u0022 title=\u0022\u00a9 Spartherm\u0022 \/\u003E\n\n    \u003C\/picture\u003E\n      \u003Cfigcaption class=\u0022image--figcaption\u0022\u003E\n          \u003Cdiv class=\u0022copyright\u0022\u003ESpartherm\u003C\/div\u003E\n          \u003C\/figcaption\u003E\n\u003C\/figure\u003E\n\n\n    \u003C\/div\u003E\n    \u003Cdiv class=\u0022teaser-content\u0022\u003E\n                    \u003Cdiv class=\u0022teaser-content--kicker\u0022\u003E\n                    Spartherm\n        \u003C\/div\u003E\n                                              \n                        \n        \u003Ch4 class=\u0022teaser-content--headline\u0022\u003E\n                                Wenn Feuer Teil der Architektur \n                              \u003Cspan class=\u0022headline-last-word-arrow\u0022\u003Ewird                      \u003C\/span\u003E\n        \u003C\/h4\u003E\n            \u003Cdiv class=\u0022teaser-content--publishing-date\u0022\u003E\u003Ctime datetime=\u00222025-11-10T09:46:38Z\u0022\u003E10.11.2025\u003C\/time\u003E\n\u003C\/div\u003E\u003Cspan class=\u0022teaser-content--publishing-date-divider\u0022\u003E - \u003C\/span\u003E\u003Cdiv class=\u0022teaser-content--body\u0022\u003E\u003Cp\u003EMit dem neuen Premium A-3RL-100h erg\u00e4nzt Spartherm seine exklusive Premium Edition um ein Modell, das in Form und Funktion Ma\u00dfst\u00e4be setzt. Der dreiseitige Kamineinsatz mit einer eindrucksvollen Frontbreite von einem Meter ist f\u00fcr repr\u00e4sentative Architektur konzipiert. Er richtet sich an Bauherren und Architekten, die Feuer als gestalterisches Element begreifen.\u003C\/p\u003E\n\u003C\/div\u003E\n                        \u003Cspan class=\u0022read-more-arrow-container\u0022\u003E\n            \u003Cspan class=\u0022read-more-angled-arrow\u0022\u003E \u003C\/span\u003E\n          \u003C\/span\u003E\n                  \u003C\/div\u003E\n    \u003C\/a\u003E\n\u003Ca href=\u0022\/branche\/westbo-bullerjan-gemeinsam-staerker\u0022  class=\u0022teaser teaser--standard\u0022 aria-label=\u0022Gemeinsam st\u00e4rker\u0022\u003E\n      \u003Cdiv class=\u0022teaser-content--image\u0022\u003E\n        \u003Cfigure class=\u0022image--figure\u0022\u003E\n        \u003Cpicture\u003E\n                        \u003Csource srcset=\u0022\/sites\/default\/files\/styles\/teaser_standard__m\/public\/aurora\/2025\/10\/485755.jpeg.webp?itok=gRpG-1Z- 1x\u0022 media=\u0022(min-width: 48.0625em) and (max-width: 64em)\u0022 type=\u0022image\/webp\u0022 width=\u0022322\u0022 height=\u0022242\u0022\/\u003E\n                  \u003Csource srcset=\u0022\/sites\/default\/files\/styles\/teaser_standard__l\/public\/aurora\/2025\/10\/485755.jpeg.webp?itok=qhk_CC68 1x\u0022 media=\u0022(min-width: 64.0625em)\u0022 type=\u0022image\/webp\u0022 width=\u0022202\u0022 height=\u0022152\u0022\/\u003E\n                  \u003Csource srcset=\u0022\/sites\/default\/files\/styles\/teaser_standard__m\/public\/aurora\/2025\/10\/485755.jpeg?itok=E6EcVj2B 1x\u0022 media=\u0022(min-width: 48.0625em) and (max-width: 64em)\u0022 type=\u0022image\/jpeg\u0022 width=\u0022322\u0022 height=\u0022242\u0022\/\u003E\n                  \u003Csource srcset=\u0022\/sites\/default\/files\/styles\/teaser_standard__l\/public\/aurora\/2025\/10\/485755.jpeg?itok=H7UV2xxZ 1x\u0022 media=\u0022(min-width: 64.0625em)\u0022 type=\u0022image\/jpeg\u0022 width=\u0022202\u0022 height=\u0022152\u0022\/\u003E\n                          \u003Cimg alt=\u0022Die neue zusammengef\u00fcgte Mannschaft.\u0022 loading=\u0022eager\u0022 data-caption-hide width=\u0022530\u0022 height=\u0022398\u0022 data-zoomed=\u0022https:\/\/www.kl-magazin.de\/sites\/default\/files\/styles\/content__zoomed\/public\/aurora\/2025\/10\/485755.jpeg?itok=pPW2chrT\u0022 src=\u0022\/sites\/default\/files\/styles\/teaser_standard__s\/public\/aurora\/2025\/10\/485755.jpeg?itok=vevmt9eC\u0022 title=\u0022\u00a9 Westbo und Bullerjan\u0022 \/\u003E\n\n    \u003C\/picture\u003E\n      \u003Cfigcaption class=\u0022image--figcaption\u0022\u003E\n          \u003Cdiv class=\u0022copyright\u0022\u003EWestbo und Bullerjan\u003C\/div\u003E\n          \u003C\/figcaption\u003E\n\u003C\/figure\u003E\n\n\n    \u003C\/div\u003E\n    \u003Cdiv class=\u0022teaser-content\u0022\u003E\n                    \u003Cdiv class=\u0022teaser-content--kicker\u0022\u003E\n                    Westbo \u0026amp; Bullerjan\n        \u003C\/div\u003E\n                                              \n                        \n        \u003Ch4 class=\u0022teaser-content--headline\u0022\u003E\n                                Gemeinsam \n                              \u003Cspan class=\u0022headline-last-word-arrow\u0022\u003Est\u00e4rker                      \u003C\/span\u003E\n        \u003C\/h4\u003E\n            \u003Cdiv class=\u0022teaser-content--publishing-date\u0022\u003E\u003Ctime datetime=\u00222025-10-14T10:34:13Z\u0022\u003E14.10.2025\u003C\/time\u003E\n\u003C\/div\u003E\u003Cspan class=\u0022teaser-content--publishing-date-divider\u0022\u003E - \u003C\/span\u003E\u003Cdiv class=\u0022teaser-content--body\u0022\u003E\u003Cp\u003EPassend zum Beginn der Ofen-Saison 2025\/26 \u00fcbernimmt die Bullerjan GmbH die exklusiven Vertriebsrechte der schwedische Traditionsmarke Westbo of Sweden f\u00fcr Deutschland, \u00d6sterreich und die Schweiz.\u003C\/p\u003E\n\u003C\/div\u003E\n                        \u003Cspan class=\u0022read-more-arrow-container\u0022\u003E\n            \u003Cspan class=\u0022read-more-angled-arrow\u0022\u003E \u003C\/span\u003E\n          \u003C\/span\u003E\n                  \u003C\/div\u003E\n    \u003C\/a\u003E\n","entity_type":"node","used_ids":["",257934,256913,256914,256518,255089,255088,255072,254589,253608,253587,253582,253581,252236,250644,250295,250293,250294,249932,248601],"show_more":"\u003Cdiv class=\u0022del-show-more\u0022\u003E\u003Ca href=\u0022\/ajax\/del\/e884d421-b602-43d9-88a5-e9fc5d08e978\/paragraph\/20\/19\/asc\/eyJub2RlIjp7ImlkIjoiMTYyODc3IiwidHlwZSI6InBhZ2UifX0%3D\u0022 title=\u0022Mehr Elemente anzeigen\u0022 class=\u0022del-show-more-link use-ajax\u0022 rel=\u0022nofollow\u0022 data-target-type=\u0022node\u0022 aria-controls=\u0022del--paragraph-592421--content\u0022 aria-label=\u0022Mehr Elemente anzeigen\u0022\u003EMehr anzeigen\u003C\/a\u003E\u003C\/div\u003E\n"}]