[{"command":"settings","settings":{"pluralDelimiter":"\u0003","suppressDeprecationErrors":true,"ajaxPageState":{"libraries":"eJxLzi9K1S_ITC4pLUpNy8zJ0UmpzEvMzUyOT80rySypjM_JLC7RL87IL4_PBaoEALH_EqY","theme":"ivory","theme_token":null},"ajaxTrustedUrl":[],"user":{"uid":0,"permissionsHash":"9c975576f1b96e43d31b3ff34c1ca6b53b6096ff14d83974ef00f2d68011e8fb"}},"merge":true},{"command":"add_css","data":[{"rel":"stylesheet","media":"all","href":"\/core\/themes\/stable9\/css\/core\/components\/progress.module.css?te7139"},{"rel":"stylesheet","media":"all","href":"\/core\/themes\/stable9\/css\/core\/components\/ajax-progress.module.css?te7139"},{"rel":"stylesheet","media":"all","href":"\/themes\/contrib\/gin\/dist\/css\/components\/ajax.css?te7139"}]},{"command":"add_js","selector":"body","data":[{"src":"\/core\/assets\/vendor\/jquery\/jquery.min.js?v=4.0.0"},{"src":"\/sites\/default\/files\/js\/js_SOY114GpGVFDIY_6DaBPrQzAWKo6L86xdv-NZ8hIQ-E.js?scope=footer\u0026delta=1\u0026language=de-kl\u0026theme=ivory\u0026include=eJxLqcxLzM1Mjk_NK8ksqYzPySwu0S_OyC-Pz80vSgUAtBcL_w"}]},{"command":"showMoreTeasers","id":"del--paragraph-592477","content":"\u003Ca href=\u0022\/verbaende\/22-norddeutscher-kachelofenbauertag-das-ofenhoch-im-norden\u0022  class=\u0022teaser teaser--standard\u0022 aria-label=\u0022\ufeffDas Ofenhoch im Norden\ufeff\u0022\u003E\n      \u003Cdiv class=\u0022teaser-content--image\u0022\u003E\n        \u003Cfigure class=\u0022image--figure\u0022\u003E\n        \u003Cpicture\u003E\n                        \u003Csource srcset=\u0022\/sites\/default\/files\/styles\/teaser_standard__m\/public\/aurora\/2026\/03\/525491.jpeg.webp?itok=U7PIAnUH 1x\u0022 media=\u0022(min-width: 48.0625em) and (max-width: 64em)\u0022 type=\u0022image\/webp\u0022 width=\u0022323\u0022 height=\u0022141\u0022\/\u003E\n                  \u003Csource srcset=\u0022\/sites\/default\/files\/styles\/teaser_standard__l\/public\/aurora\/2026\/03\/525491.jpeg.webp?itok=RlaEwHZH 1x\u0022 media=\u0022(min-width: 64.0625em)\u0022 type=\u0022image\/webp\u0022 width=\u0022203\u0022 height=\u002288\u0022\/\u003E\n                  \u003Csource srcset=\u0022\/sites\/default\/files\/styles\/teaser_standard__m\/public\/aurora\/2026\/03\/525491.jpeg?itok=PMPNSFsG 1x\u0022 media=\u0022(min-width: 48.0625em) and (max-width: 64em)\u0022 type=\u0022image\/jpeg\u0022 width=\u0022323\u0022 height=\u0022141\u0022\/\u003E\n                  \u003Csource srcset=\u0022\/sites\/default\/files\/styles\/teaser_standard__l\/public\/aurora\/2026\/03\/525491.jpeg?itok=IIoiS_te 1x\u0022 media=\u0022(min-width: 64.0625em)\u0022 type=\u0022image\/jpeg\u0022 width=\u0022203\u0022 height=\u002288\u0022\/\u003E\n                          \u003Cimg alt=\u0022Von links nach rechts: Marco Hanke (Landesinnungsmeister des Fachverbandes Sanit\u00e4r-, \u00adHeizungs- und Klimatechnik Mecklenburg-Vorpommern), Bj\u00f6rn Brinkmann (Moderator und stellv. Obermeister der Ofen- und Luftheizungsbauer-Innung Mecklenburgische Schweiz), Andreas Diekmann (Moderator und Obermeister der Ofen- und Luftheizungsbauer-Innung Mecklenburgische Schweiz), Steffen Bobsien (Technischer Landeswart der Schornsteinfeger-Innung Mecklenburg-Vorpommern), Hendrik Sch\u00fctze (Bundesfachgruppenleiter Ofen- und Luftheizungsbau) und Knut Lemke (Vorstandsmitglied der Schornsteinfeger-Innung Mecklenburg-Vorpommern).\u0022 loading=\u0022eager\u0022 data-caption-hide width=\u0022708\u0022 height=\u0022308\u0022 data-zoomed=\u0022https:\/\/www.kl-magazin.de\/sites\/default\/files\/styles\/content__zoomed\/public\/aurora\/2026\/03\/525491.jpeg?itok=eBAlvaRf\u0022 src=\u0022\/sites\/default\/files\/styles\/teaser_standard__s\/public\/aurora\/2026\/03\/525491.jpeg?itok=oeRWMgAl\u0022 title=\u0022\u00a9 Foto: Fachverband Sanit\u00e4r-, Heizungs- und Klimatechnik MV\u0022 \/\u003E\n\n    \u003C\/picture\u003E\n      \u003Cfigcaption class=\u0022image--figcaption\u0022\u003E\n          \u003Cdiv class=\u0022copyright\u0022\u003EFoto: Fachverband Sanit\u00e4r-, Heizungs- und Klimatechnik MV\u003C\/div\u003E\n          \u003C\/figcaption\u003E\n\u003C\/figure\u003E\n\n\n    \u003C\/div\u003E\n    \u003Cdiv class=\u0022teaser-content\u0022\u003E\n                    \u003Cdiv class=\u0022teaser-content--kicker\u0022\u003E\n                    \/\/\/\u200222. norDdeutscher Kachelofenbauertag\n        \u003C\/div\u003E\n                                              \n                        \n        \u003Ch4 class=\u0022teaser-content--headline\u0022\u003E\n                                \ufeffDas Ofenhoch im \n                              \u003Cspan class=\u0022headline-last-word-arrow\u0022\u003ENorden\ufeff              \u003Cspan\n                  class=\u0022permission-lock permission-lock-icon--\u0022\u003E\u003C\/span\u003E\n                                  \u003C\/span\u003E\n        \u003C\/h4\u003E\n            \u003Cdiv class=\u0022teaser-content--publishing-date\u0022\u003E\u003Ctime datetime=\u00222026-04-02T13:01:24Z\u0022\u003E02.04.2026\u003C\/time\u003E\n\u003C\/div\u003E\u003Cspan class=\u0022teaser-content--publishing-date-divider\u0022\u003E - \u003C\/span\u003E\u003Cdiv class=\u0022teaser-content--body\u0022\u003E\u003Cp\u003EMit \u00fcber 150 Besuchern und rund 50 ausstellenden Betrieben fand Ende Februar in Linstow zum 22. Mal der Norddeutsche Kachelofenbauertag statt und bot damit erneut einen wichtigen Rahmen f\u00fcr Fachvortr\u00e4ge und Austausch im Ofenbau. In diesem Jahr hatte das neue Veranstalter- und Moderatorenteam aus Obermeister Andreas Diekmann und seinem Stellvertreter Bj\u00f6rn Brinkmann ein tolles Deb\u00fct hingelegt \u2013 mit spannenden Vortr\u00e4gen zu Themen, die die Branche aktuell bewegen.\u003C\/p\u003E\n\u003C\/div\u003E\n                        \u003Cspan class=\u0022read-more-arrow-container\u0022\u003E\n            \u003Cspan class=\u0022read-more-angled-arrow\u0022\u003E \u003C\/span\u003E\n          \u003C\/span\u003E\n                  \u003C\/div\u003E\n    \u003C\/a\u003E\n\u003Ca href=\u0022\/verbaende\/die-branche-ringt-um-eine-praxistaugliche-umsetzung-der-din-en-16510-neue-norm-viele\u0022  class=\u0022teaser teaser--standard\u0022 aria-label=\u0022Neue Norm, viele offene Punkte\u0022\u003E\n      \u003Cdiv class=\u0022teaser-content--image\u0022\u003E\n        \u003Cfigure class=\u0022image--figure\u0022\u003E\n        \u003Cpicture\u003E\n                        \u003Csource srcset=\u0022\/sites\/default\/files\/styles\/teaser_standard__m\/public\/aurora\/2026\/04\/527076.jpeg.webp?itok=gTyaVnAZ 1x\u0022 media=\u0022(min-width: 48.0625em) and (max-width: 64em)\u0022 type=\u0022image\/webp\u0022 width=\u0022307\u0022 height=\u0022242\u0022\/\u003E\n                  \u003Csource srcset=\u0022\/sites\/default\/files\/styles\/teaser_standard__l\/public\/aurora\/2026\/04\/527076.jpeg.webp?itok=Hwx3PHyX 1x\u0022 media=\u0022(min-width: 64.0625em)\u0022 type=\u0022image\/webp\u0022 width=\u0022193\u0022 height=\u0022152\u0022\/\u003E\n                  \u003Csource srcset=\u0022\/sites\/default\/files\/styles\/teaser_standard__m\/public\/aurora\/2026\/04\/527076.jpeg?itok=47_TE7Tx 1x\u0022 media=\u0022(min-width: 48.0625em) and (max-width: 64em)\u0022 type=\u0022image\/jpeg\u0022 width=\u0022307\u0022 height=\u0022242\u0022\/\u003E\n                  \u003Csource srcset=\u0022\/sites\/default\/files\/styles\/teaser_standard__l\/public\/aurora\/2026\/04\/527076.jpeg?itok=2OwbX4Wq 1x\u0022 media=\u0022(min-width: 64.0625em)\u0022 type=\u0022image\/jpeg\u0022 width=\u0022193\u0022 height=\u0022152\u0022\/\u003E\n                          \u003Cimg alt=\u0022Dirk B\u00f6hringer\u0022 loading=\u0022eager\u0022 data-caption-hide width=\u0022506\u0022 height=\u0022398\u0022 data-zoomed=\u0022https:\/\/www.kl-magazin.de\/sites\/default\/files\/styles\/content__zoomed\/public\/aurora\/2026\/04\/527076.jpeg?itok=NBLg5iDb\u0022 src=\u0022\/sites\/default\/files\/styles\/teaser_standard__s\/public\/aurora\/2026\/04\/527076.jpeg?itok=GNZjM2u0\u0022 title=\u0022\u00a9 EFA\u0022 \/\u003E\n\n    \u003C\/picture\u003E\n      \u003Cfigcaption class=\u0022image--figcaption\u0022\u003E\n          \u003Cdiv class=\u0022copyright\u0022\u003EEFA\u003C\/div\u003E\n          \u003C\/figcaption\u003E\n\u003C\/figure\u003E\n\n\n    \u003C\/div\u003E\n    \u003Cdiv class=\u0022teaser-content\u0022\u003E\n                    \u003Cdiv class=\u0022teaser-content--kicker\u0022\u003E\n                    Die Branche ringt um eine praxistaugliche Umsetzung der DIN EN 16510\n        \u003C\/div\u003E\n                                              \n                        \n        \u003Ch4 class=\u0022teaser-content--headline\u0022\u003E\n                                Neue Norm, viele offene \n                              \u003Cspan class=\u0022headline-last-word-arrow\u0022\u003EPunkte                      \u003C\/span\u003E\n        \u003C\/h4\u003E\n            \u003Cdiv class=\u0022teaser-content--publishing-date\u0022\u003E\u003Ctime datetime=\u00222026-04-01T11:35:20Z\u0022\u003E01.04.2026\u003C\/time\u003E\n\u003C\/div\u003E\u003Cspan class=\u0022teaser-content--publishing-date-divider\u0022\u003E - \u003C\/span\u003E\u003Cdiv class=\u0022teaser-content--body\u0022\u003E  \u003Cp\u003EWie ist die DIN EN 16510 entstanden, was gilt seit dem Ende der Koexistenzphase \u2013 und wie lassen sich die neuen Vorgaben konkret in die Praxis \u00fcberf\u00fchren? Mit diesen Fragen startete am 16. M\u00e4rz 2026 ein Online-Workshop der Europ\u00e4ischen Feuerst\u00e4tten Arbeitsgemeinschaft (EFA). Insbesondere technisch...\u003C\/p\u003E\n\n\n\u003C\/div\u003E\n                        \u003Cspan class=\u0022read-more-arrow-container\u0022\u003E\n            \u003Cspan class=\u0022read-more-angled-arrow\u0022\u003E \u003C\/span\u003E\n          \u003C\/span\u003E\n                  \u003C\/div\u003E\n    \u003C\/a\u003E\n\u003Ca href=\u0022\/verbaende\/interview-wirtschaftliches-politisches-engagement-verstaerken\u0022  class=\u0022teaser teaser--standard\u0022 aria-label=\u0022Wirtschaftliches \u0026amp;\u00a0politisches Engagement verst\u00e4rken\u0022\u003E\n      \u003Cdiv class=\u0022teaser-content--image\u0022\u003E\n        \u003Cfigure class=\u0022image--figure\u0022\u003E\n        \u003Cpicture\u003E\n                        \u003Csource srcset=\u0022\/sites\/default\/files\/styles\/teaser_standard__m\/public\/aurora\/2026\/03\/516239.jpeg.webp?itok=O0kuReNq 1x\u0022 media=\u0022(min-width: 48.0625em) and (max-width: 64em)\u0022 type=\u0022image\/webp\u0022 width=\u0022242\u0022 height=\u0022242\u0022\/\u003E\n                  \u003Csource srcset=\u0022\/sites\/default\/files\/styles\/teaser_standard__l\/public\/aurora\/2026\/03\/516239.jpeg.webp?itok=8RgCz0V6 1x\u0022 media=\u0022(min-width: 64.0625em)\u0022 type=\u0022image\/webp\u0022 width=\u0022152\u0022 height=\u0022152\u0022\/\u003E\n                  \u003Csource srcset=\u0022\/sites\/default\/files\/styles\/teaser_standard__m\/public\/aurora\/2026\/03\/516239.jpeg?itok=9BijtZ-V 1x\u0022 media=\u0022(min-width: 48.0625em) and (max-width: 64em)\u0022 type=\u0022image\/jpeg\u0022 width=\u0022242\u0022 height=\u0022242\u0022\/\u003E\n                  \u003Csource srcset=\u0022\/sites\/default\/files\/styles\/teaser_standard__l\/public\/aurora\/2026\/03\/516239.jpeg?itok=TIz5huEL 1x\u0022 media=\u0022(min-width: 64.0625em)\u0022 type=\u0022image\/jpeg\u0022 width=\u0022152\u0022 height=\u0022152\u0022\/\u003E\n                          \u003Cimg loading=\u0022eager\u0022 data-caption-hide width=\u0022398\u0022 height=\u0022398\u0022 data-zoomed=\u0022https:\/\/www.kl-magazin.de\/sites\/default\/files\/styles\/content__zoomed\/public\/aurora\/2026\/03\/516239.jpeg?itok=w7e8XZOi\u0022 src=\u0022\/sites\/default\/files\/styles\/teaser_standard__s\/public\/aurora\/2026\/03\/516239.jpeg?itok=XXLf3p1k\u0022 title=\u0022L\u00e4chelnder Mann in blauer Anzugsjacke mit verschr\u00e4nkten Armen, stehend vor einem schlichten wei\u00dfen Hintergrund. - \u00a9 Foto: HKI\u0022 \/\u003E\n\n    \u003C\/picture\u003E\n      \u003Cfigcaption class=\u0022image--figcaption\u0022\u003E\n          \u003Cdiv class=\u0022copyright\u0022\u003EFoto: HKI\u003C\/div\u003E\n          \u003C\/figcaption\u003E\n\u003C\/figure\u003E\n\n\n    \u003C\/div\u003E\n    \u003Cdiv class=\u0022teaser-content\u0022\u003E\n                    \u003Cdiv class=\u0022teaser-content--kicker\u0022\u003E\n                    \/\/\/\u2002Interview\n        \u003C\/div\u003E\n                                              \n                        \n        \u003Ch4 class=\u0022teaser-content--headline\u0022\u003E\n                                Wirtschaftliches \u0026amp;\u00a0politisches Engagement \n                              \u003Cspan class=\u0022headline-last-word-arrow\u0022\u003Everst\u00e4rken              \u003Cspan\n                  class=\u0022permission-lock permission-lock-icon--\u0022\u003E\u003C\/span\u003E\n                                  \u003C\/span\u003E\n        \u003C\/h4\u003E\n            \u003Cdiv class=\u0022teaser-content--publishing-date\u0022\u003E\u003Ctime datetime=\u00222026-03-02T13:15:23Z\u0022\u003E02.03.2026\u003C\/time\u003E\n\u003C\/div\u003E\u003Cspan class=\u0022teaser-content--publishing-date-divider\u0022\u003E - \u003C\/span\u003E\u003Cdiv class=\u0022teaser-content--body\u0022\u003E\u003Cp\u003EF\u00fcnf Fragen an den neuen HKI-Pr\u00e4sidenten Oliver Frosch\u003C\/p\u003E\n\u003C\/div\u003E\n                        \u003Cspan class=\u0022read-more-arrow-container\u0022\u003E\n            \u003Cspan class=\u0022read-more-angled-arrow\u0022\u003E \u003C\/span\u003E\n          \u003C\/span\u003E\n                  \u003C\/div\u003E\n    \u003C\/a\u003E\n\u003Ca href=\u0022\/verbaende\/gebaeudemodernisierungsgesetz-aktueller-stand\u0022  class=\u0022teaser teaser--standard\u0022 aria-label=\u0022Geb\u00e4udemodernisierungsgesetz \u2013 aktueller Stand\u0022\u003E\n      \u003Cdiv class=\u0022teaser-content--image\u0022\u003E\n        \u003Cfigure class=\u0022image--figure\u0022\u003E\n        \u003Cpicture\u003E\n                        \u003Csource srcset=\u0022\/sites\/default\/files\/styles\/teaser_standard__m\/public\/aurora\/2026\/03\/518398.png.webp?itok=ZKVLLYk9 1x\u0022 media=\u0022(min-width: 48.0625em) and (max-width: 64em)\u0022 type=\u0022image\/webp\u0022 width=\u0022323\u0022 height=\u0022215\u0022\/\u003E\n                  \u003Csource srcset=\u0022\/sites\/default\/files\/styles\/teaser_standard__l\/public\/aurora\/2026\/03\/518398.png.webp?itok=vrIaZ21d 1x\u0022 media=\u0022(min-width: 64.0625em)\u0022 type=\u0022image\/webp\u0022 width=\u0022203\u0022 height=\u0022135\u0022\/\u003E\n                  \u003Csource srcset=\u0022\/sites\/default\/files\/styles\/teaser_standard__m\/public\/aurora\/2026\/03\/518398.png?itok=TEZkN2Ze 1x\u0022 media=\u0022(min-width: 48.0625em) and (max-width: 64em)\u0022 type=\u0022image\/png\u0022 width=\u0022323\u0022 height=\u0022215\u0022\/\u003E\n                  \u003Csource srcset=\u0022\/sites\/default\/files\/styles\/teaser_standard__l\/public\/aurora\/2026\/03\/518398.png?itok=YC3NTbsQ 1x\u0022 media=\u0022(min-width: 64.0625em)\u0022 type=\u0022image\/png\u0022 width=\u0022203\u0022 height=\u0022135\u0022\/\u003E\n                          \u003Cimg loading=\u0022eager\u0022 data-caption-hide width=\u0022597\u0022 height=\u0022398\u0022 data-zoomed=\u0022https:\/\/www.kl-magazin.de\/sites\/default\/files\/styles\/content__zoomed\/public\/aurora\/2026\/03\/518398.png?itok=hA8zt_x-\u0022 src=\u0022\/sites\/default\/files\/styles\/teaser_standard__s\/public\/aurora\/2026\/03\/518398.png?itok=C50UmI3V\u0022 title=\u0022Gelbes Stra\u00dfenschild mit durchgestrichenem \u0026quot;GEG\u0026quot; und \u0026quot;GMG\u0026quot; darunter, vor einem Wohngebiet mit B\u00e4umen. - \u00a9 KI-generiert\u0022 \/\u003E\n\n    \u003C\/picture\u003E\n      \u003Cfigcaption class=\u0022image--figcaption\u0022\u003E\n          \u003Cdiv class=\u0022copyright\u0022\u003EKI-generiert\u003C\/div\u003E\n          \u003C\/figcaption\u003E\n\u003C\/figure\u003E\n\n\n    \u003C\/div\u003E\n    \u003Cdiv class=\u0022teaser-content\u0022\u003E\n                    \u003Cdiv class=\u0022teaser-content--kicker\u0022\u003E\n                    \n        \u003C\/div\u003E\n                                              \n                        \n        \u003Ch4 class=\u0022teaser-content--headline\u0022\u003E\n                                Geb\u00e4udemodernisierungsgesetz \u2013 aktueller \n                              \u003Cspan class=\u0022headline-last-word-arrow\u0022\u003EStand                      \u003C\/span\u003E\n        \u003C\/h4\u003E\n            \u003Cdiv class=\u0022teaser-content--publishing-date\u0022\u003E\u003Ctime datetime=\u00222026-03-02T12:09:59Z\u0022\u003E02.03.2026\u003C\/time\u003E\n\u003C\/div\u003E\u003Cspan class=\u0022teaser-content--publishing-date-divider\u0022\u003E - \u003C\/span\u003E\u003Cdiv class=\u0022teaser-content--body\u0022\u003E  \u003Cp\u003EDie Bundesregierung plant, das bisherige Geb\u00e4udeenergiegesetz grundlegend umzubauen und durch ein neues Geb\u00e4udemodernisierungsgesetz zu ersetzen. Auf Basis der aktuell ver\u00f6ffentlichten Eckpunkte ergibt sich laut der Europ\u00e4ischen Feuerst\u00e4tten Arbeitsgemeinschaft e.V. folgendes Bild f\u00fcr die Branche...\u003C\/p\u003E\n\n\n\u003C\/div\u003E\n                        \u003Cspan class=\u0022read-more-arrow-container\u0022\u003E\n            \u003Cspan class=\u0022read-more-angled-arrow\u0022\u003E \u003C\/span\u003E\n          \u003C\/span\u003E\n                  \u003C\/div\u003E\n    \u003C\/a\u003E\n\u003Ca href=\u0022\/verbaende\/cea-ordnet-leipziger-feinstaub-debatte-ein-und-setzt-zentrale-akzente-zur-ecodesign\u0022  class=\u0022teaser teaser--standard\u0022 aria-label=\u0022CEA ordnet Leipziger Feinstaub-Debatte ein und setzt zentrale Akzente zur Ecodesign-Revision\u0022\u003E\n      \u003Cdiv class=\u0022teaser-content--image\u0022\u003E\n        \u003Cfigure class=\u0022image--figure\u0022\u003E\n        \u003Cpicture\u003E\n                        \u003Csource srcset=\u0022\/sites\/default\/files\/styles\/teaser_standard__m\/public\/aurora\/2026\/02\/515273.jpeg.webp?itok=IrEDxg56 1x\u0022 media=\u0022(min-width: 48.0625em) and (max-width: 64em)\u0022 type=\u0022image\/webp\u0022 width=\u0022294\u0022 height=\u0022242\u0022\/\u003E\n                  \u003Csource srcset=\u0022\/sites\/default\/files\/styles\/teaser_standard__l\/public\/aurora\/2026\/02\/515273.jpeg.webp?itok=LHgU0Uex 1x\u0022 media=\u0022(min-width: 64.0625em)\u0022 type=\u0022image\/webp\u0022 width=\u0022185\u0022 height=\u0022152\u0022\/\u003E\n                  \u003Csource srcset=\u0022\/sites\/default\/files\/styles\/teaser_standard__m\/public\/aurora\/2026\/02\/515273.jpeg?itok=5q7mWfCo 1x\u0022 media=\u0022(min-width: 48.0625em) and (max-width: 64em)\u0022 type=\u0022image\/jpeg\u0022 width=\u0022294\u0022 height=\u0022242\u0022\/\u003E\n                  \u003Csource srcset=\u0022\/sites\/default\/files\/styles\/teaser_standard__l\/public\/aurora\/2026\/02\/515273.jpeg?itok=VX-MZG5C 1x\u0022 media=\u0022(min-width: 64.0625em)\u0022 type=\u0022image\/jpeg\u0022 width=\u0022185\u0022 height=\u0022152\u0022\/\u003E\n                          \u003Cimg alt=\u0022Daniel Jud stellte\u00a0die industrieseitige Perspektive auf Staubabscheider vor.\u0022 loading=\u0022eager\u0022 data-caption-hide width=\u0022484\u0022 height=\u0022398\u0022 data-zoomed=\u0022https:\/\/www.kl-magazin.de\/sites\/default\/files\/styles\/content__zoomed\/public\/aurora\/2026\/02\/515273.jpeg?itok=Dx8Ai3e9\u0022 src=\u0022\/sites\/default\/files\/styles\/teaser_standard__s\/public\/aurora\/2026\/02\/515273.jpeg?itok=jYeRELp-\u0022 title=\u0022\u00a9 CEA \u2013 Clean Exhaust Association\u0022 \/\u003E\n\n    \u003C\/picture\u003E\n      \u003Cfigcaption class=\u0022image--figcaption\u0022\u003E\n          \u003Cdiv class=\u0022copyright\u0022\u003ECEA \u2013 Clean Exhaust Association\u003C\/div\u003E\n          \u003C\/figcaption\u003E\n\u003C\/figure\u003E\n\n\n    \u003C\/div\u003E\n    \u003Cdiv class=\u0022teaser-content\u0022\u003E\n                    \u003Cdiv class=\u0022teaser-content--kicker\u0022\u003E\n                    \n        \u003C\/div\u003E\n                                              \n                        \n        \u003Ch4 class=\u0022teaser-content--headline\u0022\u003E\n                                CEA ordnet Leipziger Feinstaub-Debatte ein und setzt zentrale Akzente zur \n                              \u003Cspan class=\u0022headline-last-word-arrow\u0022\u003EEcodesign-Revision                      \u003C\/span\u003E\n        \u003C\/h4\u003E\n            \u003Cdiv class=\u0022teaser-content--publishing-date\u0022\u003E\u003Ctime datetime=\u00222026-02-18T06:59:36Z\u0022\u003E18.02.2026\u003C\/time\u003E\n\u003C\/div\u003E\u003Cspan class=\u0022teaser-content--publishing-date-divider\u0022\u003E - \u003C\/span\u003E\u003Cdiv class=\u0022teaser-content--body\u0022\u003E  \u003Cp\u003ELeipzig wurde Anfang Februar 2026 f\u00fcr zwei Tage zum Verdichtungsraum einer hochkonzentrierten Fachdiskussion \u00fcber Feinstaub, Messmethoden, Sekund\u00e4rma\u00dfnahmen und die k\u00fcnftigen Leitplanken der europ\u00e4ischen Regulierung f\u00fcr Einzelraumfeuerst\u00e4tten. Mitten in diesem Diskurs war die Clean Exhaust...\u003C\/p\u003E\n\n\n\u003C\/div\u003E\n                        \u003Cspan class=\u0022read-more-arrow-container\u0022\u003E\n            \u003Cspan class=\u0022read-more-angled-arrow\u0022\u003E \u003C\/span\u003E\n          \u003C\/span\u003E\n                  \u003C\/div\u003E\n    \u003C\/a\u003E\n\u003Ca href=\u0022\/verbaende\/30-jahre-efa-ev-branche-blickt-nach-vorn-und-schaerft-ihre-position\u0022  class=\u0022teaser teaser--standard\u0022 aria-label=\u0022Branche blickt nach vorn und sch\u00e4rft ihre Position\u0022\u003E\n      \u003Cdiv class=\u0022teaser-content--image\u0022\u003E\n        \u003Cfigure class=\u0022image--figure\u0022\u003E\n        \u003Cpicture\u003E\n                        \u003Csource srcset=\u0022\/sites\/default\/files\/styles\/teaser_standard__m\/public\/aurora\/2026\/02\/511289.jpeg.webp?itok=W6rvGo0g 1x\u0022 media=\u0022(min-width: 48.0625em) and (max-width: 64em)\u0022 type=\u0022image\/webp\u0022 width=\u0022323\u0022 height=\u0022146\u0022\/\u003E\n                  \u003Csource srcset=\u0022\/sites\/default\/files\/styles\/teaser_standard__l\/public\/aurora\/2026\/02\/511289.jpeg.webp?itok=_uryge90 1x\u0022 media=\u0022(min-width: 64.0625em)\u0022 type=\u0022image\/webp\u0022 width=\u0022203\u0022 height=\u002292\u0022\/\u003E\n                  \u003Csource srcset=\u0022\/sites\/default\/files\/styles\/teaser_standard__m\/public\/aurora\/2026\/02\/511289.jpeg?itok=5x6qp6d2 1x\u0022 media=\u0022(min-width: 48.0625em) and (max-width: 64em)\u0022 type=\u0022image\/jpeg\u0022 width=\u0022323\u0022 height=\u0022146\u0022\/\u003E\n                  \u003Csource srcset=\u0022\/sites\/default\/files\/styles\/teaser_standard__l\/public\/aurora\/2026\/02\/511289.jpeg?itok=c3GsycKK 1x\u0022 media=\u0022(min-width: 64.0625em)\u0022 type=\u0022image\/jpeg\u0022 width=\u0022203\u0022 height=\u002292\u0022\/\u003E\n                          \u003Cimg alt=\u0022Die Teilnehmer der Klausurtagung der EFA werfen einen Blick auf das Ofenjahr 2026.\u0022 loading=\u0022eager\u0022 data-caption-hide width=\u0022708\u0022 height=\u0022320\u0022 data-zoomed=\u0022https:\/\/www.kl-magazin.de\/sites\/default\/files\/styles\/content__zoomed\/public\/aurora\/2026\/02\/511289.jpeg?itok=yQ3gR_um\u0022 src=\u0022\/sites\/default\/files\/styles\/teaser_standard__s\/public\/aurora\/2026\/02\/511289.jpeg?itok=XdljFHVY\u0022 title=\u0022\u00a9 EFA e.V.\u0022 \/\u003E\n\n    \u003C\/picture\u003E\n      \u003Cfigcaption class=\u0022image--figcaption\u0022\u003E\n          \u003Cdiv class=\u0022copyright\u0022\u003EEFA e.V.\u003C\/div\u003E\n          \u003C\/figcaption\u003E\n\u003C\/figure\u003E\n\n\n    \u003C\/div\u003E\n    \u003Cdiv class=\u0022teaser-content\u0022\u003E\n                    \u003Cdiv class=\u0022teaser-content--kicker\u0022\u003E\n                    30 Jahre EFA e.V.\n        \u003C\/div\u003E\n                                              \n                        \n        \u003Ch4 class=\u0022teaser-content--headline\u0022\u003E\n                                Branche blickt nach vorn und sch\u00e4rft ihre \n                              \u003Cspan class=\u0022headline-last-word-arrow\u0022\u003EPosition                      \u003C\/span\u003E\n        \u003C\/h4\u003E\n            \u003Cdiv class=\u0022teaser-content--publishing-date\u0022\u003E\u003Ctime datetime=\u00222026-02-03T09:30:28Z\u0022\u003E03.02.2026\u003C\/time\u003E\n\u003C\/div\u003E\u003Cspan class=\u0022teaser-content--publishing-date-divider\u0022\u003E - \u003C\/span\u003E\u003Cdiv class=\u0022teaser-content--body\u0022\u003E  \u003Cp\u003EDrei Jahrzehnte nach ihrer Gr\u00fcndung blickt die Europ\u00e4ische Feuerst\u00e4tten Arbeitsgemeinschaft e. V. (EFA) nach vorn. Im Rahmen einer zweit\u00e4gigen Klausurtagung im niederbayerischen Maibrunn nutzten Vertreter der Branche das Jubil\u00e4umsjahr f\u00fcr eine sachliche Standortbestimmung: Welche Rolle k\u00f6nnen...\u003C\/p\u003E\n\n\n\u003C\/div\u003E\n                        \u003Cspan class=\u0022read-more-arrow-container\u0022\u003E\n            \u003Cspan class=\u0022read-more-angled-arrow\u0022\u003E \u003C\/span\u003E\n          \u003C\/span\u003E\n                  \u003C\/div\u003E\n    \u003C\/a\u003E\n\u003Ca href=\u0022\/verbaende\/ofenweltnet-gvob-positioniert-den-ofenbau-digital-neu-und-bildet-die-ganze-vielfalt\u0022  class=\u0022teaser teaser--standard\u0022 aria-label=\u0022GVOB positioniert den Ofenbau digital neu und bildet die ganze Vielfalt moderner Ofenl\u00f6sungen ab\u0022\u003E\n      \u003Cdiv class=\u0022teaser-content--image\u0022\u003E\n        \u003Cfigure class=\u0022image--figure\u0022\u003E\n        \u003Cpicture\u003E\n                        \u003Csource srcset=\u0022\/sites\/default\/files\/styles\/teaser_standard__m\/public\/aurora\/2026\/02\/511292.jpeg.webp?itok=os0jecIJ 1x\u0022 media=\u0022(min-width: 48.0625em) and (max-width: 64em)\u0022 type=\u0022image\/webp\u0022 width=\u0022323\u0022 height=\u0022199\u0022\/\u003E\n                  \u003Csource srcset=\u0022\/sites\/default\/files\/styles\/teaser_standard__l\/public\/aurora\/2026\/02\/511292.jpeg.webp?itok=_rFDMOqj 1x\u0022 media=\u0022(min-width: 64.0625em)\u0022 type=\u0022image\/webp\u0022 width=\u0022203\u0022 height=\u0022125\u0022\/\u003E\n                  \u003Csource srcset=\u0022\/sites\/default\/files\/styles\/teaser_standard__m\/public\/aurora\/2026\/02\/511292.jpeg?itok=Mrog35UQ 1x\u0022 media=\u0022(min-width: 48.0625em) and (max-width: 64em)\u0022 type=\u0022image\/jpeg\u0022 width=\u0022323\u0022 height=\u0022199\u0022\/\u003E\n                  \u003Csource srcset=\u0022\/sites\/default\/files\/styles\/teaser_standard__l\/public\/aurora\/2026\/02\/511292.jpeg?itok=D7D70ZlM 1x\u0022 media=\u0022(min-width: 64.0625em)\u0022 type=\u0022image\/jpeg\u0022 width=\u0022203\u0022 height=\u0022125\u0022\/\u003E\n                          \u003Cimg alt=\u0022Neu aufgelegte Endkundenseite.\u0022 loading=\u0022eager\u0022 data-caption-hide width=\u0022645\u0022 height=\u0022398\u0022 data-zoomed=\u0022https:\/\/www.kl-magazin.de\/sites\/default\/files\/styles\/content__zoomed\/public\/aurora\/2026\/02\/511292.jpeg?itok=2FZ2zMoY\u0022 src=\u0022\/sites\/default\/files\/styles\/teaser_standard__s\/public\/aurora\/2026\/02\/511292.jpeg?itok=9wqcrFjY\u0022 title=\u0022\u00a9 GVOB e.V.\u0022 \/\u003E\n\n    \u003C\/picture\u003E\n      \u003Cfigcaption class=\u0022image--figcaption\u0022\u003E\n          \u003Cdiv class=\u0022copyright\u0022\u003EGVOB e.V.\u003C\/div\u003E\n          \u003C\/figcaption\u003E\n\u003C\/figure\u003E\n\n\n    \u003C\/div\u003E\n    \u003Cdiv class=\u0022teaser-content\u0022\u003E\n                    \u003Cdiv class=\u0022teaser-content--kicker\u0022\u003E\n                    ofenwelt.net\n        \u003C\/div\u003E\n                                              \n                        \n        \u003Ch4 class=\u0022teaser-content--headline\u0022\u003E\n                                GVOB positioniert den Ofenbau digital neu und bildet die ganze Vielfalt moderner Ofenl\u00f6sungen \n                              \u003Cspan class=\u0022headline-last-word-arrow\u0022\u003Eab                      \u003C\/span\u003E\n        \u003C\/h4\u003E\n            \u003Cdiv class=\u0022teaser-content--publishing-date\u0022\u003E\u003Ctime datetime=\u00222026-02-03T09:30:13Z\u0022\u003E03.02.2026\u003C\/time\u003E\n\u003C\/div\u003E\u003Cspan class=\u0022teaser-content--publishing-date-divider\u0022\u003E - \u003C\/span\u003E\u003Cdiv class=\u0022teaser-content--body\u0022\u003E  \u003Cp\u003EMit der neu aufgelegten Endkundenseite ofenwelt.net setzt der GesamtVerband OfenBau e.V. einen bewussten inhaltlichen und strategischen Schritt: Ziel ist es, Verbraucherinnen und Verbrauchern einen zeitgem\u00e4\u00dfen, klar strukturierten Zugang zum Thema moderner Ofenbau zu erm\u00f6glichen \u2013 und gleichzeitig...\u003C\/p\u003E\n\n\n\u003C\/div\u003E\n                        \u003Cspan class=\u0022read-more-arrow-container\u0022\u003E\n            \u003Cspan class=\u0022read-more-angled-arrow\u0022\u003E \u003C\/span\u003E\n          \u003C\/span\u003E\n                  \u003C\/div\u003E\n    \u003C\/a\u003E\n\u003Ca href=\u0022\/verbaende\/oesterreichischer-kachelofenverband-der-kachelofen-bleibt-ohne-alternative\u0022  class=\u0022teaser teaser--standard\u0022 aria-label=\u0022Der Kachelofen bleibt\u00a0ohne Alternative\u0022\u003E\n      \u003Cdiv class=\u0022teaser-content--image\u0022\u003E\n        \u003Cfigure class=\u0022image--figure\u0022\u003E\n        \u003Cpicture\u003E\n                        \u003Csource srcset=\u0022\/sites\/default\/files\/styles\/teaser_standard__m\/public\/aurora\/2025\/12\/502432.jpeg.webp?itok=JXlPGsal 1x\u0022 media=\u0022(min-width: 48.0625em) and (max-width: 64em)\u0022 type=\u0022image\/webp\u0022 width=\u0022285\u0022 height=\u0022242\u0022\/\u003E\n                  \u003Csource srcset=\u0022\/sites\/default\/files\/styles\/teaser_standard__l\/public\/aurora\/2025\/12\/502432.jpeg.webp?itok=4TchI7Co 1x\u0022 media=\u0022(min-width: 64.0625em)\u0022 type=\u0022image\/webp\u0022 width=\u0022179\u0022 height=\u0022152\u0022\/\u003E\n                  \u003Csource srcset=\u0022\/sites\/default\/files\/styles\/teaser_standard__m\/public\/aurora\/2025\/12\/502432.jpeg?itok=wBIuYpvp 1x\u0022 media=\u0022(min-width: 48.0625em) and (max-width: 64em)\u0022 type=\u0022image\/jpeg\u0022 width=\u0022285\u0022 height=\u0022242\u0022\/\u003E\n                  \u003Csource srcset=\u0022\/sites\/default\/files\/styles\/teaser_standard__l\/public\/aurora\/2025\/12\/502432.jpeg?itok=MZHnPevi 1x\u0022 media=\u0022(min-width: 64.0625em)\u0022 type=\u0022image\/jpeg\u0022 width=\u0022179\u0022 height=\u0022152\u0022\/\u003E\n                          \u003Cimg alt=\u0022Etwa 12 Prozent der rund 3,8 Millionen Haushalte heizen\u00a0mit einem Kachelofen. Der Verband sieht noch deutlich\u00a0Potenzial nach oben.\u0022 loading=\u0022eager\u0022 data-caption-hide width=\u0022468\u0022 height=\u0022398\u0022 data-zoomed=\u0022https:\/\/www.kl-magazin.de\/sites\/default\/files\/styles\/content__zoomed\/public\/aurora\/2025\/12\/502432.jpeg?itok=VRLqKS4Q\u0022 src=\u0022\/sites\/default\/files\/styles\/teaser_standard__s\/public\/aurora\/2025\/12\/502432.jpeg?itok=D4sb8tYf\u0022 title=\u0022\u00a9 Foto: Sommerhuber\/\u00d6sterreichische Kachelofenverband\u0022 \/\u003E\n\n    \u003C\/picture\u003E\n      \u003Cfigcaption class=\u0022image--figcaption\u0022\u003E\n          \u003Cdiv class=\u0022copyright\u0022\u003EFoto: Sommerhuber\/\u00d6sterreichische Kachelofenverband\u003C\/div\u003E\n          \u003C\/figcaption\u003E\n\u003C\/figure\u003E\n\n\n    \u003C\/div\u003E\n    \u003Cdiv class=\u0022teaser-content\u0022\u003E\n                    \u003Cdiv class=\u0022teaser-content--kicker\u0022\u003E\n                    \/\/\/\u2002\u00d6sterreichischer Kachelofenverband\n        \u003C\/div\u003E\n                                              \n                        \n        \u003Ch4 class=\u0022teaser-content--headline\u0022\u003E\n                                Der Kachelofen bleibt\u00a0ohne \n                              \u003Cspan class=\u0022headline-last-word-arrow\u0022\u003EAlternative              \u003Cspan\n                  class=\u0022permission-lock permission-lock-icon--\u0022\u003E\u003C\/span\u003E\n                                  \u003C\/span\u003E\n        \u003C\/h4\u003E\n            \u003Cdiv class=\u0022teaser-content--publishing-date\u0022\u003E\u003Ctime datetime=\u00222025-12-23T10:59:40Z\u0022\u003E23.12.2025\u003C\/time\u003E\n\u003C\/div\u003E\u003Cspan class=\u0022teaser-content--publishing-date-divider\u0022\u003E - \u003C\/span\u003E\u003Cdiv class=\u0022teaser-content--body\u0022\u003E\u003Cp\u003EAngesichts der anhaltend hohen Energiepreise und des Mottos \u201eRaus aus Abh\u00e4ngigkeiten\u201c setzen Haushalte in \u00d6sterreich auf bew\u00e4hrte Heizmethoden: so erleben Kachel\u00f6fen ein Comeback. Rund 12 Prozent der \u00f6sterreichischen Haushalte heizen derzeit mit einem Kachelofen \u2013 Tendenz steigend. Wer zudem am billigsten heizen m\u00f6chte, kommt am traditionellen Kachelofen ohnehin nicht vorbei!\u003C\/p\u003E\n\u003C\/div\u003E\n                        \u003Cspan class=\u0022read-more-arrow-container\u0022\u003E\n            \u003Cspan class=\u0022read-more-angled-arrow\u0022\u003E \u003C\/span\u003E\n          \u003C\/span\u003E\n                  \u003C\/div\u003E\n    \u003C\/a\u003E\n\u003Ca href=\u0022\/verbaende\/interview-versorgungssicherheit-braucht-mehr-als-nur-die-waermepumpe\u0022  class=\u0022teaser teaser--standard\u0022 aria-label=\u0022\ufeffVersorgungssicherheit braucht mehr als nur die W\u00e4rmepumpe\u0022\u003E\n      \u003Cdiv class=\u0022teaser-content--image\u0022\u003E\n        \u003Cfigure class=\u0022image--figure\u0022\u003E\n        \u003Cpicture\u003E\n                        \u003Csource srcset=\u0022\/sites\/default\/files\/styles\/teaser_standard__m\/public\/aurora\/2025\/12\/502439.jpeg.webp?itok=l4v2IqEL 1x\u0022 media=\u0022(min-width: 48.0625em) and (max-width: 64em)\u0022 type=\u0022image\/webp\u0022 width=\u0022191\u0022 height=\u0022242\u0022\/\u003E\n                  \u003Csource srcset=\u0022\/sites\/default\/files\/styles\/teaser_standard__l\/public\/aurora\/2025\/12\/502439.jpeg.webp?itok=99Coq0Gm 1x\u0022 media=\u0022(min-width: 64.0625em)\u0022 type=\u0022image\/webp\u0022 width=\u0022120\u0022 height=\u0022152\u0022\/\u003E\n                  \u003Csource srcset=\u0022\/sites\/default\/files\/styles\/teaser_standard__m\/public\/aurora\/2025\/12\/502439.jpeg?itok=s7aE0CRA 1x\u0022 media=\u0022(min-width: 48.0625em) and (max-width: 64em)\u0022 type=\u0022image\/jpeg\u0022 width=\u0022191\u0022 height=\u0022242\u0022\/\u003E\n                  \u003Csource srcset=\u0022\/sites\/default\/files\/styles\/teaser_standard__l\/public\/aurora\/2025\/12\/502439.jpeg?itok=964vwSRq 1x\u0022 media=\u0022(min-width: 64.0625em)\u0022 type=\u0022image\/jpeg\u0022 width=\u0022120\u0022 height=\u0022152\u0022\/\u003E\n                          \u003Cimg alt=\u0022Andreas Sch\u00f6nfeld, Mitglied des erweiterten Vorstands der Europ\u00e4ischen Feuerst\u00e4tten Arbeitsgemeinschaft EFA.\u0022 loading=\u0022eager\u0022 data-caption-hide width=\u0022315\u0022 height=\u0022398\u0022 data-zoomed=\u0022https:\/\/www.kl-magazin.de\/sites\/default\/files\/styles\/content__zoomed\/public\/aurora\/2025\/12\/502439.jpeg?itok=BozdWFSZ\u0022 src=\u0022\/sites\/default\/files\/styles\/teaser_standard__s\/public\/aurora\/2025\/12\/502439.jpeg?itok=8ikoNHi4\u0022 title=\u0022\u00a9 Foto: Andreas Sch\u00f6nfeld\u0022 \/\u003E\n\n    \u003C\/picture\u003E\n      \u003Cfigcaption class=\u0022image--figcaption\u0022\u003E\n          \u003Cdiv class=\u0022copyright\u0022\u003EFoto: Andreas Sch\u00f6nfeld\u003C\/div\u003E\n          \u003C\/figcaption\u003E\n\u003C\/figure\u003E\n\n\n    \u003C\/div\u003E\n    \u003Cdiv class=\u0022teaser-content\u0022\u003E\n                    \u003Cdiv class=\u0022teaser-content--kicker\u0022\u003E\n                    \/\/\/\u2002Interview\n        \u003C\/div\u003E\n                                              \n                        \n        \u003Ch4 class=\u0022teaser-content--headline\u0022\u003E\n                                \ufeffVersorgungssicherheit braucht mehr als nur die \n                              \u003Cspan class=\u0022headline-last-word-arrow\u0022\u003EW\u00e4rmepumpe              \u003Cspan\n                  class=\u0022permission-lock permission-lock-icon--\u0022\u003E\u003C\/span\u003E\n                                  \u003C\/span\u003E\n        \u003C\/h4\u003E\n            \u003Cdiv class=\u0022teaser-content--publishing-date\u0022\u003E\u003Ctime datetime=\u00222025-12-23T10:59:35Z\u0022\u003E23.12.2025\u003C\/time\u003E\n\u003C\/div\u003E\u003Cspan class=\u0022teaser-content--publishing-date-divider\u0022\u003E - \u003C\/span\u003E\u003Cdiv class=\u0022teaser-content--body\u0022\u003E\u003Cp\u003EWarum Kamin\u00f6fen und W\u00e4rmepumpen keine Konkurrenten sind, sondern gemeinsam\u0026nbsp;f\u00fcr Effizienz, \u00adVersorgungssicherheit und Wohnkomfort sorgen.\u003C\/p\u003E\n\u003C\/div\u003E\n                        \u003Cspan class=\u0022read-more-arrow-container\u0022\u003E\n            \u003Cspan class=\u0022read-more-angled-arrow\u0022\u003E \u003C\/span\u003E\n          \u003C\/span\u003E\n                  \u003C\/div\u003E\n    \u003C\/a\u003E\n\u003Ca href=\u0022\/verbaende\/statement-michael-hilpert-praesident-zvshk-sozialpartnerschaft-statt-spaltung-handwerk\u0022  class=\u0022teaser teaser--standard\u0022 aria-label=\u0022SOZIALPARTNERSCHAFT STATT SPALTUNG \u2013 HANDWERK BRAUCHT L\u00d6SUNGEN, KEINE LAGERK\u00c4MPFE\u0022\u003E\n      \u003Cdiv class=\u0022teaser-content--image\u0022\u003E\n        \u003Cfigure class=\u0022image--figure\u0022\u003E\n        \u003Cpicture\u003E\n                        \u003Csource srcset=\u0022\/sites\/default\/files\/styles\/teaser_standard__m\/public\/aurora\/2025\/12\/500484.png.webp?itok=ZMnXfFPv 1x\u0022 media=\u0022(min-width: 48.0625em) and (max-width: 64em)\u0022 type=\u0022image\/webp\u0022 width=\u0022160\u0022 height=\u0022242\u0022\/\u003E\n                  \u003Csource srcset=\u0022\/sites\/default\/files\/styles\/teaser_standard__l\/public\/aurora\/2025\/12\/500484.png.webp?itok=-S1z_SUe 1x\u0022 media=\u0022(min-width: 64.0625em)\u0022 type=\u0022image\/webp\u0022 width=\u0022100\u0022 height=\u0022152\u0022\/\u003E\n                  \u003Csource srcset=\u0022\/sites\/default\/files\/styles\/teaser_standard__m\/public\/aurora\/2025\/12\/500484.png?itok=LRDXwvWR 1x\u0022 media=\u0022(min-width: 48.0625em) and (max-width: 64em)\u0022 type=\u0022image\/png\u0022 width=\u0022160\u0022 height=\u0022242\u0022\/\u003E\n                  \u003Csource srcset=\u0022\/sites\/default\/files\/styles\/teaser_standard__l\/public\/aurora\/2025\/12\/500484.png?itok=OYsy5kDk 1x\u0022 media=\u0022(min-width: 64.0625em)\u0022 type=\u0022image\/png\u0022 width=\u0022100\u0022 height=\u0022152\u0022\/\u003E\n                          \u003Cimg alt=\u0022Michael Hilpert, Pr\u00e4sident des ZVSHK\u0022 loading=\u0022eager\u0022 data-caption-hide width=\u0022263\u0022 height=\u0022398\u0022 data-zoomed=\u0022https:\/\/www.kl-magazin.de\/sites\/default\/files\/styles\/content__zoomed\/public\/aurora\/2025\/12\/500484.png?itok=N30zv2_q\u0022 src=\u0022\/sites\/default\/files\/styles\/teaser_standard__s\/public\/aurora\/2025\/12\/500484.png?itok=Y6jwUXAq\u0022 title=\u0022\u00a9 uniqueandwild\u0022 \/\u003E\n\n    \u003C\/picture\u003E\n      \u003Cfigcaption class=\u0022image--figcaption\u0022\u003E\n          \u003Cdiv class=\u0022copyright\u0022\u003Euniqueandwild\u003C\/div\u003E\n          \u003C\/figcaption\u003E\n\u003C\/figure\u003E\n\n\n    \u003C\/div\u003E\n    \u003Cdiv class=\u0022teaser-content\u0022\u003E\n                    \u003Cdiv class=\u0022teaser-content--kicker\u0022\u003E\n                    Statement Michael Hilpert, Pr\u00e4sident ZVSHK\n        \u003C\/div\u003E\n                                              \n                        \n        \u003Ch4 class=\u0022teaser-content--headline\u0022\u003E\n                                SOZIALPARTNERSCHAFT STATT SPALTUNG \u2013 HANDWERK BRAUCHT L\u00d6SUNGEN, KEINE \n                              \u003Cspan class=\u0022headline-last-word-arrow\u0022\u003ELAGERK\u00c4MPFE                      \u003C\/span\u003E\n        \u003C\/h4\u003E\n            \u003Cdiv class=\u0022teaser-content--publishing-date\u0022\u003E\u003Ctime datetime=\u00222025-12-09T11:03:11Z\u0022\u003E09.12.2025\u003C\/time\u003E\n\u003C\/div\u003E\u003Cspan class=\u0022teaser-content--publishing-date-divider\u0022\u003E - \u003C\/span\u003E\u003Cdiv class=\u0022teaser-content--body\u0022\u003E\u003Cp\u003EDie j\u00fcngsten \u00c4u\u00dferungen von Bundesarbeitsministerin B\u00e4rbel Bas auf dem Deutschen Arbeitgebertag und dem Juso-Bundeskongress irritieren uns. Das SHK-Handwerk tr\u00e4gt in diesem Land Verantwortung \u2013 f\u00fcr Wertsch\u00f6pfung, f\u00fcr Ausbildung und f\u00fcr hunderttausende Arbeitspl\u00e4tze.\u003C\/p\u003E\n\u003C\/div\u003E\n                        \u003Cspan class=\u0022read-more-arrow-container\u0022\u003E\n            \u003Cspan class=\u0022read-more-angled-arrow\u0022\u003E \u003C\/span\u003E\n          \u003C\/span\u003E\n                  \u003C\/div\u003E\n    \u003C\/a\u003E\n\u003Ca href=\u0022\/verbaende\/10-technische-innungsversammlung-der-ofenbauer-volles-haus-kirchheimbonlanden\u0022  class=\u0022teaser teaser--standard\u0022 aria-label=\u0022Volles Haus in Kirchheimbonlanden\u0022\u003E\n      \u003Cdiv class=\u0022teaser-content--image\u0022\u003E\n        \u003Cfigure class=\u0022image--figure\u0022\u003E\n        \u003Cpicture\u003E\n                        \u003Csource srcset=\u0022\/sites\/default\/files\/styles\/teaser_standard__m\/public\/aurora\/2025\/11\/493161.jpeg.webp?itok=1cud7ZAp 1x\u0022 media=\u0022(min-width: 48.0625em) and (max-width: 64em)\u0022 type=\u0022image\/webp\u0022 width=\u0022323\u0022 height=\u0022212\u0022\/\u003E\n                  \u003Csource srcset=\u0022\/sites\/default\/files\/styles\/teaser_standard__l\/public\/aurora\/2025\/11\/493161.jpeg.webp?itok=dlvCTLKs 1x\u0022 media=\u0022(min-width: 64.0625em)\u0022 type=\u0022image\/webp\u0022 width=\u0022203\u0022 height=\u0022133\u0022\/\u003E\n                  \u003Csource srcset=\u0022\/sites\/default\/files\/styles\/teaser_standard__m\/public\/aurora\/2025\/11\/493161.jpeg?itok=0TZlmP1_ 1x\u0022 media=\u0022(min-width: 48.0625em) and (max-width: 64em)\u0022 type=\u0022image\/jpeg\u0022 width=\u0022323\u0022 height=\u0022212\u0022\/\u003E\n                  \u003Csource srcset=\u0022\/sites\/default\/files\/styles\/teaser_standard__l\/public\/aurora\/2025\/11\/493161.jpeg?itok=_q7jor3K 1x\u0022 media=\u0022(min-width: 64.0625em)\u0022 type=\u0022image\/jpeg\u0022 width=\u0022203\u0022 height=\u0022133\u0022\/\u003E\n                          \u003Cimg alt=\u0022Auch die 10. technische Tagung der pf\u00e4lzischen Innung war wieder sehr gut besucht.\u0022 loading=\u0022eager\u0022 data-caption-hide width=\u0022607\u0022 height=\u0022398\u0022 data-zoomed=\u0022https:\/\/www.kl-magazin.de\/sites\/default\/files\/styles\/content__zoomed\/public\/aurora\/2025\/11\/493161.jpeg?itok=dmRLfWpC\u0022 src=\u0022\/sites\/default\/files\/styles\/teaser_standard__s\/public\/aurora\/2025\/11\/493161.jpeg?itok=p_NtkqHH\u0022 title=\u0022\u00a9 Foto: Martin Henze\u0022 \/\u003E\n\n    \u003C\/picture\u003E\n      \u003Cfigcaption class=\u0022image--figcaption\u0022\u003E\n          \u003Cdiv class=\u0022copyright\u0022\u003EFoto: Martin Henze\u003C\/div\u003E\n          \u003C\/figcaption\u003E\n\u003C\/figure\u003E\n\n\n    \u003C\/div\u003E\n    \u003Cdiv class=\u0022teaser-content\u0022\u003E\n                    \u003Cdiv class=\u0022teaser-content--kicker\u0022\u003E\n                    \/\/\/\u200210. Technische Innungsversammlung der Ofenbauer\n        \u003C\/div\u003E\n                                              \n                        \n        \u003Ch4 class=\u0022teaser-content--headline\u0022\u003E\n                                Volles Haus in \n                              \u003Cspan class=\u0022headline-last-word-arrow\u0022\u003EKirchheimbonlanden              \u003Cspan\n                  class=\u0022permission-lock permission-lock-icon--\u0022\u003E\u003C\/span\u003E\n                                  \u003C\/span\u003E\n        \u003C\/h4\u003E\n            \u003Cdiv class=\u0022teaser-content--publishing-date\u0022\u003E\u003Ctime datetime=\u00222025-11-17T10:12:49Z\u0022\u003E17.11.2025\u003C\/time\u003E\n\u003C\/div\u003E\u003Cspan class=\u0022teaser-content--publishing-date-divider\u0022\u003E - \u003C\/span\u003E\u003Cdiv class=\u0022teaser-content--body\u0022\u003E\u003Cp\u003EAm 24. September 2025 trafen sich in Kirchheimbolanden \u00fcber 90 Ofenbauer, Schornsteinfeger und Herstellervertreter aus dem gesamten Bundesgebiet zur\u0026nbsp;10. Technischen Innungsversammlung der Ofen- und Luftheizungsbauerinnung der Pfalz. Die eint\u00e4gige Schulung behandelte Themen vom \u201eOfen\u00adf\u00fchrerschein\u201c \u00fcber Materialkunde und Produktneuheiten bis zur letzten TROL-Fortschreibung und der neuen EN 16510.\u003C\/p\u003E\n\u003C\/div\u003E\n                        \u003Cspan class=\u0022read-more-arrow-container\u0022\u003E\n            \u003Cspan class=\u0022read-more-angled-arrow\u0022\u003E \u003C\/span\u003E\n          \u003C\/span\u003E\n                  \u003C\/div\u003E\n    \u003C\/a\u003E\n\u003Ca href=\u0022\/verbaende\/einzeln-stark-gemeinsam-staerker-hki-und-brennholzverband-verschmelzen\u0022  class=\u0022teaser teaser--standard\u0022 aria-label=\u0022HKI und Brennholzverband verschmelzen\u0022\u003E\n      \u003Cdiv class=\u0022teaser-content--image\u0022\u003E\n        \u003Cfigure class=\u0022image--figure\u0022\u003E\n        \u003Cpicture\u003E\n                        \u003Csource srcset=\u0022\/sites\/default\/files\/styles\/teaser_standard__m\/public\/aurora\/2025\/11\/493159.jpeg.webp?itok=T17ijeUU 1x\u0022 media=\u0022(min-width: 48.0625em) and (max-width: 64em)\u0022 type=\u0022image\/webp\u0022 width=\u0022173\u0022 height=\u0022242\u0022\/\u003E\n                  \u003Csource srcset=\u0022\/sites\/default\/files\/styles\/teaser_standard__l\/public\/aurora\/2025\/11\/493159.jpeg.webp?itok=tczNyVln 1x\u0022 media=\u0022(min-width: 64.0625em)\u0022 type=\u0022image\/webp\u0022 width=\u0022109\u0022 height=\u0022152\u0022\/\u003E\n                  \u003Csource srcset=\u0022\/sites\/default\/files\/styles\/teaser_standard__m\/public\/aurora\/2025\/11\/493159.jpeg?itok=tnihut1t 1x\u0022 media=\u0022(min-width: 48.0625em) and (max-width: 64em)\u0022 type=\u0022image\/jpeg\u0022 width=\u0022173\u0022 height=\u0022242\u0022\/\u003E\n                  \u003Csource srcset=\u0022\/sites\/default\/files\/styles\/teaser_standard__l\/public\/aurora\/2025\/11\/493159.jpeg?itok=DPwFWRe5 1x\u0022 media=\u0022(min-width: 64.0625em)\u0022 type=\u0022image\/jpeg\u0022 width=\u0022109\u0022 height=\u0022152\u0022\/\u003E\n                          \u003Cimg alt=\u0022Frank Kienle, Gesch\u00e4ftsf\u00fchrer HKI  \u00adbegr\u00fc\u00dft die Zusammenlegung.\u0022 loading=\u0022eager\u0022 data-caption-hide width=\u0022284\u0022 height=\u0022398\u0022 data-zoomed=\u0022https:\/\/www.kl-magazin.de\/sites\/default\/files\/styles\/content__zoomed\/public\/aurora\/2025\/11\/493159.jpeg?itok=detw0dm0\u0022 src=\u0022\/sites\/default\/files\/styles\/teaser_standard__s\/public\/aurora\/2025\/11\/493159.jpeg?itok=IQAq0MQM\u0022 title=\u0022\u00a9 Foto: HKI\u0022 \/\u003E\n\n    \u003C\/picture\u003E\n      \u003Cfigcaption class=\u0022image--figcaption\u0022\u003E\n          \u003Cdiv class=\u0022copyright\u0022\u003EFoto: HKI\u003C\/div\u003E\n          \u003C\/figcaption\u003E\n\u003C\/figure\u003E\n\n\n    \u003C\/div\u003E\n    \u003Cdiv class=\u0022teaser-content\u0022\u003E\n                    \u003Cdiv class=\u0022teaser-content--kicker\u0022\u003E\n                    \/\/\/\u2002Einzeln stark \u2013 gemeinsam st\u00e4rker\n        \u003C\/div\u003E\n                                              \n                        \n        \u003Ch4 class=\u0022teaser-content--headline\u0022\u003E\n                                HKI und Brennholzverband \n                              \u003Cspan class=\u0022headline-last-word-arrow\u0022\u003Everschmelzen              \u003Cspan\n                  class=\u0022permission-lock permission-lock-icon--\u0022\u003E\u003C\/span\u003E\n                                  \u003C\/span\u003E\n        \u003C\/h4\u003E\n            \u003Cdiv class=\u0022teaser-content--publishing-date\u0022\u003E\u003Ctime datetime=\u00222025-11-17T10:12:39Z\u0022\u003E17.11.2025\u003C\/time\u003E\n\u003C\/div\u003E\u003Cspan class=\u0022teaser-content--publishing-date-divider\u0022\u003E - \u003C\/span\u003E\u003Cdiv class=\u0022teaser-content--body\u0022\u003E\u003Cp\u003EFrei nach dem Motto \u201eEinzeln stark, gemeinsam st\u00e4rker\u201c b\u00fcndeln der HKI Industrieverband Haus-, Heiz- und K\u00fcchentechnik e.\u2009V. und der Bundesverband Brennholzhandel und Brennholzproduktion (BBB) ihre Kompetenzen und vertiefen ihre langj\u00e4hrige gute Zusammenarbeit. Mit der Unterzeichnung des Verschmelzungsvertrags durch Oliver Frosch, Pr\u00e4sident des HKI, und Klaus Egly, 1. Vorsitzender des BBB, entsteht eine neue Fachabteilung innerhalb des HKI: \u201eBrennholz \u0026amp; Biomasse\u201c.\u003C\/p\u003E\n\u003C\/div\u003E\n                        \u003Cspan class=\u0022read-more-arrow-container\u0022\u003E\n            \u003Cspan class=\u0022read-more-angled-arrow\u0022\u003E \u003C\/span\u003E\n          \u003C\/span\u003E\n                  \u003C\/div\u003E\n    \u003C\/a\u003E\n\u003Ca href=\u0022\/verbaende\/hki-einzeln-stark-gemeinsam-staerker-hki-und-brennholzverband-verschmelzen\u0022  class=\u0022teaser teaser--standard\u0022 aria-label=\u0022Einzeln stark \u2013 gemeinsam st\u00e4rker: HKI und Brennholzverband verschmelzen\u0022\u003E\n      \u003Cdiv class=\u0022teaser-content--image\u0022\u003E\n        \u003Cfigure class=\u0022image--figure\u0022\u003E\n        \u003Cpicture\u003E\n                        \u003Csource srcset=\u0022\/sites\/default\/files\/styles\/teaser_standard__m\/public\/aurora\/2025\/10\/488956.png.webp?itok=nZ_ELMth 1x\u0022 media=\u0022(min-width: 48.0625em) and (max-width: 64em)\u0022 type=\u0022image\/webp\u0022 width=\u0022256\u0022 height=\u0022146\u0022\/\u003E\n                  \u003Csource srcset=\u0022\/sites\/default\/files\/styles\/teaser_standard__l\/public\/aurora\/2025\/10\/488956.png.webp?itok=lZ9fO7u_ 1x\u0022 media=\u0022(min-width: 64.0625em)\u0022 type=\u0022image\/webp\u0022 width=\u0022203\u0022 height=\u0022116\u0022\/\u003E\n                  \u003Csource srcset=\u0022\/sites\/default\/files\/styles\/teaser_standard__m\/public\/aurora\/2025\/10\/488956.png?itok=P5x8p5-L 1x\u0022 media=\u0022(min-width: 48.0625em) and (max-width: 64em)\u0022 type=\u0022image\/png\u0022 width=\u0022256\u0022 height=\u0022146\u0022\/\u003E\n                  \u003Csource srcset=\u0022\/sites\/default\/files\/styles\/teaser_standard__l\/public\/aurora\/2025\/10\/488956.png?itok=db7bcbsG 1x\u0022 media=\u0022(min-width: 64.0625em)\u0022 type=\u0022image\/png\u0022 width=\u0022203\u0022 height=\u0022116\u0022\/\u003E\n                          \u003Cimg loading=\u0022eager\u0022 data-caption-hide width=\u0022256\u0022 height=\u0022146\u0022 data-zoomed=\u0022https:\/\/www.kl-magazin.de\/sites\/default\/files\/styles\/content__zoomed\/public\/aurora\/2025\/10\/488956.png?itok=l9cuWOmq\u0022 src=\u0022\/sites\/default\/files\/styles\/teaser_standard__s\/public\/aurora\/2025\/10\/488956.png?itok=Jf2Rf1Oo\u0022 title=\u0022Logo mit \u0026quot;75 Jahre\u0026quot; \u00fcber den fetten Buchstaben \u0026quot;HKI\u0026quot; und einem gro\u00dfen roten Punkt \u00fcber dem Buchstaben \u0026quot;I\u0026quot; auf wei\u00dfem Hintergrund. - \u00a9 HKI\u0022 \/\u003E\n\n    \u003C\/picture\u003E\n      \u003Cfigcaption class=\u0022image--figcaption\u0022\u003E\n          \u003Cdiv class=\u0022copyright\u0022\u003EHKI\u003C\/div\u003E\n          \u003C\/figcaption\u003E\n\u003C\/figure\u003E\n\n\n    \u003C\/div\u003E\n    \u003Cdiv class=\u0022teaser-content\u0022\u003E\n                    \u003Cdiv class=\u0022teaser-content--kicker\u0022\u003E\n                    HKI\n        \u003C\/div\u003E\n                                              \n                        \n        \u003Ch4 class=\u0022teaser-content--headline\u0022\u003E\n                                Einzeln stark \u2013 gemeinsam st\u00e4rker: HKI und Brennholzverband \n                              \u003Cspan class=\u0022headline-last-word-arrow\u0022\u003Everschmelzen                      \u003C\/span\u003E\n        \u003C\/h4\u003E\n            \u003Cdiv class=\u0022teaser-content--publishing-date\u0022\u003E\u003Ctime datetime=\u00222025-10-26T13:36:53Z\u0022\u003E26.10.2025\u003C\/time\u003E\n\u003C\/div\u003E\u003Cspan class=\u0022teaser-content--publishing-date-divider\u0022\u003E - \u003C\/span\u003E\u003Cdiv class=\u0022teaser-content--body\u0022\u003E\u003Cp\u003EFrei nach dem Motto \u201eEinzeln stark, gemeinsam st\u00e4rker\u201c b\u00fcndeln der HKI Industrieverband Haus-, Heiz- und K\u00fcchentechnik e.V. und der Bundesverband Brennholzhandel und Brennholzproduktion (BBB) ihre Kompetenzen und vertiefen ihre langj\u00e4hrige gute Zusammenarbeit.\u003C\/p\u003E\n\u003C\/div\u003E\n                        \u003Cspan class=\u0022read-more-arrow-container\u0022\u003E\n            \u003Cspan class=\u0022read-more-angled-arrow\u0022\u003E \u003C\/span\u003E\n          \u003C\/span\u003E\n                  \u003C\/div\u003E\n    \u003C\/a\u003E\n\u003Ca href=\u0022\/verbaende\/zvshk-daniel-foest-wird-neuer-hauptgeschaeftsfuehrer\u0022  class=\u0022teaser teaser--standard\u0022 aria-label=\u0022Daniel F\u00f6st wird neuer Haupt\u00adge\u00adsch\u00e4fts\u00adf\u00fch\u00adrer\r\u0022\u003E\n      \u003Cdiv class=\u0022teaser-content--image\u0022\u003E\n        \u003Cfigure class=\u0022image--figure\u0022\u003E\n        \u003Cpicture\u003E\n                        \u003Csource srcset=\u0022\/sites\/default\/files\/styles\/teaser_standard__m\/public\/aurora\/2025\/09\/472996.jpeg.webp?itok=yN6-zODY 1x\u0022 media=\u0022(min-width: 48.0625em) and (max-width: 64em)\u0022 type=\u0022image\/webp\u0022 width=\u0022230\u0022 height=\u0022242\u0022\/\u003E\n                  \u003Csource srcset=\u0022\/sites\/default\/files\/styles\/teaser_standard__l\/public\/aurora\/2025\/09\/472996.jpeg.webp?itok=dUzjcvHZ 1x\u0022 media=\u0022(min-width: 64.0625em)\u0022 type=\u0022image\/webp\u0022 width=\u0022144\u0022 height=\u0022152\u0022\/\u003E\n                  \u003Csource srcset=\u0022\/sites\/default\/files\/styles\/teaser_standard__m\/public\/aurora\/2025\/09\/472996.jpeg?itok=43vMvY6e 1x\u0022 media=\u0022(min-width: 48.0625em) and (max-width: 64em)\u0022 type=\u0022image\/jpeg\u0022 width=\u0022230\u0022 height=\u0022242\u0022\/\u003E\n                  \u003Csource srcset=\u0022\/sites\/default\/files\/styles\/teaser_standard__l\/public\/aurora\/2025\/09\/472996.jpeg?itok=ItWNXXXV 1x\u0022 media=\u0022(min-width: 64.0625em)\u0022 type=\u0022image\/jpeg\u0022 width=\u0022144\u0022 height=\u0022152\u0022\/\u003E\n                          \u003Cimg alt=\u0022Daniel F\u00f6st\u0022 loading=\u0022eager\u0022 data-caption-hide width=\u0022378\u0022 height=\u0022398\u0022 data-zoomed=\u0022https:\/\/www.kl-magazin.de\/sites\/default\/files\/styles\/content__zoomed\/public\/aurora\/2025\/09\/472996.jpeg?itok=eLbGfdsn\u0022 src=\u0022\/sites\/default\/files\/styles\/teaser_standard__s\/public\/aurora\/2025\/09\/472996.jpeg?itok=l0hJUgT1\u0022 title=\u0022\u00a9 Foto: ZVSHK\u0022 \/\u003E\n\n    \u003C\/picture\u003E\n      \u003Cfigcaption class=\u0022image--figcaption\u0022\u003E\n          \u003Cdiv class=\u0022copyright\u0022\u003EFoto: ZVSHK\u003C\/div\u003E\n          \u003C\/figcaption\u003E\n\u003C\/figure\u003E\n\n\n    \u003C\/div\u003E\n    \u003Cdiv class=\u0022teaser-content\u0022\u003E\n                    \u003Cdiv class=\u0022teaser-content--kicker\u0022\u003E\n                    \/\/\/\u2002ZVSHK\n        \u003C\/div\u003E\n                                              \n                        \n        \u003Ch4 class=\u0022teaser-content--headline\u0022\u003E\n                                Daniel F\u00f6st wird neuer \n                              \u003Cspan class=\u0022headline-last-word-arrow\u0022\u003EHaupt\u00adge\u00adsch\u00e4fts\u00adf\u00fch\u00adrer              \u003Cspan\n                  class=\u0022permission-lock permission-lock-icon--\u0022\u003E\u003C\/span\u003E\n                                  \u003C\/span\u003E\n        \u003C\/h4\u003E\n            \u003Cdiv class=\u0022teaser-content--publishing-date\u0022\u003E\u003Ctime datetime=\u00222025-09-01T08:23:30Z\u0022\u003E01.09.2025\u003C\/time\u003E\n\u003C\/div\u003E\u003Cspan class=\u0022teaser-content--publishing-date-divider\u0022\u003E - \u003C\/span\u003E\u003Cdiv class=\u0022teaser-content--body\u0022\u003E\u003Cp\u003EDer Zentralverband Sanit\u00e4r Heizung Klima (ZVSHK) beruft zum 8. September 2025 den Fachmann f\u00fcr Geb\u00e4udeenergie und Hochbau, Kommunikationsexperten und fr\u00fcheren Bundestagsabgeordneten Daniel F\u00f6st zum neuen Hauptgesch\u00e4ftsf\u00fchrer.\u003C\/p\u003E\n\u003C\/div\u003E\n                        \u003Cspan class=\u0022read-more-arrow-container\u0022\u003E\n            \u003Cspan class=\u0022read-more-angled-arrow\u0022\u003E \u003C\/span\u003E\n          \u003C\/span\u003E\n                  \u003C\/div\u003E\n    \u003C\/a\u003E\n\u003Ca href=\u0022\/verbaende\/zvshk-praesident-michael-hilpert-mit-handwerkszeichen-gold-geehrt\u0022  class=\u0022teaser teaser--standard\u0022 aria-label=\u0022Pr\u00e4sident Michael Hilpert mit Handwerkszeichen in Gold geehrt\u0022\u003E\n      \u003Cdiv class=\u0022teaser-content--image\u0022\u003E\n        \u003Cfigure class=\u0022image--figure\u0022\u003E\n        \u003Cpicture\u003E\n                        \u003Csource srcset=\u0022\/sites\/default\/files\/styles\/teaser_standard__m\/public\/aurora\/2025\/06\/458396.png.webp?itok=749IoFTN 1x\u0022 media=\u0022(min-width: 48.0625em) and (max-width: 64em)\u0022 type=\u0022image\/webp\u0022 width=\u0022323\u0022 height=\u0022208\u0022\/\u003E\n                  \u003Csource srcset=\u0022\/sites\/default\/files\/styles\/teaser_standard__l\/public\/aurora\/2025\/06\/458396.png.webp?itok=y6Ru0Txa 1x\u0022 media=\u0022(min-width: 64.0625em)\u0022 type=\u0022image\/webp\u0022 width=\u0022203\u0022 height=\u0022131\u0022\/\u003E\n                  \u003Csource srcset=\u0022\/sites\/default\/files\/styles\/teaser_standard__m\/public\/aurora\/2025\/06\/458396.png?itok=Pv6_yix5 1x\u0022 media=\u0022(min-width: 48.0625em) and (max-width: 64em)\u0022 type=\u0022image\/png\u0022 width=\u0022323\u0022 height=\u0022208\u0022\/\u003E\n                  \u003Csource srcset=\u0022\/sites\/default\/files\/styles\/teaser_standard__l\/public\/aurora\/2025\/06\/458396.png?itok=OOZMaysa 1x\u0022 media=\u0022(min-width: 64.0625em)\u0022 type=\u0022image\/png\u0022 width=\u0022203\u0022 height=\u0022131\u0022\/\u003E\n                          \u003Cimg alt=\u0022J\u00f6rg Dttrich (links) \u00fcberreichte Michael Hilpert das Handwerkszeichen in Gold.\u0022 loading=\u0022eager\u0022 data-caption-hide width=\u0022617\u0022 height=\u0022398\u0022 data-zoomed=\u0022https:\/\/www.kl-magazin.de\/sites\/default\/files\/styles\/content__zoomed\/public\/aurora\/2025\/06\/458396.png?itok=3A3ty-tz\u0022 src=\u0022\/sites\/default\/files\/styles\/teaser_standard__s\/public\/aurora\/2025\/06\/458396.png?itok=OjOem8RU\u0022 title=\u0022\u00a9 ZVSHK\u0022 \/\u003E\n\n    \u003C\/picture\u003E\n      \u003Cfigcaption class=\u0022image--figcaption\u0022\u003E\n          \u003Cdiv class=\u0022copyright\u0022\u003EZVSHK\u003C\/div\u003E\n          \u003C\/figcaption\u003E\n\u003C\/figure\u003E\n\n\n    \u003C\/div\u003E\n    \u003Cdiv class=\u0022teaser-content\u0022\u003E\n                    \u003Cdiv class=\u0022teaser-content--kicker\u0022\u003E\n                    ZVSHK\n        \u003C\/div\u003E\n                                              \n                        \n        \u003Ch4 class=\u0022teaser-content--headline\u0022\u003E\n                                Pr\u00e4sident Michael Hilpert mit Handwerkszeichen in Gold \n                              \u003Cspan class=\u0022headline-last-word-arrow\u0022\u003Egeehrt                      \u003C\/span\u003E\n        \u003C\/h4\u003E\n            \u003Cdiv class=\u0022teaser-content--publishing-date\u0022\u003E\u003Ctime datetime=\u00222025-06-24T13:49:03Z\u0022\u003E24.06.2025\u003C\/time\u003E\n\u003C\/div\u003E\u003Cspan class=\u0022teaser-content--publishing-date-divider\u0022\u003E - \u003C\/span\u003E\u003Cdiv class=\u0022teaser-content--body\u0022\u003E\u003Cp\u003EMichael Hilpert, Pr\u00e4sident des ZentralverbandesSanit\u00e4r, Heizung, Klima (ZVSHK), wurde f\u00fcr sein langj\u00e4hriges und herausragendes\u0026nbsp; Engagement im Handwerk mit dem Handwerkszeichen in Gold ausgezeichnet. Die h\u00f6chste Ehrung innerhalb der deutschen Handwerksorganisation \u00fcberreichte ihm J\u00f6rg Dittrich, Pr\u00e4sident desZentralverbandes des Deutschen Handwerks (ZDH), im Rahmen derZVSHK-Mitgliederversammlung in Berlin am 4. Juni 2025.\u003C\/p\u003E\n\u003C\/div\u003E\n                        \u003Cspan class=\u0022read-more-arrow-container\u0022\u003E\n            \u003Cspan class=\u0022read-more-angled-arrow\u0022\u003E \u003C\/span\u003E\n          \u003C\/span\u003E\n                  \u003C\/div\u003E\n    \u003C\/a\u003E\n\u003Ca href=\u0022\/verbaende\/glueckstour-etappen-stopp-bei-atec\u0022  class=\u0022teaser teaser--standard\u0022 aria-label=\u0022Etappen-Stopp bei ATEC\u0022\u003E\n      \u003Cdiv class=\u0022teaser-content--image\u0022\u003E\n        \u003Cfigure class=\u0022image--figure\u0022\u003E\n        \u003Cpicture\u003E\n                        \u003Csource srcset=\u0022\/sites\/default\/files\/styles\/teaser_standard__m\/public\/aurora\/2025\/06\/457600.jpeg.webp?itok=zqZYfBmv 1x\u0022 media=\u0022(min-width: 48.0625em) and (max-width: 64em)\u0022 type=\u0022image\/webp\u0022 width=\u0022323\u0022 height=\u0022242\u0022\/\u003E\n                  \u003Csource srcset=\u0022\/sites\/default\/files\/styles\/teaser_standard__l\/public\/aurora\/2025\/06\/457600.jpeg.webp?itok=il6hR7JY 1x\u0022 media=\u0022(min-width: 64.0625em)\u0022 type=\u0022image\/webp\u0022 width=\u0022203\u0022 height=\u0022152\u0022\/\u003E\n                  \u003Csource srcset=\u0022\/sites\/default\/files\/styles\/teaser_standard__m\/public\/aurora\/2025\/06\/457600.jpeg?itok=iTonbSa2 1x\u0022 media=\u0022(min-width: 48.0625em) and (max-width: 64em)\u0022 type=\u0022image\/jpeg\u0022 width=\u0022323\u0022 height=\u0022242\u0022\/\u003E\n                  \u003Csource srcset=\u0022\/sites\/default\/files\/styles\/teaser_standard__l\/public\/aurora\/2025\/06\/457600.jpeg?itok=CA4koL6W 1x\u0022 media=\u0022(min-width: 64.0625em)\u0022 type=\u0022image\/jpeg\u0022 width=\u0022203\u0022 height=\u0022152\u0022\/\u003E\n                          \u003Cimg alt=\u0022Guido Jobst von ATEC und Ralf Heibrok von der Gl\u00fcckstour \u00a0e. V. mit den beiden gespendeten Tandems.\u0022 loading=\u0022eager\u0022 data-caption-hide width=\u0022531\u0022 height=\u0022398\u0022 data-zoomed=\u0022https:\/\/www.kl-magazin.de\/sites\/default\/files\/styles\/content__zoomed\/public\/aurora\/2025\/06\/457600.jpeg?itok=MTKb5CUA\u0022 src=\u0022\/sites\/default\/files\/styles\/teaser_standard__s\/public\/aurora\/2025\/06\/457600.jpeg?itok=MO4gb8ya\u0022 title=\u0022\u00a9 ATEC GmbH \u0026amp; Co. KG, Neu Wulmstorf\u0022 \/\u003E\n\n    \u003C\/picture\u003E\n      \u003Cfigcaption class=\u0022image--figcaption\u0022\u003E\n          \u003Cdiv class=\u0022copyright\u0022\u003EATEC GmbH \u0026 Co. KG, Neu Wulmstorf\u003C\/div\u003E\n          \u003C\/figcaption\u003E\n\u003C\/figure\u003E\n\n\n    \u003C\/div\u003E\n    \u003Cdiv class=\u0022teaser-content\u0022\u003E\n                    \u003Cdiv class=\u0022teaser-content--kicker\u0022\u003E\n                    Gl\u00fcckstour\n        \u003C\/div\u003E\n                                              \n                        \n        \u003Ch4 class=\u0022teaser-content--headline\u0022\u003E\n                                Etappen-Stopp bei \n                              \u003Cspan class=\u0022headline-last-word-arrow\u0022\u003EATEC                      \u003C\/span\u003E\n        \u003C\/h4\u003E\n            \u003Cdiv class=\u0022teaser-content--publishing-date\u0022\u003E\u003Ctime datetime=\u00222025-06-22T15:04:24Z\u0022\u003E22.06.2025\u003C\/time\u003E\n\u003C\/div\u003E\u003Cspan class=\u0022teaser-content--publishing-date-divider\u0022\u003E - \u003C\/span\u003E\u003Cdiv class=\u0022teaser-content--body\u0022\u003E\u003Cp\u003EEine Etappe der Gl\u00fcckstour f\u00fchrte vorbei an Neu Wulmstorf und dem Unternehmen ATEC, das sich seit mehreren Jahren tatkr\u00e4ftig f\u00fcr die Aktion engagiert. Die Gl\u00fcckstour e. V. ist eine j\u00e4hrliche Wohlt\u00e4tigkeitsveranstaltung des Schornsteinfegerhandwerks in Deutschland, bei der Spenden f\u00fcr krebskranke Kinder gesammelt werden. In diesem Jahr startete sie am 5. Juni in D\u00fcsseldorf und endete am 10. Juni, kurz vor dem Bundesverbandstag der Schornsteinfeger, in Berlin.\u003C\/p\u003E\n\u003C\/div\u003E\n                        \u003Cspan class=\u0022read-more-arrow-container\u0022\u003E\n            \u003Cspan class=\u0022read-more-angled-arrow\u0022\u003E \u003C\/span\u003E\n          \u003C\/span\u003E\n                  \u003C\/div\u003E\n    \u003C\/a\u003E\n\u003Ca href=\u0022\/verbaende\/auf-die-qualitaet-kommt-es-pelletpreis-im-juni-auf-ueblich-niedrigem-sommerniveau\u0022  class=\u0022teaser teaser--standard\u0022 aria-label=\u0022Pelletpreis im Juni auf \u00fcblich niedrigem Sommerniveau\u00a0\u0022\u003E\n      \u003Cdiv class=\u0022teaser-content--image\u0022\u003E\n        \u003Cfigure class=\u0022image--figure\u0022\u003E\n        \u003Cpicture\u003E\n                        \u003Csource srcset=\u0022\/sites\/default\/files\/styles\/teaser_standard__m\/public\/aurora\/2025\/06\/457580.jpeg.webp?itok=qX-D-SO9 1x\u0022 media=\u0022(min-width: 48.0625em) and (max-width: 64em)\u0022 type=\u0022image\/webp\u0022 width=\u0022323\u0022 height=\u0022224\u0022\/\u003E\n                  \u003Csource srcset=\u0022\/sites\/default\/files\/styles\/teaser_standard__l\/public\/aurora\/2025\/06\/457580.jpeg.webp?itok=OeVacFkv 1x\u0022 media=\u0022(min-width: 64.0625em)\u0022 type=\u0022image\/webp\u0022 width=\u0022203\u0022 height=\u0022141\u0022\/\u003E\n                  \u003Csource srcset=\u0022\/sites\/default\/files\/styles\/teaser_standard__m\/public\/aurora\/2025\/06\/457580.jpeg?itok=2XxwuF5k 1x\u0022 media=\u0022(min-width: 48.0625em) and (max-width: 64em)\u0022 type=\u0022image\/jpeg\u0022 width=\u0022323\u0022 height=\u0022224\u0022\/\u003E\n                  \u003Csource srcset=\u0022\/sites\/default\/files\/styles\/teaser_standard__l\/public\/aurora\/2025\/06\/457580.jpeg?itok=a73GM1RL 1x\u0022 media=\u0022(min-width: 64.0625em)\u0022 type=\u0022image\/jpeg\u0022 width=\u0022203\u0022 height=\u0022141\u0022\/\u003E\n                          \u003Cimg loading=\u0022eager\u0022 data-caption-hide width=\u0022575\u0022 height=\u0022398\u0022 data-zoomed=\u0022https:\/\/www.kl-magazin.de\/sites\/default\/files\/styles\/content__zoomed\/public\/aurora\/2025\/06\/457580.jpeg?itok=S2hQAP_S\u0022 src=\u0022\/sites\/default\/files\/styles\/teaser_standard__s\/public\/aurora\/2025\/06\/457580.jpeg?itok=hzV3GlfZ\u0022 title=\u0022Liniendiagramm der Brennstoffkosten in Deutschland f\u00fcr Heiz\u00f6l, Gas und Pellets von April 2024 bis Mai 2025. - \u00a9 DEPI\u0022 \/\u003E\n\n    \u003C\/picture\u003E\n      \u003Cfigcaption class=\u0022image--figcaption\u0022\u003E\n          \u003Cdiv class=\u0022copyright\u0022\u003EDEPI\u003C\/div\u003E\n          \u003C\/figcaption\u003E\n\u003C\/figure\u003E\n\n\n    \u003C\/div\u003E\n    \u003Cdiv class=\u0022teaser-content\u0022\u003E\n                    \u003Cdiv class=\u0022teaser-content--kicker\u0022\u003E\n                    Auf die Qualit\u00e4t kommt es an\n        \u003C\/div\u003E\n                                              \n                        \n        \u003Ch4 class=\u0022teaser-content--headline\u0022\u003E\n                                Pelletpreis im Juni auf \u00fcblich niedrigem \n                              \u003Cspan class=\u0022headline-last-word-arrow\u0022\u003ESommerniveau\u00a0                      \u003C\/span\u003E\n        \u003C\/h4\u003E\n            \u003Cdiv class=\u0022teaser-content--publishing-date\u0022\u003E\u003Ctime datetime=\u00222025-06-22T14:38:27Z\u0022\u003E22.06.2025\u003C\/time\u003E\n\u003C\/div\u003E\u003Cspan class=\u0022teaser-content--publishing-date-divider\u0022\u003E - \u003C\/span\u003E\u003Cdiv class=\u0022teaser-content--body\u0022\u003E\u003Cp\u003EDer Preis f\u00fcr Holzpellets ist im Juni leicht gesunken. Verbraucher sollten die Sommermonate zur Lagerbef\u00fcllung nutzen. Dabei sollte der Preis nicht im Vordergrund stehen. Erfahrene Pelletheizer wisen: Die durch das ENplus-Siegel gesicherte Qualit\u00e4t der Holzpresslinge ist entscheidend f\u00fcr einen st\u00f6rungsfreien Heizbetrieb. Laut dem Deutschen Pelletinstitut (DEPI) kostet eine Tonne Pellets aktuell durchschnittlich 302,45 Euro, das sind rd. 4 Prozent weniger als noch im Vormonat. F\u00fcr eine Kilowattstunde W\u00e4rme aus Pellets zahlen Verbraucher derzeit 6,05 Cent. Der Preisvorteil gegen\u00fcber Heiz\u00f6l steigt um 7 Prozentpunkte auf rund 36\u202fProzent.\u0026nbsp;\u003C\/p\u003E\n\u003C\/div\u003E\n                        \u003Cspan class=\u0022read-more-arrow-container\u0022\u003E\n            \u003Cspan class=\u0022read-more-angled-arrow\u0022\u003E \u003C\/span\u003E\n          \u003C\/span\u003E\n                  \u003C\/div\u003E\n    \u003C\/a\u003E\n\u003Ca href=\u0022\/verbaende\/10-bis-13-juni-2025-141-bundesverbandstag-des-schornsteinfegerhandwerks-berlin\u0022  class=\u0022teaser teaser--standard\u0022 aria-label=\u0022141. Bundesverbandstag des Schornsteinfegerhandwerks in Berlin\u0022\u003E\n      \u003Cdiv class=\u0022teaser-content--image\u0022\u003E\n        \u003Cfigure class=\u0022image--figure\u0022\u003E\n        \u003Cpicture\u003E\n                        \u003Csource srcset=\u0022\/sites\/default\/files\/styles\/teaser_standard__m\/public\/aurora\/2025\/06\/456577.jpeg.webp?itok=sAwrOXIE 1x\u0022 media=\u0022(min-width: 48.0625em) and (max-width: 64em)\u0022 type=\u0022image\/webp\u0022 width=\u0022323\u0022 height=\u0022222\u0022\/\u003E\n                  \u003Csource srcset=\u0022\/sites\/default\/files\/styles\/teaser_standard__l\/public\/aurora\/2025\/06\/456577.jpeg.webp?itok=davUafkZ 1x\u0022 media=\u0022(min-width: 64.0625em)\u0022 type=\u0022image\/webp\u0022 width=\u0022203\u0022 height=\u0022140\u0022\/\u003E\n                  \u003Csource srcset=\u0022\/sites\/default\/files\/styles\/teaser_standard__m\/public\/aurora\/2025\/06\/456577.jpeg?itok=Xidi2WrN 1x\u0022 media=\u0022(min-width: 48.0625em) and (max-width: 64em)\u0022 type=\u0022image\/jpeg\u0022 width=\u0022323\u0022 height=\u0022222\u0022\/\u003E\n                  \u003Csource srcset=\u0022\/sites\/default\/files\/styles\/teaser_standard__l\/public\/aurora\/2025\/06\/456577.jpeg?itok=IhnBtzJ8 1x\u0022 media=\u0022(min-width: 64.0625em)\u0022 type=\u0022image\/jpeg\u0022 width=\u0022203\u0022 height=\u0022140\u0022\/\u003E\n                          \u003Cimg alt=\u0022Der aktuelle Vorstand des Bundesverbandes setzt sich\u00a0 wie folgt zusammen: ( v.l.n.r.): Iris Dohmen (Presse- und \u00d6ffentlichkeitsarbeit), Markus Burger (Technik), Udo Voigt (Berufsbildung), Alexis Gula (Pr\u00e4sident), Torsten Arndt (Hauptgesch\u00e4ftsf\u00fchrer), Dr. Julian Schwark (Energie) und Andreas Peeters (Vizepr\u00e4sident und Finanzen).\u0022 loading=\u0022eager\u0022 data-caption-hide width=\u0022578\u0022 height=\u0022398\u0022 data-zoomed=\u0022https:\/\/www.kl-magazin.de\/sites\/default\/files\/styles\/content__zoomed\/public\/aurora\/2025\/06\/456577.jpeg?itok=sU2RsrVQ\u0022 src=\u0022\/sites\/default\/files\/styles\/teaser_standard__s\/public\/aurora\/2025\/06\/456577.jpeg?itok=OQ-bgnZX\u0022 title=\u0022\u00a9 Bundesverband Schornsteinfeger\u0022 \/\u003E\n\n    \u003C\/picture\u003E\n      \u003Cfigcaption class=\u0022image--figcaption\u0022\u003E\n          \u003Cdiv class=\u0022copyright\u0022\u003EBundesverband Schornsteinfeger\u003C\/div\u003E\n          \u003C\/figcaption\u003E\n\u003C\/figure\u003E\n\n\n    \u003C\/div\u003E\n    \u003Cdiv class=\u0022teaser-content\u0022\u003E\n                    \u003Cdiv class=\u0022teaser-content--kicker\u0022\u003E\n                    10. bis 13. Juni 2025\n        \u003C\/div\u003E\n                                              \n                        \n        \u003Ch4 class=\u0022teaser-content--headline\u0022\u003E\n                                141. Bundesverbandstag des Schornsteinfegerhandwerks in \n                              \u003Cspan class=\u0022headline-last-word-arrow\u0022\u003EBerlin                      \u003C\/span\u003E\n        \u003C\/h4\u003E\n            \u003Cdiv class=\u0022teaser-content--publishing-date\u0022\u003E\u003Ctime datetime=\u00222025-06-17T13:01:41Z\u0022\u003E17.06.2025\u003C\/time\u003E\n\u003C\/div\u003E\u003Cspan class=\u0022teaser-content--publishing-date-divider\u0022\u003E - \u003C\/span\u003E\u003Cdiv class=\u0022teaser-content--body\u0022\u003E\u003Cp\u003ESchornsteinfegerinnen und Schornsteinfeger aus dem ganzen Bundesgebiet sowie G\u00e4ste aus Politik, Handwerk und der W\u00e4rmebranche nahmen an der Veranstaltung teil. Auch die Gl\u00fcckstour, eine der gr\u00f6\u00dften privaten Spendenorganisationen in Deutschland, erreichte nach \u00fcber 700 Kilometern auf dem Fahrrad ihr Ziel in Berlin, um Spenden f\u00fcr krebskranke Kinder an regionale Einrichtungen zu \u00fcbergeben. \u00dcber 7 Millionen Euro Spendengelder hat die Gl\u00fcckstour in den letzten 20 Jahren gesammelt und verteilt.\u0026nbsp;\u003C\/p\u003E\n\u003C\/div\u003E\n                        \u003Cspan class=\u0022read-more-arrow-container\u0022\u003E\n            \u003Cspan class=\u0022read-more-angled-arrow\u0022\u003E \u003C\/span\u003E\n          \u003C\/span\u003E\n                  \u003C\/div\u003E\n    \u003C\/a\u003E\n\u003Ca href=\u0022\/verbaende\/gvob-mitgliederversammlung-2025-aufbruch-anerkennung-und-ausblick\u0022  class=\u0022teaser teaser--standard\u0022 aria-label=\u0022Aufbruch, Anerkennung\u00a0und Ausblick\u0022\u003E\n      \u003Cdiv class=\u0022teaser-content--image\u0022\u003E\n        \u003Cfigure class=\u0022image--figure\u0022\u003E\n        \u003Cpicture\u003E\n                        \u003Csource srcset=\u0022\/sites\/default\/files\/styles\/teaser_standard__m\/public\/aurora\/2025\/06\/452397.jpeg.webp?itok=LpnM4uXn 1x\u0022 media=\u0022(min-width: 48.0625em) and (max-width: 64em)\u0022 type=\u0022image\/webp\u0022 width=\u0022179\u0022 height=\u0022242\u0022\/\u003E\n                  \u003Csource srcset=\u0022\/sites\/default\/files\/styles\/teaser_standard__l\/public\/aurora\/2025\/06\/452397.jpeg.webp?itok=YaN0jYpW 1x\u0022 media=\u0022(min-width: 64.0625em)\u0022 type=\u0022image\/webp\u0022 width=\u0022112\u0022 height=\u0022152\u0022\/\u003E\n                  \u003Csource srcset=\u0022\/sites\/default\/files\/styles\/teaser_standard__m\/public\/aurora\/2025\/06\/452397.jpeg?itok=JzjR9Ql6 1x\u0022 media=\u0022(min-width: 48.0625em) and (max-width: 64em)\u0022 type=\u0022image\/jpeg\u0022 width=\u0022179\u0022 height=\u0022242\u0022\/\u003E\n                  \u003Csource srcset=\u0022\/sites\/default\/files\/styles\/teaser_standard__l\/public\/aurora\/2025\/06\/452397.jpeg?itok=8LEUext3 1x\u0022 media=\u0022(min-width: 64.0625em)\u0022 type=\u0022image\/jpeg\u0022 width=\u0022112\u0022 height=\u0022152\u0022\/\u003E\n                          \u003Cimg alt=\u0022Robert M\u00fclleneisen, Vorsitzender des Vorstandes, begr\u00fc\u00dfte die Anwesenden.\u0022 loading=\u0022eager\u0022 data-caption-hide width=\u0022294\u0022 height=\u0022398\u0022 data-zoomed=\u0022https:\/\/www.kl-magazin.de\/sites\/default\/files\/styles\/content__zoomed\/public\/aurora\/2025\/06\/452397.jpeg?itok=nWc8Lqad\u0022 src=\u0022\/sites\/default\/files\/styles\/teaser_standard__s\/public\/aurora\/2025\/06\/452397.jpeg?itok=40U_0osN\u0022 title=\u0022\u00a9 Foto: Jutta Lorenz\u0022 \/\u003E\n\n    \u003C\/picture\u003E\n      \u003Cfigcaption class=\u0022image--figcaption\u0022\u003E\n          \u003Cdiv class=\u0022copyright\u0022\u003EFoto: Jutta Lorenz\u003C\/div\u003E\n          \u003C\/figcaption\u003E\n\u003C\/figure\u003E\n\n\n    \u003C\/div\u003E\n    \u003Cdiv class=\u0022teaser-content\u0022\u003E\n                    \u003Cdiv class=\u0022teaser-content--kicker\u0022\u003E\n                    \/\/\/\u2002GVOB Mitgliederversammlung 2025\n        \u003C\/div\u003E\n                                              \n                        \n        \u003Ch4 class=\u0022teaser-content--headline\u0022\u003E\n                                Aufbruch, Anerkennung\u00a0und \n                              \u003Cspan class=\u0022headline-last-word-arrow\u0022\u003EAusblick              \u003Cspan\n                  class=\u0022permission-lock permission-lock-icon--\u0022\u003E\u003C\/span\u003E\n                                  \u003C\/span\u003E\n        \u003C\/h4\u003E\n            \u003Cdiv class=\u0022teaser-content--publishing-date\u0022\u003E\u003Ctime datetime=\u00222025-06-05T13:38:19Z\u0022\u003E05.06.2025\u003C\/time\u003E\n\u003C\/div\u003E\u003Cspan class=\u0022teaser-content--publishing-date-divider\u0022\u003E - \u003C\/span\u003E\u003Cdiv class=\u0022teaser-content--body\u0022\u003E\u003Cp\u003EAm 27. April 2025 fand im Hyperion Hotel Leipzig die ordentliche Mitgliederversammlung des GesamtVerband OfenBau e.V. (GVOB) statt \u2013 mit so hoher Beteiligung wie nie zuvor. \u201eEs ist wohl die bestbesuchte Mitgliederversammlung seit Gr\u00fcndung des GVOB\u201d, betonte Vorstandsvorsitzender Robert M\u00fclleneisen zu Beginn und dankte den zahlreich erschienenen Mitgliedern f\u00fcr ihr Interesse und Engagement.\u003C\/p\u003E\n\u003C\/div\u003E\n                        \u003Cspan class=\u0022read-more-arrow-container\u0022\u003E\n            \u003Cspan class=\u0022read-more-angled-arrow\u0022\u003E \u003C\/span\u003E\n          \u003C\/span\u003E\n                  \u003C\/div\u003E\n    \u003C\/a\u003E\n","entity_type":"node","used_ids":["",256922,256799,255106,255074,254588,253602,253601,252235,252234,251472,250315,250314,249102,246199,243099,242974,242972,242855,242249],"show_more":"\u003Cdiv class=\u0022del-show-more\u0022\u003E\u003Ca href=\u0022\/ajax\/del\/c4c2ec99-6287-4eaf-97ad-16aa3fb50d5b\/paragraph\/20\/19\/asc\/eyJub2RlIjp7ImlkIjoiMTYyODgxIiwidHlwZSI6InBhZ2UifX0%3D\u0022 title=\u0022Mehr Elemente anzeigen\u0022 class=\u0022del-show-more-link use-ajax\u0022 rel=\u0022nofollow\u0022 data-target-type=\u0022node\u0022 aria-controls=\u0022del--paragraph-592477--content\u0022 aria-label=\u0022Mehr Elemente anzeigen\u0022\u003EMehr anzeigen\u003C\/a\u003E\u003C\/div\u003E\n"}]