[{"command":"showMoreTeasers","id":"del--paragraph-592385","content":"\u003Ca href=\u0022\/schornstein\/wenn-praxis-und-norm-aufeinandertreffen-staubabscheider-schornsteinhoehen-normen-und\u0022  class=\u0022teaser teaser--standard\u0022 aria-label=\u0022Staubabscheider, Schornsteinh\u00f6hen, Normen und Sanierung im Fokus\u0022\u003E\n      \u003Cdiv class=\u0022teaser-content--image\u0022\u003E\n        \u003Cfigure class=\u0022image--figure\u0022\u003E\n        \u003Cpicture\u003E\n                        \u003Csource srcset=\u0022\/sites\/default\/files\/styles\/teaser_standard__m\/public\/aurora\/2026\/04\/527036.jpeg.webp?itok=j2b64vKL 1x\u0022 media=\u0022(min-width: 48.0625em) and (max-width: 64em)\u0022 type=\u0022image\/webp\u0022 width=\u0022285\u0022 height=\u0022242\u0022\/\u003E\n                  \u003Csource srcset=\u0022\/sites\/default\/files\/styles\/teaser_standard__l\/public\/aurora\/2026\/04\/527036.jpeg.webp?itok=UdDCwFkU 1x\u0022 media=\u0022(min-width: 64.0625em)\u0022 type=\u0022image\/webp\u0022 width=\u0022179\u0022 height=\u0022152\u0022\/\u003E\n                  \u003Csource srcset=\u0022\/sites\/default\/files\/styles\/teaser_standard__m\/public\/aurora\/2026\/04\/527036.jpeg?itok=J_14J05a 1x\u0022 media=\u0022(min-width: 48.0625em) and (max-width: 64em)\u0022 type=\u0022image\/jpeg\u0022 width=\u0022285\u0022 height=\u0022242\u0022\/\u003E\n                  \u003Csource srcset=\u0022\/sites\/default\/files\/styles\/teaser_standard__l\/public\/aurora\/2026\/04\/527036.jpeg?itok=oRL_EMbN 1x\u0022 media=\u0022(min-width: 64.0625em)\u0022 type=\u0022image\/jpeg\u0022 width=\u0022179\u0022 height=\u0022152\u0022\/\u003E\n                          \u003Cimg alt=\u0022Claudia Sch\u00f6n (TFZ)\u0022 loading=\u0022eager\u0022 data-caption-hide width=\u0022468\u0022 height=\u0022398\u0022 data-zoomed=\u0022https:\/\/www.kl-magazin.de\/sites\/default\/files\/styles\/content__zoomed\/public\/aurora\/2026\/04\/527036.jpeg?itok=CIugnP-B\u0022 src=\u0022\/sites\/default\/files\/styles\/teaser_standard__s\/public\/aurora\/2026\/04\/527036.jpeg?itok=XEciPEzZ\u0022 title=\u0022\u00a9 Fachverband Schornsteintechnik\u0022 \/\u003E\n\n    \u003C\/picture\u003E\n      \u003Cfigcaption class=\u0022image--figcaption\u0022\u003E\n          \u003Cdiv class=\u0022copyright\u0022\u003EFachverband Schornsteintechnik\u003C\/div\u003E\n          \u003C\/figcaption\u003E\n\u003C\/figure\u003E\n\n\n    \u003C\/div\u003E\n    \u003Cdiv class=\u0022teaser-content\u0022\u003E\n                    \u003Cdiv class=\u0022teaser-content--kicker\u0022\u003E\n                    Wenn Praxis und Norm aufeinandertreffen\n        \u003C\/div\u003E\n                                              \n                        \n        \u003Ch4 class=\u0022teaser-content--headline\u0022\u003E\n                                Staubabscheider, Schornsteinh\u00f6hen, Normen und Sanierung im \n                              \u003Cspan class=\u0022headline-last-word-arrow\u0022\u003EFokus                      \u003C\/span\u003E\n        \u003C\/h4\u003E\n            \u003Cdiv class=\u0022teaser-content--publishing-date\u0022\u003E\u003Ctime datetime=\u00222026-04-01T10:10:07Z\u0022\u003E01.04.2026\u003C\/time\u003E\n\u003C\/div\u003E\u003Cspan class=\u0022teaser-content--publishing-date-divider\u0022\u003E - \u003C\/span\u003E\u003Cdiv class=\u0022teaser-content--body\u0022\u003E  \u003Cp\u003E\u201eDie Praxis zeigt oft andere Ergebnisse als der Pr\u00fcfstand \u2013 und genau deshalb m\u00fcssen wir uns dar\u00fcber austauschen\u201c, sagte Claudia Sch\u00f6n vom Technologie- und F\u00f6rderzentrum (TFZ) w\u00e4hrend ihres Vortrags zur Praxisbewertung von Staubabscheidern. Dieser Satz h\u00e4tte auch als Motto \u00fcber dem technischen...\u003C\/p\u003E\n\n\n\u003C\/div\u003E\n                        \u003Cspan class=\u0022read-more-arrow-container\u0022\u003E\n            \u003Cspan class=\u0022read-more-angled-arrow\u0022\u003E \u003C\/span\u003E\n          \u003C\/span\u003E\n                  \u003C\/div\u003E\n    \u003C\/a\u003E\n\u003Ca href=\u0022\/schornstein\/abgassysteme-neues-dw-statikset-bis-65-meter-freie-auskragung-moeglich\u0022  class=\u0022teaser teaser--standard\u0022 aria-label=\u0022Neues DW-Statikset \u2013 bis 6,5 Meter freie Auskragung m\u00f6glich\u0022\u003E\n      \u003Cdiv class=\u0022teaser-content--image\u0022\u003E\n        \u003Cfigure class=\u0022image--figure\u0022\u003E\n        \u003Cpicture\u003E\n                        \u003Csource srcset=\u0022\/sites\/default\/files\/styles\/teaser_standard__m\/public\/aurora\/2025\/09\/475760.jpeg.webp?itok=gOClWYnD 1x\u0022 media=\u0022(min-width: 48.0625em) and (max-width: 64em)\u0022 type=\u0022image\/webp\u0022 width=\u0022182\u0022 height=\u0022242\u0022\/\u003E\n                  \u003Csource srcset=\u0022\/sites\/default\/files\/styles\/teaser_standard__l\/public\/aurora\/2025\/09\/475760.jpeg.webp?itok=9_X1tS_F 1x\u0022 media=\u0022(min-width: 64.0625em)\u0022 type=\u0022image\/webp\u0022 width=\u0022114\u0022 height=\u0022152\u0022\/\u003E\n                  \u003Csource srcset=\u0022\/sites\/default\/files\/styles\/teaser_standard__m\/public\/aurora\/2025\/09\/475760.jpeg?itok=3fJA6OjW 1x\u0022 media=\u0022(min-width: 48.0625em) and (max-width: 64em)\u0022 type=\u0022image\/jpeg\u0022 width=\u0022182\u0022 height=\u0022242\u0022\/\u003E\n                  \u003Csource srcset=\u0022\/sites\/default\/files\/styles\/teaser_standard__l\/public\/aurora\/2025\/09\/475760.jpeg?itok=6QCmSJz0 1x\u0022 media=\u0022(min-width: 64.0625em)\u0022 type=\u0022image\/jpeg\u0022 width=\u0022114\u0022 height=\u0022152\u0022\/\u003E\n                          \u003Cimg alt=\u0022\u00a0Das neue DW-Statikset von Raab erlaubt bis zu 6,5\u00a0m freie Auskragung mit Nachweis nach DIN\u00a0EN\u00a013084-1:2007.\u0022 loading=\u0022eager\u0022 data-caption-hide width=\u0022299\u0022 height=\u0022398\u0022 data-zoomed=\u0022https:\/\/www.kl-magazin.de\/sites\/default\/files\/styles\/content__zoomed\/public\/aurora\/2025\/09\/475760.jpeg?itok=Ihj75vwj\u0022 src=\u0022\/sites\/default\/files\/styles\/teaser_standard__s\/public\/aurora\/2025\/09\/475760.jpeg?itok=2UifsBTV\u0022 title=\u0022\u00a9 Raab\u0022 \/\u003E\n\n    \u003C\/picture\u003E\n      \u003Cfigcaption class=\u0022image--figcaption\u0022\u003E\n          \u003Cdiv class=\u0022copyright\u0022\u003ERaab\u003C\/div\u003E\n          \u003C\/figcaption\u003E\n\u003C\/figure\u003E\n\n\n    \u003C\/div\u003E\n    \u003Cdiv class=\u0022teaser-content\u0022\u003E\n                    \u003Cdiv class=\u0022teaser-content--kicker\u0022\u003E\n                    Abgassysteme\n        \u003C\/div\u003E\n                                              \n                        \n        \u003Ch4 class=\u0022teaser-content--headline\u0022\u003E\n                                Neues DW-Statikset \u2013 bis 6,5 Meter freie Auskragung \n                              \u003Cspan class=\u0022headline-last-word-arrow\u0022\u003Em\u00f6glich                      \u003C\/span\u003E\n        \u003C\/h4\u003E\n            \u003Cdiv class=\u0022teaser-content--publishing-date\u0022\u003E\u003Ctime datetime=\u00222025-09-02T15:00:48Z\u0022\u003E02.09.2025\u003C\/time\u003E\n\u003C\/div\u003E\u003Cspan class=\u0022teaser-content--publishing-date-divider\u0022\u003E - \u003C\/span\u003E\u003Cdiv class=\u0022teaser-content--body\u0022\u003E\u003Cp\u003E\u0026nbsp;Die Raab-Gruppe stellte im Mai\u0026nbsp; eine Neuheit ihrer Abgassysteme aus Edelstahl vor: das DW-Statikset. Die doppelwandigen Schornsteinelemente punkten durch die freie Auskragung von bis zu 6,5\u0026nbsp;m. Das DW-Statikset ist das erste Produkt am Markt, das f\u00fcr diese Bauweise den Nachweis nach DIN\u0026nbsp;EN\u0026nbsp;13084-1:2007 erf\u00fcllt.\u003C\/p\u003E\n\u003C\/div\u003E\n                        \u003Cspan class=\u0022read-more-arrow-container\u0022\u003E\n            \u003Cspan class=\u0022read-more-angled-arrow\u0022\u003E \u003C\/span\u003E\n          \u003C\/span\u003E\n                  \u003C\/div\u003E\n    \u003C\/a\u003E\n\u003Ca href=\u0022\/schornstein\/schornsteinfeger-was-macht-der-schwarze-mann-der-waermepumpe\u0022  class=\u0022teaser teaser--standard\u0022 aria-label=\u0022Was macht der schwarze Mann an der W\u00e4rmepumpe?\u0022\u003E\n      \u003Cdiv class=\u0022teaser-content--image\u0022\u003E\n        \u003Cfigure class=\u0022image--figure\u0022\u003E\n        \u003Cpicture\u003E\n                        \u003Csource srcset=\u0022\/sites\/default\/files\/styles\/teaser_standard__m\/public\/aurora\/2025\/09\/473062.jpeg.webp?itok=e4r59850 1x\u0022 media=\u0022(min-width: 48.0625em) and (max-width: 64em)\u0022 type=\u0022image\/webp\u0022 width=\u0022323\u0022 height=\u0022177\u0022\/\u003E\n                  \u003Csource srcset=\u0022\/sites\/default\/files\/styles\/teaser_standard__l\/public\/aurora\/2025\/09\/473062.jpeg.webp?itok=5NnhhrNZ 1x\u0022 media=\u0022(min-width: 64.0625em)\u0022 type=\u0022image\/webp\u0022 width=\u0022203\u0022 height=\u0022111\u0022\/\u003E\n                  \u003Csource srcset=\u0022\/sites\/default\/files\/styles\/teaser_standard__m\/public\/aurora\/2025\/09\/473062.jpeg?itok=SdnXF6fC 1x\u0022 media=\u0022(min-width: 48.0625em) and (max-width: 64em)\u0022 type=\u0022image\/jpeg\u0022 width=\u0022323\u0022 height=\u0022177\u0022\/\u003E\n                  \u003Csource srcset=\u0022\/sites\/default\/files\/styles\/teaser_standard__l\/public\/aurora\/2025\/09\/473062.jpeg?itok=rOuqMuOG 1x\u0022 media=\u0022(min-width: 64.0625em)\u0022 type=\u0022image\/jpeg\u0022 width=\u0022203\u0022 height=\u0022111\u0022\/\u003E\n                          \u003Cimg alt=\u0022Die Betriebspr\u00fcfung an W\u00e4rmepumpen wird zuk\u00fcnftig in das Berufsbild des Schornsteinfegers integriert.\u0022 loading=\u0022eager\u0022 data-caption-hide width=\u0022708\u0022 height=\u0022389\u0022 data-zoomed=\u0022https:\/\/www.kl-magazin.de\/sites\/default\/files\/styles\/content__zoomed\/public\/aurora\/2025\/09\/473062.jpeg?itok=qfC0sZr_\u0022 src=\u0022\/sites\/default\/files\/styles\/teaser_standard__s\/public\/aurora\/2025\/09\/473062.jpeg?itok=tpPyzu_V\u0022 title=\u0022\u00a9 Foto: ZIV\u0022 \/\u003E\n\n    \u003C\/picture\u003E\n      \u003Cfigcaption class=\u0022image--figcaption\u0022\u003E\n          \u003Cdiv class=\u0022copyright\u0022\u003EFoto: ZIV\u003C\/div\u003E\n          \u003C\/figcaption\u003E\n\u003C\/figure\u003E\n\n\n    \u003C\/div\u003E\n    \u003Cdiv class=\u0022teaser-content\u0022\u003E\n                    \u003Cdiv class=\u0022teaser-content--kicker\u0022\u003E\n                    \/\/\/\u2002Schornsteinfeger\n        \u003C\/div\u003E\n                                              \n                        \n        \u003Ch4 class=\u0022teaser-content--headline\u0022\u003E\n                                Was macht der schwarze Mann an der \n                              \u003Cspan class=\u0022headline-last-word-arrow\u0022\u003EW\u00e4rmepumpe?              \u003Cspan\n                  class=\u0022permission-lock permission-lock-icon--\u0022\u003E\u003C\/span\u003E\n                                  \u003C\/span\u003E\n        \u003C\/h4\u003E\n            \u003Cdiv class=\u0022teaser-content--publishing-date\u0022\u003E\u003Ctime datetime=\u00222025-09-01T08:23:50Z\u0022\u003E01.09.2025\u003C\/time\u003E\n\u003C\/div\u003E\u003Cspan class=\u0022teaser-content--publishing-date-divider\u0022\u003E - \u003C\/span\u003E\u003Cdiv class=\u0022teaser-content--body\u0022\u003E\u003Cp\u003EDie Energiewende ist in vollem Gange und W\u00e4rmepumpen spielen eine zentrale Rolle in der zuk\u00fcnftigen Heiztechnik. Doch wo sieht sich das Schornsteinfegerhandwerk in dieser Entwicklung? Welche Aufgaben m\u00f6chte beziehungsweise kann das schwarze Traditionshandwerk in diesem Zusammenhang \u00fcbernehmen, denn die \u201eSchwarze Zunft\u201c will k\u00fcnftig auch W\u00e4rmepumpenanlagen \u00fcberpr\u00fcfen. Inwieweit betreffen diese Aktivit\u00e4ten das partnerschaftliche Miteinander im Handwerk?\u003C\/p\u003E\n\u003C\/div\u003E\n                        \u003Cspan class=\u0022read-more-arrow-container\u0022\u003E\n            \u003Cspan class=\u0022read-more-angled-arrow\u0022\u003E \u003C\/span\u003E\n          \u003C\/span\u003E\n                  \u003C\/div\u003E\n    \u003C\/a\u003E\n\u003Ca href=\u0022\/schornstein\/erlutherm-der-speicherofen-im-schornstein\u0022  class=\u0022teaser teaser--standard\u0022 aria-label=\u0022Der Speicherofen im Schornstein\u0022\u003E\n      \u003Cdiv class=\u0022teaser-content--image\u0022\u003E\n        \u003Cfigure class=\u0022image--figure\u0022\u003E\n        \u003Cpicture\u003E\n                        \u003Csource srcset=\u0022\/sites\/default\/files\/styles\/teaser_standard__m\/public\/aurora\/2025\/06\/457622.jpeg.webp?itok=Uu8e0Y28 1x\u0022 media=\u0022(min-width: 48.0625em) and (max-width: 64em)\u0022 type=\u0022image\/webp\u0022 width=\u0022104\u0022 height=\u0022242\u0022\/\u003E\n                  \u003Csource srcset=\u0022\/sites\/default\/files\/styles\/teaser_standard__l\/public\/aurora\/2025\/06\/457622.jpeg.webp?itok=7FBPbBM_ 1x\u0022 media=\u0022(min-width: 64.0625em)\u0022 type=\u0022image\/webp\u0022 width=\u002265\u0022 height=\u0022152\u0022\/\u003E\n                  \u003Csource srcset=\u0022\/sites\/default\/files\/styles\/teaser_standard__m\/public\/aurora\/2025\/06\/457622.jpeg?itok=h4AurA8L 1x\u0022 media=\u0022(min-width: 48.0625em) and (max-width: 64em)\u0022 type=\u0022image\/jpeg\u0022 width=\u0022104\u0022 height=\u0022242\u0022\/\u003E\n                  \u003Csource srcset=\u0022\/sites\/default\/files\/styles\/teaser_standard__l\/public\/aurora\/2025\/06\/457622.jpeg?itok=QVnUuA9B 1x\u0022 media=\u0022(min-width: 64.0625em)\u0022 type=\u0022image\/jpeg\u0022 width=\u002265\u0022 height=\u0022152\u0022\/\u003E\n                          \u003Cimg loading=\u0022eager\u0022 data-caption-hide width=\u0022171\u0022 height=\u0022398\u0022 alt=\u0022Die Schnittzeichnung zeigt das Innenleben des Erlutherm, der Speicherofen im Schornstein.\u00a0\u0022 data-zoomed=\u0022https:\/\/www.kl-magazin.de\/sites\/default\/files\/styles\/content__zoomed\/public\/aurora\/2025\/06\/457622.jpeg?itok=BkZHumBV\u0022 src=\u0022\/sites\/default\/files\/styles\/teaser_standard__s\/public\/aurora\/2025\/06\/457622.jpeg?itok=Hi18ZTzT\u0022 title=\u0022\u00a9 Erlus\u0022 \/\u003E\n\n    \u003C\/picture\u003E\n      \u003Cfigcaption class=\u0022image--figcaption\u0022\u003E\n          \u003Cdiv class=\u0022copyright\u0022\u003EErlus\u003C\/div\u003E\n          \u003C\/figcaption\u003E\n\u003C\/figure\u003E\n\n\n    \u003C\/div\u003E\n    \u003Cdiv class=\u0022teaser-content\u0022\u003E\n                    \u003Cdiv class=\u0022teaser-content--kicker\u0022\u003E\n                    Erlutherm\n        \u003C\/div\u003E\n                                              \n                        \n        \u003Ch4 class=\u0022teaser-content--headline\u0022\u003E\n                                Der Speicherofen im \n                              \u003Cspan class=\u0022headline-last-word-arrow\u0022\u003ESchornstein                      \u003C\/span\u003E\n        \u003C\/h4\u003E\n            \u003Cdiv class=\u0022teaser-content--publishing-date\u0022\u003E\u003Ctime datetime=\u00222025-06-22T15:32:00Z\u0022\u003E22.06.2025\u003C\/time\u003E\n\u003C\/div\u003E\u003Cspan class=\u0022teaser-content--publishing-date-divider\u0022\u003E - \u003C\/span\u003E\u003Cdiv class=\u0022teaser-content--body\u0022\u003E\u003Cp\u003EDie Erlus AG erweitert ihr Produktsortiment im Bereich Schornsteinsysteme mit einer wegweisenden Innovation: Erlutherm \u2013 der Speicherofen im Schornstein \u2013 setzt neue Ma\u00dfst\u00e4be in Sachen Effizienz, Komfort und Nachhaltigkeit. Diese raumluftunabh\u00e4ngige Kombination aus Ofen und Schornstein wurde speziell f\u00fcr das komfortable Heizen in modernen Effizienzh\u00e4usern entwickelt.\u0026nbsp;\u003C\/p\u003E\n\u003C\/div\u003E\n                        \u003Cspan class=\u0022read-more-arrow-container\u0022\u003E\n            \u003Cspan class=\u0022read-more-angled-arrow\u0022\u003E \u003C\/span\u003E\n          \u003C\/span\u003E\n                  \u003C\/div\u003E\n    \u003C\/a\u003E\n\u003Ca href=\u0022\/schornstein\/freie-wahl-bei-der-waermeversorgung-schornstein-erhoeht-die-flexibilitaet-und-macht\u0022  class=\u0022teaser teaser--standard\u0022 aria-label=\u0022Schornstein erh\u00f6ht die Flexibilit\u00e4t und macht unabh\u00e4ngig\u0022\u003E\n      \u003Cdiv class=\u0022teaser-content--image\u0022\u003E\n        \u003Cfigure class=\u0022image--figure\u0022\u003E\n        \u003Cpicture\u003E\n                        \u003Csource srcset=\u0022\/sites\/default\/files\/styles\/teaser_standard__m\/public\/aurora\/2024\/05\/366592.jpeg.webp?itok=gadGEoxe 1x\u0022 media=\u0022(min-width: 48.0625em) and (max-width: 64em)\u0022 type=\u0022image\/webp\u0022 width=\u0022323\u0022 height=\u0022215\u0022\/\u003E\n                  \u003Csource srcset=\u0022\/sites\/default\/files\/styles\/teaser_standard__l\/public\/aurora\/2024\/05\/366592.jpeg.webp?itok=9PC1WA5Z 1x\u0022 media=\u0022(min-width: 64.0625em)\u0022 type=\u0022image\/webp\u0022 width=\u0022203\u0022 height=\u0022135\u0022\/\u003E\n                  \u003Csource srcset=\u0022\/sites\/default\/files\/styles\/teaser_standard__m\/public\/aurora\/2024\/05\/366592.jpeg?itok=HaGEXVaI 1x\u0022 media=\u0022(min-width: 48.0625em) and (max-width: 64em)\u0022 type=\u0022image\/jpeg\u0022 width=\u0022323\u0022 height=\u0022215\u0022\/\u003E\n                  \u003Csource srcset=\u0022\/sites\/default\/files\/styles\/teaser_standard__l\/public\/aurora\/2024\/05\/366592.jpeg?itok=9E92jYNG 1x\u0022 media=\u0022(min-width: 64.0625em)\u0022 type=\u0022image\/jpeg\u0022 width=\u0022203\u0022 height=\u0022135\u0022\/\u003E\n                          \u003Cimg alt=\u0022 \u00a0Ein nachtr\u00e4glich installierter Edelstahlschornstein kann f\u00fcr alle Feuerst\u00e4tten genutzt werden\u0022 loading=\u0022eager\u0022 data-caption-hide width=\u0022597\u0022 height=\u0022398\u0022 data-zoomed=\u0022https:\/\/www.kl-magazin.de\/sites\/default\/files\/styles\/content__zoomed\/public\/aurora\/2024\/05\/366592.jpeg?itok=T_4repOq\u0022 src=\u0022\/sites\/default\/files\/styles\/teaser_standard__s\/public\/aurora\/2024\/05\/366592.jpeg?itok=QSzVartQ\u0022 title=\u0022\u00a9 HKI\n\u0022 \/\u003E\n\n    \u003C\/picture\u003E\n      \u003Cfigcaption class=\u0022image--figcaption\u0022\u003E\n          \u003Cdiv class=\u0022copyright\u0022\u003EHKI\n\u003C\/div\u003E\n          \u003C\/figcaption\u003E\n\u003C\/figure\u003E\n\n\n    \u003C\/div\u003E\n    \u003Cdiv class=\u0022teaser-content\u0022\u003E\n                    \u003Cdiv class=\u0022teaser-content--kicker\u0022\u003E\n                    Freie Wahl bei der W\u00e4rmeversorgung\n        \u003C\/div\u003E\n                                              \n                        \n        \u003Ch4 class=\u0022teaser-content--headline\u0022\u003E\n                                Schornstein erh\u00f6ht die Flexibilit\u00e4t und macht \n                              \u003Cspan class=\u0022headline-last-word-arrow\u0022\u003Eunabh\u00e4ngig                      \u003C\/span\u003E\n        \u003C\/h4\u003E\n            \u003Cdiv class=\u0022teaser-content--publishing-date\u0022\u003E\u003Ctime datetime=\u00222024-05-25T14:09:21Z\u0022\u003E25.05.2024\u003C\/time\u003E\n\u003C\/div\u003E\u003Cspan class=\u0022teaser-content--publishing-date-divider\u0022\u003E - \u003C\/span\u003E\u003Cdiv class=\u0022teaser-content--body\u0022\u003E\u003Cp\u003EWer einen Neubau plant, sollte auf jeden Fall an den Schornstein denken. Aber auch Bestandsgeb\u00e4ude k\u00f6nnen mit einem Schornstein nachger\u00fcstet werden, denn die gro\u00dfe Mehrheit der Immobilienbesitzer w\u00fcnscht sich fr\u00fcher oder sp\u00e4ter neben der Zentralheizung eine weitere nachhaltige W\u00e4rmequelle wie ein Kaminfeuer, bei dem Versorgungssicherheit und Unabh\u00e4ngigkeit von fossilen Brennstoffen im Mittelpunkt stehen. Wichtig zu wissen: Auch bei der Kombination von regenerativen Heizenergien \u00fcbernimmt der Schornstein als Versorgungs- und Abgaskanal eine zentrale Rolle. Darauf weist der HKI Industrieverband Haus-, Heiz- und K\u00fcchentechnik e.V. hin, der die Hersteller moderner Feuerst\u00e4tten vertritt.\u003C\/p\u003E\n\u003C\/div\u003E\n                        \u003Cspan class=\u0022read-more-arrow-container\u0022\u003E\n            \u003Cspan class=\u0022read-more-angled-arrow\u0022\u003E \u003C\/span\u003E\n          \u003C\/span\u003E\n                  \u003C\/div\u003E\n    \u003C\/a\u003E\n\u003Ca href=\u0022\/schornstein\/schiedel-alberto-kolmel-zum-ceo-und-prasidenten-ernannt\u0022  class=\u0022teaser teaser--standard\u0022 aria-label=\u0022Alberto Ko\u0308lmel zum CEO und Pra\u0308sidenten ernannt\u0022\u003E\n      \u003Cdiv class=\u0022teaser-content--image\u0022\u003E\n        \u003Cfigure class=\u0022image--figure\u0022\u003E\n        \u003Cpicture\u003E\n                        \u003Csource srcset=\u0022\/sites\/default\/files\/styles\/teaser_standard__m\/public\/aurora\/2024\/05\/363242.jpeg.webp?itok=I7Db4l_f 1x\u0022 media=\u0022(min-width: 48.0625em) and (max-width: 64em)\u0022 type=\u0022image\/webp\u0022 width=\u0022323\u0022 height=\u0022235\u0022\/\u003E\n                  \u003Csource srcset=\u0022\/sites\/default\/files\/styles\/teaser_standard__l\/public\/aurora\/2024\/05\/363242.jpeg.webp?itok=QUXZ0om0 1x\u0022 media=\u0022(min-width: 64.0625em)\u0022 type=\u0022image\/webp\u0022 width=\u0022203\u0022 height=\u0022148\u0022\/\u003E\n                  \u003Csource srcset=\u0022\/sites\/default\/files\/styles\/teaser_standard__m\/public\/aurora\/2024\/05\/363242.jpeg?itok=6Wd_WMff 1x\u0022 media=\u0022(min-width: 48.0625em) and (max-width: 64em)\u0022 type=\u0022image\/jpeg\u0022 width=\u0022323\u0022 height=\u0022235\u0022\/\u003E\n                  \u003Csource srcset=\u0022\/sites\/default\/files\/styles\/teaser_standard__l\/public\/aurora\/2024\/05\/363242.jpeg?itok=HMWMu4Ja 1x\u0022 media=\u0022(min-width: 64.0625em)\u0022 type=\u0022image\/jpeg\u0022 width=\u0022203\u0022 height=\u0022148\u0022\/\u003E\n                          \u003Cimg alt=\u0022 Alberto K\u00f6lmel\u0022 loading=\u0022eager\u0022 data-caption-hide width=\u0022548\u0022 height=\u0022398\u0022 data-zoomed=\u0022https:\/\/www.kl-magazin.de\/sites\/default\/files\/styles\/content__zoomed\/public\/aurora\/2024\/05\/363242.jpeg?itok=TjWQEWfH\u0022 src=\u0022\/sites\/default\/files\/styles\/teaser_standard__s\/public\/aurora\/2024\/05\/363242.jpeg?itok=MizDLCq8\u0022 title=\u0022\u00a9 Schiedel\n\u0022 \/\u003E\n\n    \u003C\/picture\u003E\n      \u003Cfigcaption class=\u0022image--figcaption\u0022\u003E\n          \u003Cdiv class=\u0022copyright\u0022\u003ESchiedel\n\u003C\/div\u003E\n          \u003C\/figcaption\u003E\n\u003C\/figure\u003E\n\n\n    \u003C\/div\u003E\n    \u003Cdiv class=\u0022teaser-content\u0022\u003E\n                    \u003Cdiv class=\u0022teaser-content--kicker\u0022\u003E\n                    Schiedel\n        \u003C\/div\u003E\n                                              \n                        \n        \u003Ch4 class=\u0022teaser-content--headline\u0022\u003E\n                                Alberto Ko\u0308lmel zum CEO und Pra\u0308sidenten \n                              \u003Cspan class=\u0022headline-last-word-arrow\u0022\u003Eernannt                      \u003C\/span\u003E\n        \u003C\/h4\u003E\n            \u003Cdiv class=\u0022teaser-content--publishing-date\u0022\u003E\u003Ctime datetime=\u00222024-05-12T14:51:06Z\u0022\u003E12.05.2024\u003C\/time\u003E\n\u003C\/div\u003E\u003Cspan class=\u0022teaser-content--publishing-date-divider\u0022\u003E - \u003C\/span\u003E\u003Cdiv class=\u0022teaser-content--body\u0022\u003E\u003Cp\u003ESchiedel International hat die Ernennung von Alberto Ko\u0308lmel zum CEO und Pra\u0308sidenten von Schiedel International mit Wirkung zum 1. Mai bekannt gegeben. Ko\u0308lmel folgt auf Alessandro Cappellini, der die Rolle des Managing Director Solar bei der BMI Group u\u0308ber- nommen hat. BMI Group und Schiedel International sind Unternehmen von Standard In- dustries. Schiedel, Europas fu\u0308hrender Anbieter von Schornsteinen,\u003C\/p\u003E\n\u003C\/div\u003E\n                        \u003Cspan class=\u0022read-more-arrow-container\u0022\u003E\n            \u003Cspan class=\u0022read-more-angled-arrow\u0022\u003E \u003C\/span\u003E\n          \u003C\/span\u003E\n                  \u003C\/div\u003E\n    \u003C\/a\u003E\n\u003Ca href=\u0022\/schornstein\/schornsteinfegerhandwerk-kampagnenauftakt-berlin\u0022  class=\u0022teaser teaser--standard\u0022 aria-label=\u0022Kampagnenauftakt in Berlin\u0022\u003E\n      \u003Cdiv class=\u0022teaser-content--image\u0022\u003E\n        \u003Cfigure class=\u0022image--figure\u0022\u003E\n        \u003Cpicture\u003E\n                        \u003Csource srcset=\u0022\/sites\/default\/files\/styles\/teaser_standard__m\/public\/aurora\/2024\/01\/336209.jpeg.webp?itok=KenzZ4Uz 1x\u0022 media=\u0022(min-width: 48.0625em) and (max-width: 64em)\u0022 type=\u0022image\/webp\u0022 width=\u0022323\u0022 height=\u0022228\u0022\/\u003E\n                  \u003Csource srcset=\u0022\/sites\/default\/files\/styles\/teaser_standard__l\/public\/aurora\/2024\/01\/336209.jpeg.webp?itok=txMyeweC 1x\u0022 media=\u0022(min-width: 64.0625em)\u0022 type=\u0022image\/webp\u0022 width=\u0022203\u0022 height=\u0022144\u0022\/\u003E\n                  \u003Csource srcset=\u0022\/sites\/default\/files\/styles\/teaser_standard__m\/public\/aurora\/2024\/01\/336209.jpeg?itok=IIPESF5D 1x\u0022 media=\u0022(min-width: 48.0625em) and (max-width: 64em)\u0022 type=\u0022image\/jpeg\u0022 width=\u0022323\u0022 height=\u0022228\u0022\/\u003E\n                  \u003Csource srcset=\u0022\/sites\/default\/files\/styles\/teaser_standard__l\/public\/aurora\/2024\/01\/336209.jpeg?itok=Qu1bElhI 1x\u0022 media=\u0022(min-width: 64.0625em)\u0022 type=\u0022image\/jpeg\u0022 width=\u0022203\u0022 height=\u0022144\u0022\/\u003E\n                          \u003Cimg loading=\u0022eager\u0022 data-caption-hide width=\u0022563\u0022 height=\u0022398\u0022 data-zoomed=\u0022https:\/\/www.kl-magazin.de\/sites\/default\/files\/styles\/content__zoomed\/public\/aurora\/2024\/01\/336209.jpeg?itok=QDBssAmR\u0022 src=\u0022\/sites\/default\/files\/styles\/teaser_standard__s\/public\/aurora\/2024\/01\/336209.jpeg?itok=1kOy1O3T\u0022 title=\u0022\u00a9 Bundesverband des Schornsteinfegerhandwerks\n\u0022 \/\u003E\n\n    \u003C\/picture\u003E\n      \u003Cfigcaption class=\u0022image--figcaption\u0022\u003E\n          \u003Cdiv class=\u0022copyright\u0022\u003EBundesverband des Schornsteinfegerhandwerks\n\u003C\/div\u003E\n          \u003C\/figcaption\u003E\n\u003C\/figure\u003E\n\n\n    \u003C\/div\u003E\n    \u003Cdiv class=\u0022teaser-content\u0022\u003E\n                    \u003Cdiv class=\u0022teaser-content--kicker\u0022\u003E\n                    Schornsteinfegerhandwerk\n        \u003C\/div\u003E\n                                              \n                        \n        \u003Ch4 class=\u0022teaser-content--headline\u0022\u003E\n                                Kampagnenauftakt in \n                              \u003Cspan class=\u0022headline-last-word-arrow\u0022\u003EBerlin                      \u003C\/span\u003E\n        \u003C\/h4\u003E\n            \u003Cdiv class=\u0022teaser-content--publishing-date\u0022\u003E\u003Ctime datetime=\u00222024-01-22T12:48:57Z\u0022\u003E22.01.2024\u003C\/time\u003E\n\u003C\/div\u003E\u003Cspan class=\u0022teaser-content--publishing-date-divider\u0022\u003E - \u003C\/span\u003E\u003Cdiv class=\u0022teaser-content--body\u0022\u003E\u003Cp\u003EAm \u201eyoung generation hub\u201c w\u00e4hrend der Messe \u201eGru\u0308ne Woche\u201c vom 19.\u201328. Januar 2024 in Berlin stellt das Schornsteinfegerhandwerk seine neue Ausbildungskampagne vor. Am Messestand 255 in Halle 6.2b k\u00f6nnen Schu\u0308lerinnen und Schu\u0308ler an verschiedenen Stationen den Beruf ausprobieren, ihre Skills testen oder sich direkt fu\u0308r ein Praktikum bewerben.\u003C\/p\u003E\n\u003C\/div\u003E\n                        \u003Cspan class=\u0022read-more-arrow-container\u0022\u003E\n            \u003Cspan class=\u0022read-more-angled-arrow\u0022\u003E \u003C\/span\u003E\n          \u003C\/span\u003E\n                  \u003C\/div\u003E\n    \u003C\/a\u003E\n\u003Ca href=\u0022\/schornstein\/deutsche-meisterschaft-im-handwerk-2023-robin-mauss-ist-deutschlands-bester\u0022  class=\u0022teaser teaser--standard\u0022 aria-label=\u0022Robin Mau\u00df ist Deutschlands bester Nachwuchsschornsteinfeger\u0022\u003E\n      \u003Cdiv class=\u0022teaser-content--image\u0022\u003E\n        \u003Cfigure class=\u0022image--figure\u0022\u003E\n        \u003Cpicture\u003E\n                        \u003Csource srcset=\u0022\/sites\/default\/files\/styles\/teaser_standard__m\/public\/aurora\/2023\/11\/322716.jpeg.webp?itok=Js2NOWBc 1x\u0022 media=\u0022(min-width: 48.0625em) and (max-width: 64em)\u0022 type=\u0022image\/webp\u0022 width=\u0022187\u0022 height=\u0022242\u0022\/\u003E\n                  \u003Csource srcset=\u0022\/sites\/default\/files\/styles\/teaser_standard__l\/public\/aurora\/2023\/11\/322716.jpeg.webp?itok=Nk59leCS 1x\u0022 media=\u0022(min-width: 64.0625em)\u0022 type=\u0022image\/webp\u0022 width=\u0022118\u0022 height=\u0022152\u0022\/\u003E\n                  \u003Csource srcset=\u0022\/sites\/default\/files\/styles\/teaser_standard__m\/public\/aurora\/2023\/11\/322716.jpeg?itok=9hIC-1mD 1x\u0022 media=\u0022(min-width: 48.0625em) and (max-width: 64em)\u0022 type=\u0022image\/jpeg\u0022 width=\u0022187\u0022 height=\u0022242\u0022\/\u003E\n                  \u003Csource srcset=\u0022\/sites\/default\/files\/styles\/teaser_standard__l\/public\/aurora\/2023\/11\/322716.jpeg?itok=ZO79sP-I 1x\u0022 media=\u0022(min-width: 64.0625em)\u0022 type=\u0022image\/jpeg\u0022 width=\u0022118\u0022 height=\u0022152\u0022\/\u003E\n                          \u003Cimg alt=\u0022Robin Mau\u00df\u0022 loading=\u0022eager\u0022 data-caption-hide width=\u0022308\u0022 height=\u0022398\u0022 data-zoomed=\u0022https:\/\/www.kl-magazin.de\/sites\/default\/files\/styles\/content__zoomed\/public\/aurora\/2023\/11\/322716.jpeg?itok=Rq5go-ql\u0022 src=\u0022\/sites\/default\/files\/styles\/teaser_standard__s\/public\/aurora\/2023\/11\/322716.jpeg?itok=y41QNJeW\u0022 title=\u0022\u00a9 Schornsteinfeger-Verband\n\u0022 \/\u003E\n\n    \u003C\/picture\u003E\n      \u003Cfigcaption class=\u0022image--figcaption\u0022\u003E\n          \u003Cdiv class=\u0022copyright\u0022\u003ESchornsteinfeger-Verband\n\u003C\/div\u003E\n          \u003C\/figcaption\u003E\n\u003C\/figure\u003E\n\n\n    \u003C\/div\u003E\n    \u003Cdiv class=\u0022teaser-content\u0022\u003E\n                    \u003Cdiv class=\u0022teaser-content--kicker\u0022\u003E\n                    Deutsche Meisterschaft im Handwerk 2023\n        \u003C\/div\u003E\n                                              \n                        \n        \u003Ch4 class=\u0022teaser-content--headline\u0022\u003E\n                                Robin Mau\u00df ist Deutschlands bester \n                              \u003Cspan class=\u0022headline-last-word-arrow\u0022\u003ENachwuchsschornsteinfeger                      \u003C\/span\u003E\n        \u003C\/h4\u003E\n            \u003Cdiv class=\u0022teaser-content--publishing-date\u0022\u003E\u003Ctime datetime=\u00222023-11-14T12:25:55Z\u0022\u003E14.11.2023\u003C\/time\u003E\n\u003C\/div\u003E\u003Cspan class=\u0022teaser-content--publishing-date-divider\u0022\u003E - \u003C\/span\u003E\u003Cdiv class=\u0022teaser-content--body\u0022\u003E  \u003Cp\u003EEinmal im Jahr findet im Schornsteinfegerhandwerk die \u201eDeutsche Meisterschaft im Handwerk \u2013 German Craft Skills\u201c statt, bei denen sich die besten Gesellinnen und Gesellen des Gewerks auf Bundesebene messen. In diesem Jahr haben sich zwei Gesellinnen und acht Gesellen fu\u0308r den Bundesentscheid...\u003C\/p\u003E\n\n\n\u003C\/div\u003E\n                        \u003Cspan class=\u0022read-more-arrow-container\u0022\u003E\n            \u003Cspan class=\u0022read-more-angled-arrow\u0022\u003E \u003C\/span\u003E\n          \u003C\/span\u003E\n                  \u003C\/div\u003E\n    \u003C\/a\u003E\n\u003Ca href=\u0022\/schornstein\/teleskop-abspannset-bis-zu-55-meter-schornsteinhoehe-ueber-dach\u0022  class=\u0022teaser teaser--standard\u0022 aria-label=\u0022Bis zu 5,5 Meter Schornsteinh\u00f6he \u00fcber Dach\u0022\u003E\n      \u003Cdiv class=\u0022teaser-content--image\u0022\u003E\n        \u003Cfigure class=\u0022image--figure\u0022\u003E\n        \u003Cpicture\u003E\n                        \u003Csource srcset=\u0022\/sites\/default\/files\/styles\/teaser_standard__m\/public\/aurora\/2023\/07\/297202.jpeg.webp?itok=6pPGm441 1x\u0022 media=\u0022(min-width: 48.0625em) and (max-width: 64em)\u0022 type=\u0022image\/webp\u0022 width=\u0022159\u0022 height=\u0022242\u0022\/\u003E\n                  \u003Csource srcset=\u0022\/sites\/default\/files\/styles\/teaser_standard__l\/public\/aurora\/2023\/07\/297202.jpeg.webp?itok=Rkiq3AJm 1x\u0022 media=\u0022(min-width: 64.0625em)\u0022 type=\u0022image\/webp\u0022 width=\u0022100\u0022 height=\u0022152\u0022\/\u003E\n                  \u003Csource srcset=\u0022\/sites\/default\/files\/styles\/teaser_standard__m\/public\/aurora\/2023\/07\/297202.jpeg?itok=Dvpo89T8 1x\u0022 media=\u0022(min-width: 48.0625em) and (max-width: 64em)\u0022 type=\u0022image\/jpeg\u0022 width=\u0022159\u0022 height=\u0022242\u0022\/\u003E\n                  \u003Csource srcset=\u0022\/sites\/default\/files\/styles\/teaser_standard__l\/public\/aurora\/2023\/07\/297202.jpeg?itok=JlYRtYID 1x\u0022 media=\u0022(min-width: 64.0625em)\u0022 type=\u0022image\/jpeg\u0022 width=\u0022100\u0022 height=\u0022152\u0022\/\u003E\n                          \u003Cimg alt=\u0022Das Teleskop-Abspannset aus dem Hause Raab: Bis zu 5,5 m oberhalb der letzten statischen Wandbefestigung oder Sparrenhalterung k\u00f6nnen damit doppelwandige Edelstahl-Abgasanlagen \u00fcber Dach gef\u00fchrt werden.\u0022 loading=\u0022eager\u0022 data-caption-hide width=\u0022261\u0022 height=\u0022398\u0022 data-zoomed=\u0022https:\/\/www.kl-magazin.de\/sites\/default\/files\/styles\/content__zoomed\/public\/aurora\/2023\/07\/297202.jpeg?itok=FnTn_s6w\u0022 src=\u0022\/sites\/default\/files\/styles\/teaser_standard__s\/public\/aurora\/2023\/07\/297202.jpeg?itok=gvqpxkL3\u0022 title=\u0022\u00a9 Raab\n\u0022 \/\u003E\n\n    \u003C\/picture\u003E\n      \u003Cfigcaption class=\u0022image--figcaption\u0022\u003E\n          \u003Cdiv class=\u0022copyright\u0022\u003ERaab\n\u003C\/div\u003E\n          \u003C\/figcaption\u003E\n\u003C\/figure\u003E\n\n\n    \u003C\/div\u003E\n    \u003Cdiv class=\u0022teaser-content\u0022\u003E\n                    \u003Cdiv class=\u0022teaser-content--kicker\u0022\u003E\n                    Teleskop-Abspannset\n        \u003C\/div\u003E\n                                              \n                        \n        \u003Ch4 class=\u0022teaser-content--headline\u0022\u003E\n                                Bis zu 5,5 Meter Schornsteinh\u00f6he \u00fcber \n                              \u003Cspan class=\u0022headline-last-word-arrow\u0022\u003EDach                      \u003C\/span\u003E\n        \u003C\/h4\u003E\n            \u003Cdiv class=\u0022teaser-content--publishing-date\u0022\u003E\u003Ctime datetime=\u00222023-07-24T14:24:13Z\u0022\u003E24.07.2023\u003C\/time\u003E\n\u003C\/div\u003E\u003Cspan class=\u0022teaser-content--publishing-date-divider\u0022\u003E - \u003C\/span\u003E\u003Cdiv class=\u0022teaser-content--body\u0022\u003E\u003Cp\u003EDurch die neuen Ableitbedingungen, die seit 1. Januar 2022 gelten und in \u00a7\u0026nbsp;19 der 1.\u0026nbsp;BImSchV festgelegt sind, ver\u00e4nderte sich f\u00fcr Neubauten die vorgeschriebene Schornsteinh\u00f6he \u00fcber Dach. Ziel ist es, Emissionen besser abzuleiten und Belastungen in der Nachbarschaft zu vermeiden. Dies erfordert, je nach Abstand des Schornsteins vom First, teils sehr hohe Schornsteinkonstruktionen. Mit dem Teleskop-Abspannset von Raab f\u00fcr doppelwandige Edelstahl-Abgasanlagen lassen sich diese Anforderungen erf\u00fcllen: Bis zu 5,5\u0026nbsp;Meter oberhalb der letzten statischen Wandbefestigung oder Sparrenhalterung sind m\u00f6glich.\u003C\/p\u003E\n\u003C\/div\u003E\n                        \u003Cspan class=\u0022read-more-arrow-container\u0022\u003E\n            \u003Cspan class=\u0022read-more-angled-arrow\u0022\u003E \u003C\/span\u003E\n          \u003C\/span\u003E\n                  \u003C\/div\u003E\n    \u003C\/a\u003E\n\u003Ca href=\u0022\/schornstein\/nun-auch-fuer-gemauerte-schornsteine-feinstaub-abscheider-airjekt-1-ceramic-mit-neuer\u0022  class=\u0022teaser teaser--standard\u0022 aria-label=\u0022Feinstaub-Abscheider Airjekt 1 Ceramic mit neuer DIBt-Zulassung\u0022\u003E\n      \u003Cdiv class=\u0022teaser-content--image\u0022\u003E\n        \u003Cfigure class=\u0022image--figure\u0022\u003E\n        \u003Cpicture\u003E\n                        \u003Csource srcset=\u0022\/sites\/default\/files\/styles\/teaser_standard__m\/public\/aurora\/2023\/07\/294095.jpeg.webp?itok=tb2xphNd 1x\u0022 media=\u0022(min-width: 48.0625em) and (max-width: 64em)\u0022 type=\u0022image\/webp\u0022 width=\u0022171\u0022 height=\u0022242\u0022\/\u003E\n                  \u003Csource srcset=\u0022\/sites\/default\/files\/styles\/teaser_standard__l\/public\/aurora\/2023\/07\/294095.jpeg.webp?itok=VSl_gE9H 1x\u0022 media=\u0022(min-width: 64.0625em)\u0022 type=\u0022image\/webp\u0022 width=\u0022107\u0022 height=\u0022152\u0022\/\u003E\n                  \u003Csource srcset=\u0022\/sites\/default\/files\/styles\/teaser_standard__m\/public\/aurora\/2023\/07\/294095.jpeg?itok=5xICs87n 1x\u0022 media=\u0022(min-width: 48.0625em) and (max-width: 64em)\u0022 type=\u0022image\/jpeg\u0022 width=\u0022171\u0022 height=\u0022242\u0022\/\u003E\n                  \u003Csource srcset=\u0022\/sites\/default\/files\/styles\/teaser_standard__l\/public\/aurora\/2023\/07\/294095.jpeg?itok=yrjm3sIs 1x\u0022 media=\u0022(min-width: 64.0625em)\u0022 type=\u0022image\/jpeg\u0022 width=\u0022107\u0022 height=\u0022152\u0022\/\u003E\n                          \u003Cimg alt=\u0022Der Airjekt 1 Ceramic ist f\u00fcr den Dauerbetrieb geeignet.\u0022 loading=\u0022eager\u0022 data-caption-hide width=\u0022281\u0022 height=\u0022398\u0022 data-zoomed=\u0022https:\/\/www.kl-magazin.de\/sites\/default\/files\/styles\/content__zoomed\/public\/aurora\/2023\/07\/294095.jpeg?itok=lLn8C31a\u0022 src=\u0022\/sites\/default\/files\/styles\/teaser_standard__s\/public\/aurora\/2023\/07\/294095.jpeg?itok=DsC_7FW4\u0022 title=\u0022\u00a9 Kutzner + Weber\n\u0022 \/\u003E\n\n    \u003C\/picture\u003E\n      \u003Cfigcaption class=\u0022image--figcaption\u0022\u003E\n          \u003Cdiv class=\u0022copyright\u0022\u003EKutzner + Weber\n\u003C\/div\u003E\n          \u003C\/figcaption\u003E\n\u003C\/figure\u003E\n\n\n    \u003C\/div\u003E\n    \u003Cdiv class=\u0022teaser-content\u0022\u003E\n                    \u003Cdiv class=\u0022teaser-content--kicker\u0022\u003E\n                    Nun auch f\u00fcr gemauerte Schornsteine\n        \u003C\/div\u003E\n                                              \n                        \n        \u003Ch4 class=\u0022teaser-content--headline\u0022\u003E\n                                Feinstaub-Abscheider Airjekt 1 Ceramic mit neuer \n                              \u003Cspan class=\u0022headline-last-word-arrow\u0022\u003EDIBt-Zulassung                      \u003C\/span\u003E\n        \u003C\/h4\u003E\n            \u003Cdiv class=\u0022teaser-content--publishing-date\u0022\u003E\u003Ctime datetime=\u00222023-07-11T08:56:52Z\u0022\u003E11.07.2023\u003C\/time\u003E\n\u003C\/div\u003E\u003Cspan class=\u0022teaser-content--publishing-date-divider\u0022\u003E - \u003C\/span\u003E\u003Cdiv class=\u0022teaser-content--body\u0022\u003E\u003Cp\u003EJetzt ist es amtlich: Der Partikelabscheider Airjekt 1 Ceramic verf\u00fcgt nun zus\u00e4tzlich \u00fcber die Zulassung f\u00fcr den Einbau in gemauerte Schornsteine ohne Innenrohr. Dies best\u00e4tigt das Deutsche Institut f\u00fcr Bautechnik (DIBt) Kutzner + Weber, einem Unternehmen der Raab-Gruppe. Auch die geforderte Dichtheit des Schornstein-Reinigungsverschlusses sowie dessen feuerhemmende Eigenschaften sind gew\u00e4hrleistet.\u003C\/p\u003E\n\u003C\/div\u003E\n                        \u003Cspan class=\u0022read-more-arrow-container\u0022\u003E\n            \u003Cspan class=\u0022read-more-angled-arrow\u0022\u003E \u003C\/span\u003E\n          \u003C\/span\u003E\n                  \u003C\/div\u003E\n    \u003C\/a\u003E\n\u003Ca href=\u0022\/schornstein\/schornstein-vergessen-kein-problem-nachtraegliche-schornsteinmontage-macht-ofenbetrieb\u0022  class=\u0022teaser teaser--standard\u0022 aria-label=\u0022Nachtr\u00e4gliche Schornsteinmontage macht Ofenbetrieb m\u00f6glich\u0022\u003E\n      \u003Cdiv class=\u0022teaser-content--image\u0022\u003E\n        \u003Cfigure class=\u0022image--figure\u0022\u003E\n        \u003Cpicture\u003E\n                        \u003Csource srcset=\u0022\/sites\/default\/files\/styles\/teaser_standard__m\/public\/aurora\/2022\/09\/226297.jpeg.webp?itok=LnqA0Mps 1x\u0022 media=\u0022(min-width: 48.0625em) and (max-width: 64em)\u0022 type=\u0022image\/webp\u0022 width=\u0022178\u0022 height=\u0022242\u0022\/\u003E\n                  \u003Csource srcset=\u0022\/sites\/default\/files\/styles\/teaser_standard__l\/public\/aurora\/2022\/09\/226297.jpeg.webp?itok=UZM6traH 1x\u0022 media=\u0022(min-width: 64.0625em)\u0022 type=\u0022image\/webp\u0022 width=\u0022112\u0022 height=\u0022152\u0022\/\u003E\n                  \u003Csource srcset=\u0022\/sites\/default\/files\/styles\/teaser_standard__m\/public\/aurora\/2022\/09\/226297.jpeg?itok=7iRm4ozX 1x\u0022 media=\u0022(min-width: 48.0625em) and (max-width: 64em)\u0022 type=\u0022image\/jpeg\u0022 width=\u0022178\u0022 height=\u0022242\u0022\/\u003E\n                  \u003Csource srcset=\u0022\/sites\/default\/files\/styles\/teaser_standard__l\/public\/aurora\/2022\/09\/226297.jpeg?itok=T4qOPrnC 1x\u0022 media=\u0022(min-width: 64.0625em)\u0022 type=\u0022image\/jpeg\u0022 width=\u0022112\u0022 height=\u0022152\u0022\/\u003E\n                          \u003Cimg alt=\u0022                               \u0022 loading=\u0022eager\u0022 data-caption-hide width=\u0022292\u0022 height=\u0022398\u0022 data-zoomed=\u0022https:\/\/www.kl-magazin.de\/sites\/default\/files\/styles\/content__zoomed\/public\/aurora\/2022\/09\/226297.jpeg?itok=VlCocY7d\u0022 src=\u0022\/sites\/default\/files\/styles\/teaser_standard__s\/public\/aurora\/2022\/09\/226297.jpeg?itok=8-KTvLss\u0022 title=\u0022\u00a9 Schiedel\n\u0022 \/\u003E\n\n    \u003C\/picture\u003E\n      \u003Cfigcaption class=\u0022image--figcaption\u0022\u003E\n          \u003Cdiv class=\u0022copyright\u0022\u003ESchiedel\n\u003C\/div\u003E\n          \u003C\/figcaption\u003E\n\u003C\/figure\u003E\n\n\n    \u003C\/div\u003E\n    \u003Cdiv class=\u0022teaser-content\u0022\u003E\n                    \u003Cdiv class=\u0022teaser-content--kicker\u0022\u003E\n                    Schornstein vergessen? \u2013 Kein Problem!\n        \u003C\/div\u003E\n                                              \n                        \n        \u003Ch4 class=\u0022teaser-content--headline\u0022\u003E\n                                Nachtr\u00e4gliche Schornsteinmontage macht Ofenbetrieb \n                              \u003Cspan class=\u0022headline-last-word-arrow\u0022\u003Em\u00f6glich                      \u003C\/span\u003E\n        \u003C\/h4\u003E\n            \u003Cdiv class=\u0022teaser-content--publishing-date\u0022\u003E\u003Ctime datetime=\u00222022-09-20T12:39:21Z\u0022\u003E20.09.2022\u003C\/time\u003E\n\u003C\/div\u003E\u003Cspan class=\u0022teaser-content--publishing-date-divider\u0022\u003E - \u003C\/span\u003E\u003Cdiv class=\u0022teaser-content--body\u0022\u003E\u003Cp\u003EDie aktuelle Energiepreisentwicklung und -versorgungslage l\u00e4sst so manchen Hausbesitzer aufhorchen. Ein Zuheizen mit dem heimischen Brennstoff Holz mit einem Kamin- oder Kachelofen ist hier eine gute und sichere Option es warm und gem\u00fctlichzu halten und dazu den Geldbeutel sowie die Umwelt nachhaltig zu schonen.Voraussetzung f\u00fcr den sicheren Ofenbetrieb ist ein Schornstein im Geb\u00e4ude. Wurdedieser beim Hausbau aus Kostengr\u00fcnden weggelassen oder schlichtweg vergessen ist noch nicht alles verloren\u003C\/p\u003E\n\u003C\/div\u003E\n                        \u003Cspan class=\u0022read-more-arrow-container\u0022\u003E\n            \u003Cspan class=\u0022read-more-angled-arrow\u0022\u003E \u003C\/span\u003E\n          \u003C\/span\u003E\n                  \u003C\/div\u003E\n    \u003C\/a\u003E\n\u003Ca href=\u0022\/schornstein\/heizen-mit-holz-nachhaltig-statt-kostspielig-0\u0022  class=\u0022teaser teaser--standard\u0022 aria-label=\u0022Nachhaltig statt kostspielig\u0022\u003E\n      \u003Cdiv class=\u0022teaser-content--image\u0022\u003E\n        \u003Cfigure class=\u0022image--figure\u0022\u003E\n        \u003Cpicture\u003E\n                        \u003Csource srcset=\u0022\/sites\/default\/files\/styles\/teaser_standard__m\/public\/aurora\/2022\/08\/217793.jpeg.webp?itok=Rs55-Sye 1x\u0022 media=\u0022(min-width: 48.0625em) and (max-width: 64em)\u0022 type=\u0022image\/webp\u0022 width=\u0022119\u0022 height=\u0022242\u0022\/\u003E\n                  \u003Csource srcset=\u0022\/sites\/default\/files\/styles\/teaser_standard__l\/public\/aurora\/2022\/08\/217793.jpeg.webp?itok=kyh_0rpu 1x\u0022 media=\u0022(min-width: 64.0625em)\u0022 type=\u0022image\/webp\u0022 width=\u002275\u0022 height=\u0022152\u0022\/\u003E\n                  \u003Csource srcset=\u0022\/sites\/default\/files\/styles\/teaser_standard__m\/public\/aurora\/2022\/08\/217793.jpeg?itok=2cIle88p 1x\u0022 media=\u0022(min-width: 48.0625em) and (max-width: 64em)\u0022 type=\u0022image\/jpeg\u0022 width=\u0022119\u0022 height=\u0022242\u0022\/\u003E\n                  \u003Csource srcset=\u0022\/sites\/default\/files\/styles\/teaser_standard__l\/public\/aurora\/2022\/08\/217793.jpeg?itok=nhIxAnAy 1x\u0022 media=\u0022(min-width: 64.0625em)\u0022 type=\u0022image\/jpeg\u0022 width=\u002275\u0022 height=\u0022152\u0022\/\u003E\n                          \u003Cimg loading=\u0022eager\u0022 data-caption-hide width=\u0022196\u0022 height=\u0022398\u0022 data-zoomed=\u0022https:\/\/www.kl-magazin.de\/sites\/default\/files\/styles\/content__zoomed\/public\/aurora\/2022\/08\/217793.jpeg?itok=Hrep2Gx9\u0022 src=\u0022\/sites\/default\/files\/styles\/teaser_standard__s\/public\/aurora\/2022\/08\/217793.jpeg?itok=vxfBgsiE\u0022 title=\u0022\u00a9 Schiedel\n\u0022 \/\u003E\n\n    \u003C\/picture\u003E\n      \u003Cfigcaption class=\u0022image--figcaption\u0022\u003E\n          \u003Cdiv class=\u0022copyright\u0022\u003ESchiedel\n\u003C\/div\u003E\n          \u003C\/figcaption\u003E\n\u003C\/figure\u003E\n\n\n    \u003C\/div\u003E\n    \u003Cdiv class=\u0022teaser-content\u0022\u003E\n                    \u003Cdiv class=\u0022teaser-content--kicker\u0022\u003E\n                    Heizen mit Holz\n        \u003C\/div\u003E\n                                              \n                        \n        \u003Ch4 class=\u0022teaser-content--headline\u0022\u003E\n                                Nachhaltig statt \n                              \u003Cspan class=\u0022headline-last-word-arrow\u0022\u003Ekostspielig                      \u003C\/span\u003E\n        \u003C\/h4\u003E\n            \u003Cdiv class=\u0022teaser-content--publishing-date\u0022\u003E\u003Ctime datetime=\u00222022-08-19T09:32:19Z\u0022\u003E19.08.2022\u003C\/time\u003E\n\u003C\/div\u003E\u003Cspan class=\u0022teaser-content--publishing-date-divider\u0022\u003E - \u003C\/span\u003E\u003Cdiv class=\u0022teaser-content--body\u0022\u003E\u003Cp\u003EHauseigentu\u0308mern und Mietern wird es aktuell beim Blick auf die Nebenkosten zu Recht angst und bange. Die Energiepreise kennen derzeit nur eine Richtung \u2013 steil nach oben. Der Betrieb von Gas- und \u00d6lheizungen wird immer teurer und die Abh\u00e4ngigkeit vom Energielieferanten ist hoch. Heizungen auf Basis erneuerbarer Energien wie zum Beispiel holzbasierte Brennstoffe sind umweltfreundlich, CO\u003Csub\u003E2-\u003C\/sub\u003Enetural und kommen aus der regionalen Forstwirtschaft. Der Umstieg \u201evon fossil auf erneuerbar\u201c ist daher nicht nur im Neubau eine lohnende Investition.\u0026nbsp;\u003C\/p\u003E\n\u003C\/div\u003E\n                        \u003Cspan class=\u0022read-more-arrow-container\u0022\u003E\n            \u003Cspan class=\u0022read-more-angled-arrow\u0022\u003E \u003C\/span\u003E\n          \u003C\/span\u003E\n                  \u003C\/div\u003E\n    \u003C\/a\u003E\n\u003Ca href=\u0022\/schornstein\/vizepraesident-und-vorstand-finanzen-schornsteinfegerhandwerk-andreas-peeters-aus\u0022  class=\u0022teaser teaser--standard\u0022 aria-label=\u0022Andreas Peeters aus Wachtendonk im Amt best\u00e4tigt\u0022\u003E\n      \u003Cdiv class=\u0022teaser-content--image\u0022\u003E\n        \u003Cfigure class=\u0022image--figure\u0022\u003E\n        \u003Cpicture\u003E\n                        \u003Csource srcset=\u0022\/sites\/default\/files\/styles\/teaser_standard__m\/public\/aurora\/2022\/07\/212803.jpeg.webp?itok=LAlvUoMp 1x\u0022 media=\u0022(min-width: 48.0625em) and (max-width: 64em)\u0022 type=\u0022image\/webp\u0022 width=\u0022182\u0022 height=\u0022242\u0022\/\u003E\n                  \u003Csource srcset=\u0022\/sites\/default\/files\/styles\/teaser_standard__l\/public\/aurora\/2022\/07\/212803.jpeg.webp?itok=v5IWZpau 1x\u0022 media=\u0022(min-width: 64.0625em)\u0022 type=\u0022image\/webp\u0022 width=\u0022114\u0022 height=\u0022152\u0022\/\u003E\n                  \u003Csource srcset=\u0022\/sites\/default\/files\/styles\/teaser_standard__m\/public\/aurora\/2022\/07\/212803.jpeg?itok=A1CgXcZY 1x\u0022 media=\u0022(min-width: 48.0625em) and (max-width: 64em)\u0022 type=\u0022image\/jpeg\u0022 width=\u0022182\u0022 height=\u0022242\u0022\/\u003E\n                  \u003Csource srcset=\u0022\/sites\/default\/files\/styles\/teaser_standard__l\/public\/aurora\/2022\/07\/212803.jpeg?itok=mDzYjRR2 1x\u0022 media=\u0022(min-width: 64.0625em)\u0022 type=\u0022image\/jpeg\u0022 width=\u0022114\u0022 height=\u0022152\u0022\/\u003E\n                          \u003Cimg loading=\u0022eager\u0022 data-caption-hide width=\u0022299\u0022 height=\u0022398\u0022 data-zoomed=\u0022https:\/\/www.kl-magazin.de\/sites\/default\/files\/styles\/content__zoomed\/public\/aurora\/2022\/07\/212803.jpeg?itok=samRThnN\u0022 src=\u0022\/sites\/default\/files\/styles\/teaser_standard__s\/public\/aurora\/2022\/07\/212803.jpeg?itok=MS3v-sB3\u0022 title=\u0022\u00a9 Schornsteinfegerhandwerk\n\u0022 \/\u003E\n\n    \u003C\/picture\u003E\n      \u003Cfigcaption class=\u0022image--figcaption\u0022\u003E\n          \u003Cdiv class=\u0022copyright\u0022\u003ESchornsteinfegerhandwerk\n\u003C\/div\u003E\n          \u003C\/figcaption\u003E\n\u003C\/figure\u003E\n\n\n    \u003C\/div\u003E\n    \u003Cdiv class=\u0022teaser-content\u0022\u003E\n                    \u003Cdiv class=\u0022teaser-content--kicker\u0022\u003E\n                    Vizepr\u00e4sident und Vorstand Finanzen Schornsteinfegerhandwerk\n        \u003C\/div\u003E\n                                              \n                        \n        \u003Ch4 class=\u0022teaser-content--headline\u0022\u003E\n                                Andreas Peeters aus Wachtendonk im Amt \n                              \u003Cspan class=\u0022headline-last-word-arrow\u0022\u003Ebest\u00e4tigt                      \u003C\/span\u003E\n        \u003C\/h4\u003E\n            \u003Cdiv class=\u0022teaser-content--publishing-date\u0022\u003E\u003Ctime datetime=\u00222022-07-25T12:51:34Z\u0022\u003E25.07.2022\u003C\/time\u003E\n\u003C\/div\u003E\u003Cspan class=\u0022teaser-content--publishing-date-divider\u0022\u003E - \u003C\/span\u003E\u003Cdiv class=\u0022teaser-content--body\u0022\u003E\u003Cp\u003ESeit dem 9. Juni 2022 hat der Bundesverband des Schornsteinfegerhandwerks einen neuen Vorstand. Andreas Peerters aus Wachtendonk wurde als einziges Vorstandsmitglied inseinem bisherigen Amt als Vizepr\u00e4sident und Vorstand Finanzen best\u00e4tigt. Neben der Vertretung des Pr\u00e4sidenten geh\u00f6rt damit das Ressort Finanzen weiterhin zu seinem Wirkungsbereich.\u003C\/p\u003E\n\u003C\/div\u003E\n                        \u003Cspan class=\u0022read-more-arrow-container\u0022\u003E\n            \u003Cspan class=\u0022read-more-angled-arrow\u0022\u003E \u003C\/span\u003E\n          \u003C\/span\u003E\n                  \u003C\/div\u003E\n    \u003C\/a\u003E\n\u003Ca href=\u0022\/schornstein\/bundesverband-des-schornsteinhandwerks-ressort-energie-wird-aufgebaut\u0022  class=\u0022teaser teaser--standard\u0022 aria-label=\u0022Ressort Energie wird aufgebaut\u0022\u003E\n      \u003Cdiv class=\u0022teaser-content--image\u0022\u003E\n        \u003Cfigure class=\u0022image--figure\u0022\u003E\n        \u003Cpicture\u003E\n                        \u003Csource srcset=\u0022\/sites\/default\/files\/styles\/teaser_standard__m\/public\/aurora\/2022\/07\/209399.jpeg.webp?itok=0aPUEWS8 1x\u0022 media=\u0022(min-width: 48.0625em) and (max-width: 64em)\u0022 type=\u0022image\/webp\u0022 width=\u0022170\u0022 height=\u0022242\u0022\/\u003E\n                  \u003Csource srcset=\u0022\/sites\/default\/files\/styles\/teaser_standard__l\/public\/aurora\/2022\/07\/209399.jpeg.webp?itok=-PXAWCin 1x\u0022 media=\u0022(min-width: 64.0625em)\u0022 type=\u0022image\/webp\u0022 width=\u0022107\u0022 height=\u0022152\u0022\/\u003E\n                  \u003Csource srcset=\u0022\/sites\/default\/files\/styles\/teaser_standard__m\/public\/aurora\/2022\/07\/209399.jpeg?itok=J-xbGS6G 1x\u0022 media=\u0022(min-width: 48.0625em) and (max-width: 64em)\u0022 type=\u0022image\/jpeg\u0022 width=\u0022170\u0022 height=\u0022242\u0022\/\u003E\n                  \u003Csource srcset=\u0022\/sites\/default\/files\/styles\/teaser_standard__l\/public\/aurora\/2022\/07\/209399.jpeg?itok=0lEtGj0P 1x\u0022 media=\u0022(min-width: 64.0625em)\u0022 type=\u0022image\/jpeg\u0022 width=\u0022107\u0022 height=\u0022152\u0022\/\u003E\n                          \u003Cimg alt=\u0022Dr.-Ing. Julian Schwark aus Blankenhain in Thu\u0308ringen.\u0022 loading=\u0022eager\u0022 data-caption-hide width=\u0022279\u0022 height=\u0022398\u0022 data-zoomed=\u0022https:\/\/www.kl-magazin.de\/sites\/default\/files\/styles\/content__zoomed\/public\/aurora\/2022\/07\/209399.jpeg?itok=tlyRvjnV\u0022 src=\u0022\/sites\/default\/files\/styles\/teaser_standard__s\/public\/aurora\/2022\/07\/209399.jpeg?itok=28qmZS3W\u0022 title=\u0022\u00a9 Schornsteinfegerverband\n\u0022 \/\u003E\n\n    \u003C\/picture\u003E\n      \u003Cfigcaption class=\u0022image--figcaption\u0022\u003E\n          \u003Cdiv class=\u0022copyright\u0022\u003ESchornsteinfegerverband\n\u003C\/div\u003E\n          \u003C\/figcaption\u003E\n\u003C\/figure\u003E\n\n\n    \u003C\/div\u003E\n    \u003Cdiv class=\u0022teaser-content\u0022\u003E\n                    \u003Cdiv class=\u0022teaser-content--kicker\u0022\u003E\n                    Bundesverband des Schornsteinhandwerks\n        \u003C\/div\u003E\n                                              \n                        \n        \u003Ch4 class=\u0022teaser-content--headline\u0022\u003E\n                                Ressort Energie wird \n                              \u003Cspan class=\u0022headline-last-word-arrow\u0022\u003Eaufgebaut                      \u003C\/span\u003E\n        \u003C\/h4\u003E\n            \u003Cdiv class=\u0022teaser-content--publishing-date\u0022\u003E\u003Ctime datetime=\u00222022-07-11T08:50:51Z\u0022\u003E11.07.2022\u003C\/time\u003E\n\u003C\/div\u003E\u003Cspan class=\u0022teaser-content--publishing-date-divider\u0022\u003E - \u003C\/span\u003E\u003Cdiv class=\u0022teaser-content--body\u0022\u003E\u003Cp\u003ESeit dem 1. Juli 2022 hat der Bundesverband des Schornsteinfegerhandwerks Verst\u00e4rkung in seinem Team fu\u0308r das neu eingerichtete Ressort Energie bekommen.\u0026nbsp;\u003C\/p\u003E\n\u003C\/div\u003E\n                        \u003Cspan class=\u0022read-more-arrow-container\u0022\u003E\n            \u003Cspan class=\u0022read-more-angled-arrow\u0022\u003E \u003C\/span\u003E\n          \u003C\/span\u003E\n                  \u003C\/div\u003E\n    \u003C\/a\u003E\n\u003Ca href=\u0022\/schornstein\/die-zukunft-im-blick-schornstein-ist-garant-fuer-vielfaeltige-heizsysteme\u0022  class=\u0022teaser teaser--standard\u0022 aria-label=\u0022Schornstein ist Garant f\u00fcr vielf\u00e4ltige Heizsysteme\u0022\u003E\n      \u003Cdiv class=\u0022teaser-content--image\u0022\u003E\n        \u003Cfigure class=\u0022image--figure\u0022\u003E\n        \u003Cpicture\u003E\n                        \u003Csource srcset=\u0022\/sites\/default\/files\/styles\/teaser_standard__m\/public\/aurora\/2022\/07\/208865.jpeg.webp?itok=FpaT6k7P 1x\u0022 media=\u0022(min-width: 48.0625em) and (max-width: 64em)\u0022 type=\u0022image\/webp\u0022 width=\u0022107\u0022 height=\u0022242\u0022\/\u003E\n                  \u003Csource srcset=\u0022\/sites\/default\/files\/styles\/teaser_standard__l\/public\/aurora\/2022\/07\/208865.jpeg.webp?itok=feg5GIVj 1x\u0022 media=\u0022(min-width: 64.0625em)\u0022 type=\u0022image\/webp\u0022 width=\u002267\u0022 height=\u0022152\u0022\/\u003E\n                  \u003Csource srcset=\u0022\/sites\/default\/files\/styles\/teaser_standard__m\/public\/aurora\/2022\/07\/208865.jpeg?itok=ERVHiRdL 1x\u0022 media=\u0022(min-width: 48.0625em) and (max-width: 64em)\u0022 type=\u0022image\/jpeg\u0022 width=\u0022107\u0022 height=\u0022242\u0022\/\u003E\n                  \u003Csource srcset=\u0022\/sites\/default\/files\/styles\/teaser_standard__l\/public\/aurora\/2022\/07\/208865.jpeg?itok=Pe2BUN1F 1x\u0022 media=\u0022(min-width: 64.0625em)\u0022 type=\u0022image\/jpeg\u0022 width=\u002267\u0022 height=\u0022152\u0022\/\u003E\n                          \u003Cimg alt=\u0022Ein Schornstein erh\u00f6ht die Flexibilit\u00e4t und Unabh\u00e4ngigkeit bei der W\u00e4rmeversorgung\u00a0\u0022 loading=\u0022eager\u0022 data-caption-hide width=\u0022176\u0022 height=\u0022398\u0022 data-zoomed=\u0022https:\/\/www.kl-magazin.de\/sites\/default\/files\/styles\/content__zoomed\/public\/aurora\/2022\/07\/208865.jpeg?itok=UgF1rbDA\u0022 src=\u0022\/sites\/default\/files\/styles\/teaser_standard__s\/public\/aurora\/2022\/07\/208865.jpeg?itok=k7L6loxS\u0022 title=\u0022\u00a9 HKI\/Schiedel\n\u0022 \/\u003E\n\n    \u003C\/picture\u003E\n      \u003Cfigcaption class=\u0022image--figcaption\u0022\u003E\n          \u003Cdiv class=\u0022copyright\u0022\u003EHKI\/Schiedel\n\u003C\/div\u003E\n          \u003C\/figcaption\u003E\n\u003C\/figure\u003E\n\n\n    \u003C\/div\u003E\n    \u003Cdiv class=\u0022teaser-content\u0022\u003E\n                    \u003Cdiv class=\u0022teaser-content--kicker\u0022\u003E\n                    Die Zukunft im Blick\n        \u003C\/div\u003E\n                                              \n                        \n        \u003Ch4 class=\u0022teaser-content--headline\u0022\u003E\n                                Schornstein ist Garant f\u00fcr vielf\u00e4ltige \n                              \u003Cspan class=\u0022headline-last-word-arrow\u0022\u003EHeizsysteme                      \u003C\/span\u003E\n        \u003C\/h4\u003E\n            \u003Cdiv class=\u0022teaser-content--publishing-date\u0022\u003E\u003Ctime datetime=\u00222022-07-07T06:34:10Z\u0022\u003E07.07.2022\u003C\/time\u003E\n\u003C\/div\u003E\u003Cspan class=\u0022teaser-content--publishing-date-divider\u0022\u003E - \u003C\/span\u003E\u003Cdiv class=\u0022teaser-content--body\u0022\u003E\u003Cp\u003ESteigende Energiepreise, technologische Innovationen, synthetische Kraftstoffe, W\u00e4rmepumpe und Solarenergie \u0096 keiner wei\u00df wirklich, wie die Energie der Zukunft aussieht und was das f\u00fcr die Geb\u00e4udetechnik bedeutet. Auch w\u00fcnschen sich viele Immobilienbesitzer fr\u00fcher oder sp\u00e4ter eine zus\u00e4tzliche W\u00e4rmequelle wie ein Kaminfeuer, das an einen Schornstein angeschlossen werden muss. Doch seit Jahresbeginn gibt es neue Regeln f\u00fcr den Einbau von Schornsteinen in Wohnh\u00e4usern. Darauf weist der HKI Industrieverband Haus-, Heiz- und K\u00fcchentechnik e.V. hin. Vor diesem Hintergrund sollte jeder, der einen Neubau plant, auch an den Schornstein denken, da die nachtr\u00e4gliche Installation mit einem baulichen und finanziellen Mehraufwand verbunden ist.\u003C\/p\u003E\n\u003C\/div\u003E\n                        \u003Cspan class=\u0022read-more-arrow-container\u0022\u003E\n            \u003Cspan class=\u0022read-more-angled-arrow\u0022\u003E \u003C\/span\u003E\n          \u003C\/span\u003E\n                  \u003C\/div\u003E\n    \u003C\/a\u003E\n\u003Ca href=\u0022\/schornstein\/heizen-deutschland-mehr-dynamik-der-waermewende\u0022  class=\u0022teaser teaser--standard\u0022 aria-label=\u0022Mehr Dynamik in der W\u00e4rmewende\u0022\u003E\n      \u003Cdiv class=\u0022teaser-content--image\u0022\u003E\n        \u003Cfigure class=\u0022image--figure\u0022\u003E\n        \u003Cpicture\u003E\n                        \u003Csource srcset=\u0022\/sites\/default\/files\/styles\/teaser_standard__m\/public\/aurora\/2022\/06\/207548.png.webp?itok=72ILzst3 1x\u0022 media=\u0022(min-width: 48.0625em) and (max-width: 64em)\u0022 type=\u0022image\/webp\u0022 width=\u0022323\u0022 height=\u0022195\u0022\/\u003E\n                  \u003Csource srcset=\u0022\/sites\/default\/files\/styles\/teaser_standard__l\/public\/aurora\/2022\/06\/207548.png.webp?itok=QQ3g7tHx 1x\u0022 media=\u0022(min-width: 64.0625em)\u0022 type=\u0022image\/webp\u0022 width=\u0022203\u0022 height=\u0022122\u0022\/\u003E\n                  \u003Csource srcset=\u0022\/sites\/default\/files\/styles\/teaser_standard__m\/public\/aurora\/2022\/06\/207548.png?itok=KfKu6QX5 1x\u0022 media=\u0022(min-width: 48.0625em) and (max-width: 64em)\u0022 type=\u0022image\/png\u0022 width=\u0022323\u0022 height=\u0022195\u0022\/\u003E\n                  \u003Csource srcset=\u0022\/sites\/default\/files\/styles\/teaser_standard__l\/public\/aurora\/2022\/06\/207548.png?itok=pcAPzDzN 1x\u0022 media=\u0022(min-width: 64.0625em)\u0022 type=\u0022image\/png\u0022 width=\u0022203\u0022 height=\u0022122\u0022\/\u003E\n                          \u003Cimg alt=\u0022Der Energieberater hilft bei der Umsetzung von W\u00e4rmekonzepten.\u0022 loading=\u0022eager\u0022 data-caption-hide width=\u0022660\u0022 height=\u0022398\u0022 data-zoomed=\u0022https:\/\/www.kl-magazin.de\/sites\/default\/files\/styles\/content__zoomed\/public\/aurora\/2022\/06\/207548.png?itok=Wyttu_Qe\u0022 src=\u0022\/sites\/default\/files\/styles\/teaser_standard__s\/public\/aurora\/2022\/06\/207548.png?itok=uQkznLNP\u0022 title=\u0022\u00a9 Bundesverband Schornsteinfegerhandwerk\n\u0022 \/\u003E\n\n    \u003C\/picture\u003E\n      \u003Cfigcaption class=\u0022image--figcaption\u0022\u003E\n          \u003Cdiv class=\u0022copyright\u0022\u003EBundesverband Schornsteinfegerhandwerk\n\u003C\/div\u003E\n          \u003C\/figcaption\u003E\n\u003C\/figure\u003E\n\n\n    \u003C\/div\u003E\n    \u003Cdiv class=\u0022teaser-content\u0022\u003E\n                    \u003Cdiv class=\u0022teaser-content--kicker\u0022\u003E\n                    Heizen in Deutschland\n        \u003C\/div\u003E\n                                              \n                        \n        \u003Ch4 class=\u0022teaser-content--headline\u0022\u003E\n                                Mehr Dynamik in der \n                              \u003Cspan class=\u0022headline-last-word-arrow\u0022\u003EW\u00e4rmewende                      \u003C\/span\u003E\n        \u003C\/h4\u003E\n            \u003Cdiv class=\u0022teaser-content--publishing-date\u0022\u003E\u003Ctime datetime=\u00222022-06-29T11:55:13Z\u0022\u003E29.06.2022\u003C\/time\u003E\n\u003C\/div\u003E\u003Cspan class=\u0022teaser-content--publishing-date-divider\u0022\u003E - \u003C\/span\u003E\u003Cdiv class=\u0022teaser-content--body\u0022\u003E\u003Cp\u003EUm sich unabh\u00e4ngiger von russischen Energielieferungen zu machen, stellt die Bundesregierung Lieferketten neu auf. W\u00e4hrend bei \u00d6l und Kohle bereits Fortschritte zu verzeichnen sind, gestaltet sich die Umstellung der Gasversorgung etwas schwieriger. Wie geht es also weiter in der n\u00e4chsten Heizsaison? Und wie viele Heizungen sind betroffen?\u003C\/p\u003E\n\u003C\/div\u003E\n                        \u003Cspan class=\u0022read-more-arrow-container\u0022\u003E\n            \u003Cspan class=\u0022read-more-angled-arrow\u0022\u003E \u003C\/span\u003E\n          \u003C\/span\u003E\n                  \u003C\/div\u003E\n    \u003C\/a\u003E\n\u003Ca href=\u0022\/schornstein\/gueckstour-der-schornsteinfeger-benefiz-radtour-machte-halt-bei-raab-luckenau\u0022  class=\u0022teaser teaser--standard\u0022 aria-label=\u0022Benefiz-Radtour machte Halt bei Raab in Luckenau\u0022\u003E\n      \u003Cdiv class=\u0022teaser-content--image\u0022\u003E\n        \u003Cfigure class=\u0022image--figure\u0022\u003E\n        \u003Cpicture\u003E\n                        \u003Csource srcset=\u0022\/sites\/default\/files\/styles\/teaser_standard__m\/public\/aurora\/2022\/06\/206795.jpeg.webp?itok=JxrNxK93 1x\u0022 media=\u0022(min-width: 48.0625em) and (max-width: 64em)\u0022 type=\u0022image\/webp\u0022 width=\u0022323\u0022 height=\u0022215\u0022\/\u003E\n                  \u003Csource srcset=\u0022\/sites\/default\/files\/styles\/teaser_standard__l\/public\/aurora\/2022\/06\/206795.jpeg.webp?itok=9_kT2ign 1x\u0022 media=\u0022(min-width: 64.0625em)\u0022 type=\u0022image\/webp\u0022 width=\u0022203\u0022 height=\u0022135\u0022\/\u003E\n                  \u003Csource srcset=\u0022\/sites\/default\/files\/styles\/teaser_standard__m\/public\/aurora\/2022\/06\/206795.jpeg?itok=OymXAkeW 1x\u0022 media=\u0022(min-width: 48.0625em) and (max-width: 64em)\u0022 type=\u0022image\/jpeg\u0022 width=\u0022323\u0022 height=\u0022215\u0022\/\u003E\n                  \u003Csource srcset=\u0022\/sites\/default\/files\/styles\/teaser_standard__l\/public\/aurora\/2022\/06\/206795.jpeg?itok=m83WV731 1x\u0022 media=\u0022(min-width: 64.0625em)\u0022 type=\u0022image\/jpeg\u0022 width=\u0022203\u0022 height=\u0022135\u0022\/\u003E\n                          \u003Cimg alt=\u0022Die Radfahrer \u00f6der Gl\u00fcckstour\u0022 loading=\u0022eager\u0022 data-caption-hide width=\u0022598\u0022 height=\u0022398\u0022 data-zoomed=\u0022https:\/\/www.kl-magazin.de\/sites\/default\/files\/styles\/content__zoomed\/public\/aurora\/2022\/06\/206795.jpeg?itok=Fqe-aezx\u0022 src=\u0022\/sites\/default\/files\/styles\/teaser_standard__s\/public\/aurora\/2022\/06\/206795.jpeg?itok=kdbQN59B\u0022 title=\u0022\u00a9 Raab-Gruppe\n\u0022 \/\u003E\n\n    \u003C\/picture\u003E\n      \u003Cfigcaption class=\u0022image--figcaption\u0022\u003E\n          \u003Cdiv class=\u0022copyright\u0022\u003ERaab-Gruppe\n\u003C\/div\u003E\n          \u003C\/figcaption\u003E\n\u003C\/figure\u003E\n\n\n    \u003C\/div\u003E\n    \u003Cdiv class=\u0022teaser-content\u0022\u003E\n                    \u003Cdiv class=\u0022teaser-content--kicker\u0022\u003E\n                    G\u00fcckstour der Schornsteinfeger\n        \u003C\/div\u003E\n                                              \n                        \n        \u003Ch4 class=\u0022teaser-content--headline\u0022\u003E\n                                Benefiz-Radtour machte Halt bei Raab in \n                              \u003Cspan class=\u0022headline-last-word-arrow\u0022\u003ELuckenau                      \u003C\/span\u003E\n        \u003C\/h4\u003E\n            \u003Cdiv class=\u0022teaser-content--publishing-date\u0022\u003E\u003Ctime datetime=\u00222022-06-27T06:22:27Z\u0022\u003E27.06.2022\u003C\/time\u003E\n\u003C\/div\u003E\u003Cspan class=\u0022teaser-content--publishing-date-divider\u0022\u003E - \u003C\/span\u003E\u003Cdiv class=\u0022teaser-content--body\u0022\u003E\u003Cp\u003EBereits zum 17. Mal sammeln Schornsteinfeger:innen auf ihrer Gl\u00fcckstour Spendengelder zugunsten von krebs- und schwerstkranken Kindern. Mit \u00fcber zwei Millionen Euro gesammelten Spendengeldern f\u00fcr krebskranke Kinder geh\u00f6rt die Gl\u00fcckstour zu den gr\u00f6\u00dften privaten Hilfsaktionen in Deutschland. Auf der Start-Etappe von Erfurt nach Leipzig am 1. Juni gab es auch einen Zwischenstopp im Zeitzer Ortsteil Luckenau im Burgenlandkreis auf dem Werksgel\u00e4nde der J. Raab GmbH.\u003C\/p\u003E\n\u003C\/div\u003E\n                        \u003Cspan class=\u0022read-more-arrow-container\u0022\u003E\n            \u003Cspan class=\u0022read-more-angled-arrow\u0022\u003E \u003C\/span\u003E\n          \u003C\/span\u003E\n                  \u003C\/div\u003E\n    \u003C\/a\u003E\n\u003Ca href=\u0022\/schornstein\/fuehrungswechsel-im-bundesverband-neuer-schornsteinfegerpraesident-kommt-aus-baden\u0022  class=\u0022teaser teaser--standard\u0022 aria-label=\u0022Neuer Schornsteinfegerpr\u00e4sident kommt aus Baden-W\u00fcrttemberg\u0022\u003E\n      \u003Cdiv class=\u0022teaser-content--image\u0022\u003E\n        \u003Cfigure class=\u0022image--figure\u0022\u003E\n        \u003Cpicture\u003E\n                        \u003Csource srcset=\u0022\/sites\/default\/files\/styles\/teaser_standard__m\/public\/aurora\/2022\/06\/203370.jpeg.webp?itok=Mz7iZZ68 1x\u0022 media=\u0022(min-width: 48.0625em) and (max-width: 64em)\u0022 type=\u0022image\/webp\u0022 width=\u0022161\u0022 height=\u0022242\u0022\/\u003E\n                  \u003Csource srcset=\u0022\/sites\/default\/files\/styles\/teaser_standard__l\/public\/aurora\/2022\/06\/203370.jpeg.webp?itok=Esb8Oc0t 1x\u0022 media=\u0022(min-width: 64.0625em)\u0022 type=\u0022image\/webp\u0022 width=\u0022101\u0022 height=\u0022152\u0022\/\u003E\n                  \u003Csource srcset=\u0022\/sites\/default\/files\/styles\/teaser_standard__m\/public\/aurora\/2022\/06\/203370.jpeg?itok=bgvA4N1b 1x\u0022 media=\u0022(min-width: 48.0625em) and (max-width: 64em)\u0022 type=\u0022image\/jpeg\u0022 width=\u0022161\u0022 height=\u0022242\u0022\/\u003E\n                  \u003Csource srcset=\u0022\/sites\/default\/files\/styles\/teaser_standard__l\/public\/aurora\/2022\/06\/203370.jpeg?itok=7Lg6g48a 1x\u0022 media=\u0022(min-width: 64.0625em)\u0022 type=\u0022image\/jpeg\u0022 width=\u0022101\u0022 height=\u0022152\u0022\/\u003E\n                          \u003Cimg alt=\u0022Alexis Gula\u0022 loading=\u0022eager\u0022 data-caption-hide width=\u0022265\u0022 height=\u0022398\u0022 data-zoomed=\u0022https:\/\/www.kl-magazin.de\/sites\/default\/files\/styles\/content__zoomed\/public\/aurora\/2022\/06\/203370.jpeg?itok=JVJfCNnh\u0022 src=\u0022\/sites\/default\/files\/styles\/teaser_standard__s\/public\/aurora\/2022\/06\/203370.jpeg?itok=cmI1gvgL\u0022 title=\u0022\u00a9 Schornsteinfegerverband\n\u0022 \/\u003E\n\n    \u003C\/picture\u003E\n      \u003Cfigcaption class=\u0022image--figcaption\u0022\u003E\n          \u003Cdiv class=\u0022copyright\u0022\u003ESchornsteinfegerverband\n\u003C\/div\u003E\n          \u003C\/figcaption\u003E\n\u003C\/figure\u003E\n\n\n    \u003C\/div\u003E\n    \u003Cdiv class=\u0022teaser-content\u0022\u003E\n                    \u003Cdiv class=\u0022teaser-content--kicker\u0022\u003E\n                    F\u00fchrungswechsel im Bundesverband\n        \u003C\/div\u003E\n                                              \n                        \n        \u003Ch4 class=\u0022teaser-content--headline\u0022\u003E\n                                Neuer Schornsteinfegerpr\u00e4sident kommt aus \n                              \u003Cspan class=\u0022headline-last-word-arrow\u0022\u003EBaden-W\u00fcrttemberg                      \u003C\/span\u003E\n        \u003C\/h4\u003E\n            \u003Cdiv class=\u0022teaser-content--publishing-date\u0022\u003E\u003Ctime datetime=\u00222022-06-10T07:49:13Z\u0022\u003E10.06.2022\u003C\/time\u003E\n\u003C\/div\u003E\u003Cspan class=\u0022teaser-content--publishing-date-divider\u0022\u003E - \u003C\/span\u003E\u003Cdiv class=\u0022teaser-content--body\u0022\u003E\u003Cp\u003EAlexis Gula hei\u00dft der neue Pr\u00e4sident des Bundesverbandes des Schornsteinfegerhandwerks. Am 9. Juni 2022 w\u00e4hlte die Mitgliederversammlung w\u00e4hrend des 138. Bundesverbandstages\u00b4 in Lu\u0308beck einen neuen Bundesvorstand und Pr\u00e4sidenten. Gemeinsam mit Alexis Gula u\u0308bernehmen ku\u0308nftig vier Vorst\u00e4nde die berufspolitische Interessenvertretung des Handwerks auf Bundesebene.\u003C\/p\u003E\n\u003C\/div\u003E\n                        \u003Cspan class=\u0022read-more-arrow-container\u0022\u003E\n            \u003Cspan class=\u0022read-more-angled-arrow\u0022\u003E \u003C\/span\u003E\n          \u003C\/span\u003E\n                  \u003C\/div\u003E\n    \u003C\/a\u003E\n\u003Ca href=\u0022\/schornstein\/atec-stellt-vor-der-vario-dachflansch\u0022  class=\u0022teaser teaser--standard\u0022 aria-label=\u0022Der Vario-Dachflansch\u0022\u003E\n      \u003Cdiv class=\u0022teaser-content--image\u0022\u003E\n        \u003Cfigure class=\u0022image--figure\u0022\u003E\n        \u003Cpicture\u003E\n                        \u003Csource srcset=\u0022\/sites\/default\/files\/styles\/teaser_standard__m\/public\/aurora\/2022\/05\/200566.jpeg.webp?itok=aL1jYwHv 1x\u0022 media=\u0022(min-width: 48.0625em) and (max-width: 64em)\u0022 type=\u0022image\/webp\u0022 width=\u0022272\u0022 height=\u0022242\u0022\/\u003E\n                  \u003Csource srcset=\u0022\/sites\/default\/files\/styles\/teaser_standard__l\/public\/aurora\/2022\/05\/200566.jpeg.webp?itok=ClzWdpL3 1x\u0022 media=\u0022(min-width: 64.0625em)\u0022 type=\u0022image\/webp\u0022 width=\u0022171\u0022 height=\u0022152\u0022\/\u003E\n                  \u003Csource srcset=\u0022\/sites\/default\/files\/styles\/teaser_standard__m\/public\/aurora\/2022\/05\/200566.jpeg?itok=NHrRm-1b 1x\u0022 media=\u0022(min-width: 48.0625em) and (max-width: 64em)\u0022 type=\u0022image\/jpeg\u0022 width=\u0022272\u0022 height=\u0022242\u0022\/\u003E\n                  \u003Csource srcset=\u0022\/sites\/default\/files\/styles\/teaser_standard__l\/public\/aurora\/2022\/05\/200566.jpeg?itok=UTBRVmYM 1x\u0022 media=\u0022(min-width: 64.0625em)\u0022 type=\u0022image\/jpeg\u0022 width=\u0022171\u0022 height=\u0022152\u0022\/\u003E\n                          \u003Cimg alt=\u0022Den Vario-Dachflansch gibt es in zwei Neigungsvarianten und jeweils acht Nennweiten .\u0022 loading=\u0022eager\u0022 data-caption-hide width=\u0022448\u0022 height=\u0022398\u0022 data-zoomed=\u0022https:\/\/www.kl-magazin.de\/sites\/default\/files\/styles\/content__zoomed\/public\/aurora\/2022\/05\/200566.jpeg?itok=ZJn9gRhJ\u0022 src=\u0022\/sites\/default\/files\/styles\/teaser_standard__s\/public\/aurora\/2022\/05\/200566.jpeg?itok=9vuSB15n\u0022 title=\u0022\u00a9 ATEC GmbH \u0026amp; Co. KG, Neu Wulmstorf\n\u0022 \/\u003E\n\n    \u003C\/picture\u003E\n      \u003Cfigcaption class=\u0022image--figcaption\u0022\u003E\n          \u003Cdiv class=\u0022copyright\u0022\u003EATEC GmbH \u0026 Co. KG, Neu Wulmstorf\n\u003C\/div\u003E\n          \u003C\/figcaption\u003E\n\u003C\/figure\u003E\n\n\n    \u003C\/div\u003E\n    \u003Cdiv class=\u0022teaser-content\u0022\u003E\n                    \u003Cdiv class=\u0022teaser-content--kicker\u0022\u003E\n                    ATEC stellt vor\n        \u003C\/div\u003E\n                                              \n                        \n        \u003Ch4 class=\u0022teaser-content--headline\u0022\u003E\n                                Der \n                              \u003Cspan class=\u0022headline-last-word-arrow\u0022\u003EVario-Dachflansch                      \u003C\/span\u003E\n        \u003C\/h4\u003E\n            \u003Cdiv class=\u0022teaser-content--publishing-date\u0022\u003E\u003Ctime datetime=\u00222022-05-29T14:51:02Z\u0022\u003E29.05.2022\u003C\/time\u003E\n\u003C\/div\u003E\u003Cspan class=\u0022teaser-content--publishing-date-divider\u0022\u003E - \u003C\/span\u003E\u003Cdiv class=\u0022teaser-content--body\u0022\u003E\u003Cp\u003EDer neue Vario-Dachflansch stabilisiert metallische und Kunststoff-Abgasanlagen bei der Durchf\u00fchrung. Laut dem Abgasspezialisten ATEC GmbH \u0026amp; Co. KG aus Neu Wulmstorf kann er mit hoher Passgenauigkeit auf allen D\u00e4chern montiert werden. Die Auswahl erfolgt anhand der Dachneigung und der erforderlichen Nennweite. Zudem ist der Flansch f\u00fcr Temperaturklassen T200 und T250 geeignet \u2013 und das hat sich ATEC mit einer Allgemeinen Bauartgenehmigung zertifizieren lassen.\u003C\/p\u003E\n\u003C\/div\u003E\n                        \u003Cspan class=\u0022read-more-arrow-container\u0022\u003E\n            \u003Cspan class=\u0022read-more-angled-arrow\u0022\u003E \u003C\/span\u003E\n          \u003C\/span\u003E\n                  \u003C\/div\u003E\n    \u003C\/a\u003E\n","entity_type":"node","used_ids":["",256791,246426,246207,242976,220669,220232,215327,212680,208405,207946,195798,194333,193458,192881,192799,192295,191961,191495,190936],"show_more":""}]